{"id":1327,"date":"2014-12-01T12:13:23","date_gmt":"2014-12-01T10:13:23","guid":{"rendered":"https:\/\/blogautosphere.creatic-agency.fr\/le-mystere-de-la-porsche-356-du-lac-des-quatre-cantons\/"},"modified":"2022-11-22T11:16:12","modified_gmt":"2022-11-22T09:16:12","slug":"le-mystere-de-la-porsche-356-du-lac-des-quatre-cantons","status":"publish","type":"post","link":"https:\/\/www.autosphere.fr\/blog\/le-mystere-de-la-porsche-356-du-lac-des-quatre-cantons\/","title":{"rendered":"Le myst\u00e8re de la Porsche 356 du lac des Quatre-Cantons"},"content":{"rendered":"<div class=\"custom-post-container\">\n<p style=\"text-align: justify;\">Le 25 octobre, une \u00e9quipe de plongeurs du club Poseidon de Lucerne, en Suisse, a remont\u00e9 du fond du Lac des Quatre-Cantons une Porsche 356 Pr\u00e9-A laissant libre court aux plus folles rumeurs.<\/p>\n<p style=\"text-align: justify;\">Fond\u00e9 en 1970, le Tauchsportgruppe Poseidon Luzern a remont\u00e9 \u00e0 la surface pas moins de 200 bateaux, 40 automobiles et m\u00eame un avion. Mais le 17 mai dernier, \u00e0 l\u2019occasion de la journ\u00e9e annuelle de pr\u00e9vention sur la s\u00e9curit\u00e9, le groupe de plongeurs a fait une \u00e9tonnante d\u00e9couverte. Une Porsche 356, qui se r\u00e9v\u00e9la plus tard une 356 Pr\u00e9-A, soit la toute premi\u00e8re s\u00e9rie (1948-1954) \u00e0 porter le nom de son fondateur, gisant par 8 m\u00e8tres de fond en un endroit isol\u00e9 du Lac des Quatre-Cantons.&nbsp;<\/p>\n<p><img decoding=\"async\" src=\"https:\/\/www.autosphere.fr\/blog\/wp-content\/uploads\/2022\/11\/31ca6680c38bf4e55d27e2dc8723f85a.jpg\"><\/p>\n<p><img decoding=\"async\" src=\"https:\/\/www.autosphere.fr\/blog\/wp-content\/uploads\/2022\/11\/46f01d2f1a641cc4bd44479b4c412704.jpg\"><\/p>\n<p style=\"text-align: justify;\">La topographie du site et des alentours excluent qu\u2019il s\u2019agisse d\u2019un accident de la route qui ne fut jamais port\u00e9 \u00e0 la connaissance des autorit\u00e9s.<\/p>\n<h2>Sur les lieux d\u2019un crime ?<\/h2>\n<p><img decoding=\"async\" src=\"https:\/\/www.autosphere.fr\/blog\/wp-content\/uploads\/2022\/11\/e5a5f3c648f3e5ec78114d0922910db2.jpg\"><\/p>\n<p style=\"text-align: justify;\">Habitu\u00e9s \u00e0 remonter des \u00e9paves \u00e0 la surface gr\u00e2ce \u00e0 leur bateau, le Kon-Tiki, les dirigeants du club furent dans un premier temps stopp\u00e9s par la police. En effet, \u00e0 l\u2019\u00e9cart d\u2019une route et face \u00e0 une barre rocheuse, les plongeurs n\u2019\u00e9voluaient-ils pas au milieu d\u2019une sc\u00e8ne de crime ? Le parquet a finalement donn\u00e9 son autorisation pour remonter l\u2019\u00e9pave le 25 octobre. Lors d\u2019une premi\u00e8re analyse en compagnie du Pr\u00e9sident du Club Porsche 356 Suisse, Franck Baumann, les enqu\u00eateurs furent rapidement orient\u00e9s vers une simple fraude \u00e0 l\u2019assurance plut\u00f4t que le crime plus ou moins crapuleux auquel tout le monde pensait.<\/p>\n<p><img decoding=\"async\" src=\"https:\/\/www.autosphere.fr\/blog\/wp-content\/uploads\/2022\/11\/5479d9d84e074e3b71aaa9364d53cc78.jpg\"><\/p>\n<p style=\"text-align: justify;\">L\u2019absence de cadavre (d\u2019un squelette ni plus, ni moins), mais aussi du moteur sont des \u00e9l\u00e9ments qui vont en ce sens. Toujours est-il que la carrosserie de la 356 Pr\u00e9-A est dans un piteux \u00e9tat, ayant souffert de plusieurs d\u00e9cennies de corrosion dans l\u2019eau et ne semblant plus tenir qu&#8217;\u00e0 la gr\u00e2ce des algues et des moules ! Sera-t-il possible de trouver un num\u00e9ro de s\u00e9rie permettant l\u2019identification du dernier propri\u00e9taire ? Tel est le d\u00e9fi des enqu\u00eateurs. Ne reste plus qu\u2019\u00e0 savoir ce que deviendra cette \u00e9pave. Nous sommes pr\u00eat \u00e0 parier qu\u2019elle deviendra apr\u00e8s l&#8217;instruction une oeuvre d\u2019art !<\/p>\n<p style=\"text-align: justify;\">Toutes ces photos et bien plus encore sont \u00e0 retrouver sur le&nbsp;<a href=\"https:\/\/www.flickr.com\/photos\/amagautomobile\/15649078025\/in\/photostream\/\" target=\"_blank\" rel=\"noopener\">flickr<\/a> d&#8217;une affaire d\u00e9taill\u00e9e par&nbsp;<a href=\"http:\/\/autoblog.amag.ch\/fr\/engloutie-par-les-flots-et-tombee-dans-loubli-lancetre-de-la-porsche-repechee\/\" target=\"_blank\" rel=\"noopener\">Autoblog<\/a>.<\/p>\n<\/div>\n","protected":false},"excerpt":{"rendered":"<p>Le 25 octobre, une \u00e9quipe de plongeurs du club Poseidon de Lucerne, en Suisse, a remont\u00e9 du fond du Lac des Quatre-Cantons une Porsche 356 Pr\u00e9-A laissant libre court aux plus folles rumeurs. Fond\u00e9 en 1970, le Tauchsportgruppe Poseidon Luzern a remont\u00e9 \u00e0 la surface pas moins de 200 bateaux, 40 automobiles et m\u00eame un [&hellip;]<\/p>\n","protected":false},"author":3,"featured_media":1328,"comment_status":"open","ping_status":"open","sticky":false,"template":"","format":"standard","meta":{"_acf_changed":false,"footnotes":""},"categories":[2],"tags":[],"marque":[70],"class_list":["post-1327","post","type-post","status-publish","format-standard","has-post-thumbnail","hentry","category-actualites","marque-porsche"],"acf":[],"yoast_head":"<!-- This site is optimized with the Yoast SEO plugin v27.2 - https:\/\/yoast.com\/product\/yoast-seo-wordpress\/ -->\n<title>Le myst\u00e8re de la Porsche 356 du lac des Quatre-Cantons - Blog Autosphere<\/title>\n<meta name=\"robots\" content=\"index, follow, max-snippet:-1, max-image-preview:large, max-video-preview:-1\" \/>\n<link rel=\"canonical\" href=\"https:\/\/www.autosphere.fr\/blog\/le-mystere-de-la-porsche-356-du-lac-des-quatre-cantons\/\" \/>\n<meta property=\"og:locale\" content=\"fr_FR\" \/>\n<meta property=\"og:type\" content=\"article\" \/>\n<meta property=\"og:title\" content=\"Le myst\u00e8re de la Porsche 356 du lac des Quatre-Cantons - Blog Autosphere\" \/>\n<meta property=\"og:description\" content=\"Le 25 octobre, une \u00e9quipe de plongeurs du club Poseidon de Lucerne, en Suisse, a remont\u00e9 du fond du Lac des Quatre-Cantons une Porsche 356 Pr\u00e9-A laissant libre court aux plus folles rumeurs. Fond\u00e9 en 1970, le Tauchsportgruppe Poseidon Luzern a remont\u00e9 \u00e0 la surface pas moins de 200 bateaux, 40 automobiles et m\u00eame un [&hellip;]\" \/>\n<meta property=\"og:url\" content=\"https:\/\/www.autosphere.fr\/blog\/le-mystere-de-la-porsche-356-du-lac-des-quatre-cantons\/\" \/>\n<meta property=\"og:site_name\" content=\"Blog Autosphere\" \/>\n<meta property=\"article:publisher\" content=\"https:\/\/www.facebook.com\/autosphere\" \/>\n<meta property=\"article:published_time\" content=\"2014-12-01T10:13:23+00:00\" \/>\n<meta property=\"article:modified_time\" content=\"2022-11-22T09:16:12+00:00\" \/>\n<meta property=\"og:image\" content=\"https:\/\/www.autosphere.fr\/blog\/wp-content\/uploads\/2022\/11\/627206f9d23333977fa055fb3defd011.jpg\" \/>\n\t<meta property=\"og:image:width\" content=\"400\" \/>\n\t<meta property=\"og:image:height\" content=\"210\" \/>\n\t<meta property=\"og:image:type\" content=\"image\/jpeg\" \/>\n<meta name=\"author\" content=\"Florent CHEDOZEAU\" \/>\n<meta name=\"twitter:card\" content=\"summary_large_image\" \/>\n<meta name=\"twitter:label1\" content=\"\u00c9crit par\" \/>\n\t<meta name=\"twitter:data1\" content=\"Florent CHEDOZEAU\" \/>\n\t<meta name=\"twitter:label2\" content=\"Dur\u00e9e de lecture estim\u00e9e\" \/>\n\t<meta name=\"twitter:data2\" content=\"2 minutes\" \/>\n<!-- \/ Yoast SEO plugin. -->","yoast_head_json":{"title":"Le myst\u00e8re de la Porsche 356 du lac des Quatre-Cantons - Blog Autosphere","robots":{"index":"index","follow":"follow","max-snippet":"max-snippet:-1","max-image-preview":"max-image-preview:large","max-video-preview":"max-video-preview:-1"},"canonical":"https:\/\/www.autosphere.fr\/blog\/le-mystere-de-la-porsche-356-du-lac-des-quatre-cantons\/","og_locale":"fr_FR","og_type":"article","og_title":"Le myst\u00e8re de la Porsche 356 du lac des Quatre-Cantons - Blog Autosphere","og_description":"Le 25 octobre, une \u00e9quipe de plongeurs du club Poseidon de Lucerne, en Suisse, a remont\u00e9 du fond du Lac des Quatre-Cantons une Porsche 356 Pr\u00e9-A laissant libre court aux plus folles rumeurs. Fond\u00e9 en 1970, le Tauchsportgruppe Poseidon Luzern a remont\u00e9 \u00e0 la surface pas moins de 200 bateaux, 40 automobiles et m\u00eame un [&hellip;]","og_url":"https:\/\/www.autosphere.fr\/blog\/le-mystere-de-la-porsche-356-du-lac-des-quatre-cantons\/","og_site_name":"Blog Autosphere","article_publisher":"https:\/\/www.facebook.com\/autosphere","article_published_time":"2014-12-01T10:13:23+00:00","article_modified_time":"2022-11-22T09:16:12+00:00","og_image":[{"width":400,"height":210,"url":"https:\/\/www.autosphere.fr\/blog\/wp-content\/uploads\/2022\/11\/627206f9d23333977fa055fb3defd011.jpg","type":"image\/jpeg"}],"author":"Florent CHEDOZEAU","twitter_card":"summary_large_image","twitter_misc":{"\u00c9crit par":"Florent CHEDOZEAU","Dur\u00e9e de lecture estim\u00e9e":"2 minutes"},"schema":{"@context":"https:\/\/schema.org","@graph":[{"@type":"Article","@id":"https:\/\/www.autosphere.fr\/blog\/le-mystere-de-la-porsche-356-du-lac-des-quatre-cantons\/#article","isPartOf":{"@id":"https:\/\/www.autosphere.fr\/blog\/le-mystere-de-la-porsche-356-du-lac-des-quatre-cantons\/"},"author":{"name":"Florent CHEDOZEAU","@id":"https:\/\/www.autosphere.fr\/blog\/#\/schema\/person\/157d3ac8c260cc43fa708dbfa8fe558d"},"headline":"Le myst\u00e8re de la Porsche 356 du lac des Quatre-Cantons","datePublished":"2014-12-01T10:13:23+00:00","dateModified":"2022-11-22T09:16:12+00:00","mainEntityOfPage":{"@id":"https:\/\/www.autosphere.fr\/blog\/le-mystere-de-la-porsche-356-du-lac-des-quatre-cantons\/"},"wordCount":410,"commentCount":0,"publisher":{"@id":"https:\/\/www.autosphere.fr\/blog\/#organization"},"image":{"@id":"https:\/\/www.autosphere.fr\/blog\/le-mystere-de-la-porsche-356-du-lac-des-quatre-cantons\/#primaryimage"},"thumbnailUrl":"https:\/\/www.autosphere.fr\/blog\/wp-content\/uploads\/2022\/11\/627206f9d23333977fa055fb3defd011.jpg","articleSection":["Actualit\u00e9s"],"inLanguage":"fr-FR","potentialAction":[{"@type":"CommentAction","name":"Comment","target":["https:\/\/www.autosphere.fr\/blog\/le-mystere-de-la-porsche-356-du-lac-des-quatre-cantons\/#respond"]}]},{"@type":"WebPage","@id":"https:\/\/www.autosphere.fr\/blog\/le-mystere-de-la-porsche-356-du-lac-des-quatre-cantons\/","url":"https:\/\/www.autosphere.fr\/blog\/le-mystere-de-la-porsche-356-du-lac-des-quatre-cantons\/","name":"Le myst\u00e8re de la Porsche 356 du lac des Quatre-Cantons - Blog Autosphere","isPartOf":{"@id":"https:\/\/www.autosphere.fr\/blog\/#website"},"primaryImageOfPage":{"@id":"https:\/\/www.autosphere.fr\/blog\/le-mystere-de-la-porsche-356-du-lac-des-quatre-cantons\/#primaryimage"},"image":{"@id":"https:\/\/www.autosphere.fr\/blog\/le-mystere-de-la-porsche-356-du-lac-des-quatre-cantons\/#primaryimage"},"thumbnailUrl":"https:\/\/www.autosphere.fr\/blog\/wp-content\/uploads\/2022\/11\/627206f9d23333977fa055fb3defd011.jpg","datePublished":"2014-12-01T10:13:23+00:00","dateModified":"2022-11-22T09:16:12+00:00","breadcrumb":{"@id":"https:\/\/www.autosphere.fr\/blog\/le-mystere-de-la-porsche-356-du-lac-des-quatre-cantons\/#breadcrumb"},"inLanguage":"fr-FR","potentialAction":[{"@type":"ReadAction","target":["https:\/\/www.autosphere.fr\/blog\/le-mystere-de-la-porsche-356-du-lac-des-quatre-cantons\/"]}]},{"@type":"ImageObject","inLanguage":"fr-FR","@id":"https:\/\/www.autosphere.fr\/blog\/le-mystere-de-la-porsche-356-du-lac-des-quatre-cantons\/#primaryimage","url":"https:\/\/www.autosphere.fr\/blog\/wp-content\/uploads\/2022\/11\/627206f9d23333977fa055fb3defd011.jpg","contentUrl":"https:\/\/www.autosphere.fr\/blog\/wp-content\/uploads\/2022\/11\/627206f9d23333977fa055fb3defd011.jpg","width":400,"height":210},{"@type":"BreadcrumbList","@id":"https:\/\/www.autosphere.fr\/blog\/le-mystere-de-la-porsche-356-du-lac-des-quatre-cantons\/#breadcrumb","itemListElement":[{"@type":"ListItem","position":1,"name":"Accueil","item":"https:\/\/www.autosphere.fr\/blog\/"},{"@type":"ListItem","position":2,"name":"Le myst\u00e8re de la Porsche 356 du lac des Quatre-Cantons"}]},{"@type":"WebSite","@id":"https:\/\/www.autosphere.fr\/blog\/#website","url":"https:\/\/www.autosphere.fr\/blog\/","name":"Blog Autosphere","description":"","publisher":{"@id":"https:\/\/www.autosphere.fr\/blog\/#organization"},"potentialAction":[{"@type":"SearchAction","target":{"@type":"EntryPoint","urlTemplate":"https:\/\/www.autosphere.fr\/blog\/?s={search_term_string}"},"query-input":{"@type":"PropertyValueSpecification","valueRequired":true,"valueName":"search_term_string"}}],"inLanguage":"fr-FR"},{"@type":"Organization","@id":"https:\/\/www.autosphere.fr\/blog\/#organization","name":"Blog Autosphere","url":"https:\/\/www.autosphere.fr\/blog\/","logo":{"@type":"ImageObject","inLanguage":"fr-FR","@id":"https:\/\/www.autosphere.fr\/blog\/#\/schema\/logo\/image\/","url":"https:\/\/www.autosphere.fr\/blog\/wp-content\/uploads\/2022\/11\/le-blog-autosphere.png","contentUrl":"https:\/\/www.autosphere.fr\/blog\/wp-content\/uploads\/2022\/11\/le-blog-autosphere.png","width":241,"height":35,"caption":"Blog Autosphere"},"image":{"@id":"https:\/\/www.autosphere.fr\/blog\/#\/schema\/logo\/image\/"},"sameAs":["https:\/\/www.facebook.com\/autosphere","https:\/\/www.instagram.com\/autosphere"]},{"@type":"Person","@id":"https:\/\/www.autosphere.fr\/blog\/#\/schema\/person\/157d3ac8c260cc43fa708dbfa8fe558d","name":"Florent CHEDOZEAU","url":"https:\/\/www.autosphere.fr\/blog\/author\/florent-chedozeau\/"}]}},"_links":{"self":[{"href":"https:\/\/www.autosphere.fr\/blog\/wp-json\/wp\/v2\/posts\/1327","targetHints":{"allow":["GET"]}}],"collection":[{"href":"https:\/\/www.autosphere.fr\/blog\/wp-json\/wp\/v2\/posts"}],"about":[{"href":"https:\/\/www.autosphere.fr\/blog\/wp-json\/wp\/v2\/types\/post"}],"author":[{"embeddable":true,"href":"https:\/\/www.autosphere.fr\/blog\/wp-json\/wp\/v2\/users\/3"}],"replies":[{"embeddable":true,"href":"https:\/\/www.autosphere.fr\/blog\/wp-json\/wp\/v2\/comments?post=1327"}],"version-history":[{"count":1,"href":"https:\/\/www.autosphere.fr\/blog\/wp-json\/wp\/v2\/posts\/1327\/revisions"}],"predecessor-version":[{"id":3583,"href":"https:\/\/www.autosphere.fr\/blog\/wp-json\/wp\/v2\/posts\/1327\/revisions\/3583"}],"wp:featuredmedia":[{"embeddable":true,"href":"https:\/\/www.autosphere.fr\/blog\/wp-json\/wp\/v2\/media\/1328"}],"wp:attachment":[{"href":"https:\/\/www.autosphere.fr\/blog\/wp-json\/wp\/v2\/media?parent=1327"}],"wp:term":[{"taxonomy":"category","embeddable":true,"href":"https:\/\/www.autosphere.fr\/blog\/wp-json\/wp\/v2\/categories?post=1327"},{"taxonomy":"post_tag","embeddable":true,"href":"https:\/\/www.autosphere.fr\/blog\/wp-json\/wp\/v2\/tags?post=1327"},{"taxonomy":"marque","embeddable":true,"href":"https:\/\/www.autosphere.fr\/blog\/wp-json\/wp\/v2\/marque?post=1327"}],"curies":[{"name":"wp","href":"https:\/\/api.w.org\/{rel}","templated":true}]}}