{"id":1437,"date":"2015-03-04T08:41:01","date_gmt":"2015-03-04T06:41:01","guid":{"rendered":"https:\/\/blogautosphere.creatic-agency.fr\/les-super-sportives-de-geneve-2015\/"},"modified":"2022-11-22T11:16:15","modified_gmt":"2022-11-22T09:16:15","slug":"les-super-sportives-de-geneve-2015","status":"publish","type":"post","link":"https:\/\/www.autosphere.fr\/blog\/les-super-sportives-de-geneve-2015\/","title":{"rendered":"Les super-sportives de Gen\u00e8ve 2015"},"content":{"rendered":"<div class=\"custom-post-container\">\n<p style=\"text-align: justify;\">Bien que g\u00e9n\u00e9raliste, le salon automobile de Gen\u00e8ve est consid\u00e9r\u00e9 \u00e0 juste titre comme le plus luxueux et sportif. Ce n\u2019est pas par hasard que quelques uns des constructeurs les plus prestigieux y pr\u00e9sentent nouveaut\u00e9s, concept et show-off. Petit tour d\u2019horizon des mod\u00e8les aussi spectaculaires qu\u2019inabordables.<\/p>\n<h2>La plus puissante : Koenigsegg Regera<\/h2>\n<p><img decoding=\"async\" src=\"https:\/\/www.autosphere.fr\/blog\/wp-content\/uploads\/2022\/11\/0cdc8cae1a3a3f76a77e66cc1e62d03d.jpg\"><\/p>\n<p style=\"text-align: justify;\">Non content de pr\u00e9senter une Agera RS de 1 160 chevaux, le constructeur su\u00e9dois Koenigsegg pr\u00e9sente \u00e0 Gen\u00e8ve la Regera. Une megacar de 1 500 chevaux par l\u2019association d\u2019un V8 5,0l de 800 chevaux et de trois blocs \u00e9lectriques qui fournissent 700 autres \u00e9quid\u00e9s. Le 0 \u00e0 400 km\/h serait accompli en seulement 20 secondes. C\u2019est 35 de mieux qu\u2019une Bugatti Veyron\u2026 \u00c0 quoi elle servira ? Pas \u00e0 grand chose et l\u2019on voit mal dans quelle cat\u00e9gorie GT elle pourrait s\u2019introduire. 80 exemplaires seront fabriqu\u00e9s pour autant de m\u00e9galo-millardaires.<\/p>\n<h2>La plus spectaculaire : Lamborghini Aventador LP750-4 SV<\/h2>\n<p style=\"text-align: justify;\">\u00c0 c\u00f4t\u00e9 de la Regera, l\u2019Aventador Super Veloce a presque l\u2019air d\u2019une citadine ! \u00c0 peine 750 chevaux pour cette version SV plus puissante et plus l\u00e9g\u00e8re que la version de s\u00e9rie sortie en 2011. Et puis 327 190\u20ac, c\u2019est donn\u00e9 !<\/p>\n<p><iframe width=\"560\" height=\"315\" src=\"https:\/\/www.youtube.com\/embed\/ql94IYUrwXY\" frameborder=\"0\" allowfullscreen=\"\"><\/iframe><\/p>\n<h2>La plus bizarre : Aston Martin DBX Concept<\/h2>\n<p><img decoding=\"async\" src=\"https:\/\/www.autosphere.fr\/blog\/wp-content\/uploads\/2022\/11\/04a533bcca68e533c801eb9498439a20.jpg\"><\/p>\n<p style=\"text-align: justify;\">Aux c\u00f4t\u00e9s de la Lagonda, de la Vantage GT3 et de la Vulcan, Aston Martin pr\u00e9sente un concept de GT plut\u00f4t haut perch\u00e9. Motorisation \u00e9lectrique, quatre roues motrices\u2026 Un aper\u00e7u de l\u2019Aston Martin d\u2019ici 10 ans ? <\/p>\n<h2>La plus \u00e9mouvante : Bugatti Veyron La Finale<\/h2>\n<p><img decoding=\"async\" src=\"https:\/\/www.autosphere.fr\/blog\/wp-content\/uploads\/2022\/11\/b0f54b239ef1d3670045b558f990a963.jpg\"><\/p>\n<p style=\"text-align: justify;\">La 450e et derni\u00e8re Bugatti Veyron (Grand Sport Vitesse) produite est expos\u00e9e \u00e0 Gen\u00e8ve avant de rejoindre son propri\u00e9taire au Moyen Orient. Baptis\u00e9e La Finale, elle met un terme \u00e0 la carri\u00e8re de la plus puissante voiture de s\u00e9rie jamais produite en son temps avec ses 1 001 chevaux (celle-ci en fait 1 200), qui fut \u00e9galement un gouffre financier sans pr\u00e9c\u00e9dent pour le groupe Volkswagen. N\u00e9anmoins la manufacture alsacienne travaille sur un nouveau projet afin de consolider et accro\u00eetre le march\u00e9 cr\u00e9\u00e9 par la Veyron. On n\u2019en sait pas plus.<\/p>\n<h2>La plus nostalgique : McLaren P1 GTR<\/h2>\n<p><img decoding=\"async\" src=\"https:\/\/www.autosphere.fr\/blog\/wp-content\/uploads\/2022\/11\/8b8e62e1e1a82d6949779ff28c469c3a.jpg\"><\/p>\n<p style=\"text-align: justify;\">Pr\u00e9sent\u00e9e au grand public voil\u00e0 2 ans \u00e0 Gen\u00e8ve, la McLaren P1 revient sur les rives du lac L\u00e9man, sauf que cette ann\u00e9e, l\u2019hypercar anglaise se pr\u00e9sente en version pistarde (GTR), aux couleurs jaunes et vertes rappelant la F1 GTR Harrods qui se classa 3e des 24 Heures du Mans 1995, 6e l\u2019ann\u00e9e suivante. En position centrale arri\u00e8re, le V8 3,8l de Woking distille 1 000 chevaux (au-lieu des 916 de s\u00e9rie) en association avec le bloc \u00e9lectrique (800 thermiques + 200 \u00e9lectriques).<\/p>\n<h2>La plus inconnue : GTA Spano<\/h2>\n<p style=\"text-align: justify;\">Exclusive et espagnole, la GTA Spano et le nouveau mod\u00e8le d\u2019une aventure d\u00e9but\u00e9e en 2009. Rappelant ce qu\u2019il fait aujourd\u2019hui chez McLaren et Lexus (LFA), la supercar espagnole est mu\u00e9e par un monstrueux (Dodge) V10 8,0l d\u00e9livrant jusqu\u2019\u00e0 952 chevaux (et 1 220 Nm). Le 0 \u00e0 100 km\/h est formalis\u00e9 en 2,9 secondes, une vitesse maximale de 370 km\/h. L\u2019ultra sportive est un march\u00e9 qui a \u00e9galement ses petits artisans. Le constructeur espagnol produira 99 exemplaires de sa Spano.<\/p>\n<p><iframe width=\"560\" height=\"315\" src=\"https:\/\/www.youtube.com\/embed\/Y44zLhaIh0M\" frameborder=\"0\" allowfullscreen=\"\"><\/iframe><\/p>\n<h2>La plus incontournable : Porsche 911 GT3 RS<\/h2>\n<p style=\"text-align: justify;\">500 chevaux d\u00e9livr\u00e9s par le flat 6 4,0l. Un 0 \u00e0 100 km\/h abattu en 3,3 secondes. Une vitesse de pointe de 322 km\/h&#8230; La nouvelle Porsche 911 GT3 RS offre 50 chevaux de plus que la version pr\u00e9c\u00e9dente en d\u00e9pit d\u2019un poids l\u00e9g\u00e8rement sup\u00e9rieur (1 420 kg). Pistarde par d\u00e9finition, la GT3 RS promet d\u2019\u00eatre l\u2019une des stars des circuits du monde entier. Son lancement est pr\u00e9vu pour le mois de mai 2015. Son prix ? \u00c0 partir de 184 925\u20ac.<\/p>\n<p><iframe width=\"560\" height=\"315\" src=\"https:\/\/www.youtube.com\/embed\/Dy4XtKBqfjE\" frameborder=\"0\" allowfullscreen=\"\"><\/iframe><\/div>\n","protected":false},"excerpt":{"rendered":"<p>Bien que g\u00e9n\u00e9raliste, le salon automobile de Gen\u00e8ve est consid\u00e9r\u00e9 \u00e0 juste titre comme le plus luxueux et sportif. Ce n\u2019est pas par hasard que quelques uns des constructeurs les plus prestigieux y pr\u00e9sentent nouveaut\u00e9s, concept et show-off. Petit tour d\u2019horizon des mod\u00e8les aussi spectaculaires qu\u2019inabordables. La plus puissante : Koenigsegg Regera Non content de [&hellip;]<\/p>\n","protected":false},"author":3,"featured_media":1438,"comment_status":"open","ping_status":"open","sticky":false,"template":"","format":"standard","meta":{"_acf_changed":false,"footnotes":""},"categories":[2],"tags":[],"marque":[],"class_list":["post-1437","post","type-post","status-publish","format-standard","has-post-thumbnail","hentry","category-actualites"],"acf":[],"yoast_head":"<!-- This site is optimized with the Yoast SEO plugin v27.2 - https:\/\/yoast.com\/product\/yoast-seo-wordpress\/ -->\n<title>Les super-sportives de Gen\u00e8ve 2015 - Blog Autosphere<\/title>\n<meta name=\"robots\" content=\"index, follow, max-snippet:-1, max-image-preview:large, max-video-preview:-1\" \/>\n<link rel=\"canonical\" href=\"https:\/\/www.autosphere.fr\/blog\/les-super-sportives-de-geneve-2015\/\" \/>\n<meta property=\"og:locale\" content=\"fr_FR\" \/>\n<meta property=\"og:type\" content=\"article\" \/>\n<meta property=\"og:title\" content=\"Les super-sportives de Gen\u00e8ve 2015 - Blog Autosphere\" \/>\n<meta property=\"og:description\" content=\"Bien que g\u00e9n\u00e9raliste, le salon automobile de Gen\u00e8ve est consid\u00e9r\u00e9 \u00e0 juste titre comme le plus luxueux et sportif. Ce n\u2019est pas par hasard que quelques uns des constructeurs les plus prestigieux y pr\u00e9sentent nouveaut\u00e9s, concept et show-off. Petit tour d\u2019horizon des mod\u00e8les aussi spectaculaires qu\u2019inabordables. La plus puissante : Koenigsegg Regera Non content de [&hellip;]\" \/>\n<meta property=\"og:url\" content=\"https:\/\/www.autosphere.fr\/blog\/les-super-sportives-de-geneve-2015\/\" \/>\n<meta property=\"og:site_name\" content=\"Blog Autosphere\" \/>\n<meta property=\"article:publisher\" content=\"https:\/\/www.facebook.com\/autosphere\" \/>\n<meta property=\"article:published_time\" content=\"2015-03-04T06:41:01+00:00\" \/>\n<meta property=\"article:modified_time\" content=\"2022-11-22T09:16:15+00:00\" \/>\n<meta property=\"og:image\" content=\"https:\/\/www.autosphere.fr\/blog\/wp-content\/uploads\/2022\/11\/5533e34f55d962e73f01ffe123721466.jpg\" \/>\n\t<meta property=\"og:image:width\" content=\"400\" \/>\n\t<meta property=\"og:image:height\" content=\"210\" \/>\n\t<meta property=\"og:image:type\" content=\"image\/jpeg\" \/>\n<meta name=\"author\" content=\"Florent CHEDOZEAU\" \/>\n<meta name=\"twitter:card\" content=\"summary_large_image\" \/>\n<meta name=\"twitter:label1\" content=\"\u00c9crit par\" \/>\n\t<meta name=\"twitter:data1\" content=\"Florent CHEDOZEAU\" \/>\n\t<meta name=\"twitter:label2\" content=\"Dur\u00e9e de lecture estim\u00e9e\" \/>\n\t<meta name=\"twitter:data2\" content=\"3 minutes\" \/>\n<!-- \/ Yoast SEO plugin. -->","yoast_head_json":{"title":"Les super-sportives de Gen\u00e8ve 2015 - Blog Autosphere","robots":{"index":"index","follow":"follow","max-snippet":"max-snippet:-1","max-image-preview":"max-image-preview:large","max-video-preview":"max-video-preview:-1"},"canonical":"https:\/\/www.autosphere.fr\/blog\/les-super-sportives-de-geneve-2015\/","og_locale":"fr_FR","og_type":"article","og_title":"Les super-sportives de Gen\u00e8ve 2015 - Blog Autosphere","og_description":"Bien que g\u00e9n\u00e9raliste, le salon automobile de Gen\u00e8ve est consid\u00e9r\u00e9 \u00e0 juste titre comme le plus luxueux et sportif. Ce n\u2019est pas par hasard que quelques uns des constructeurs les plus prestigieux y pr\u00e9sentent nouveaut\u00e9s, concept et show-off. Petit tour d\u2019horizon des mod\u00e8les aussi spectaculaires qu\u2019inabordables. La plus puissante : Koenigsegg Regera Non content de [&hellip;]","og_url":"https:\/\/www.autosphere.fr\/blog\/les-super-sportives-de-geneve-2015\/","og_site_name":"Blog Autosphere","article_publisher":"https:\/\/www.facebook.com\/autosphere","article_published_time":"2015-03-04T06:41:01+00:00","article_modified_time":"2022-11-22T09:16:15+00:00","og_image":[{"width":400,"height":210,"url":"https:\/\/www.autosphere.fr\/blog\/wp-content\/uploads\/2022\/11\/5533e34f55d962e73f01ffe123721466.jpg","type":"image\/jpeg"}],"author":"Florent CHEDOZEAU","twitter_card":"summary_large_image","twitter_misc":{"\u00c9crit par":"Florent CHEDOZEAU","Dur\u00e9e de lecture estim\u00e9e":"3 minutes"},"schema":{"@context":"https:\/\/schema.org","@graph":[{"@type":"Article","@id":"https:\/\/www.autosphere.fr\/blog\/les-super-sportives-de-geneve-2015\/#article","isPartOf":{"@id":"https:\/\/www.autosphere.fr\/blog\/les-super-sportives-de-geneve-2015\/"},"author":{"name":"Florent CHEDOZEAU","@id":"https:\/\/www.autosphere.fr\/blog\/#\/schema\/person\/157d3ac8c260cc43fa708dbfa8fe558d"},"headline":"Les super-sportives de Gen\u00e8ve 2015","datePublished":"2015-03-04T06:41:01+00:00","dateModified":"2022-11-22T09:16:15+00:00","mainEntityOfPage":{"@id":"https:\/\/www.autosphere.fr\/blog\/les-super-sportives-de-geneve-2015\/"},"wordCount":620,"commentCount":0,"publisher":{"@id":"https:\/\/www.autosphere.fr\/blog\/#organization"},"image":{"@id":"https:\/\/www.autosphere.fr\/blog\/les-super-sportives-de-geneve-2015\/#primaryimage"},"thumbnailUrl":"https:\/\/www.autosphere.fr\/blog\/wp-content\/uploads\/2022\/11\/5533e34f55d962e73f01ffe123721466.jpg","articleSection":["Actualit\u00e9s"],"inLanguage":"fr-FR","potentialAction":[{"@type":"CommentAction","name":"Comment","target":["https:\/\/www.autosphere.fr\/blog\/les-super-sportives-de-geneve-2015\/#respond"]}]},{"@type":"WebPage","@id":"https:\/\/www.autosphere.fr\/blog\/les-super-sportives-de-geneve-2015\/","url":"https:\/\/www.autosphere.fr\/blog\/les-super-sportives-de-geneve-2015\/","name":"Les super-sportives de Gen\u00e8ve 2015 - Blog Autosphere","isPartOf":{"@id":"https:\/\/www.autosphere.fr\/blog\/#website"},"primaryImageOfPage":{"@id":"https:\/\/www.autosphere.fr\/blog\/les-super-sportives-de-geneve-2015\/#primaryimage"},"image":{"@id":"https:\/\/www.autosphere.fr\/blog\/les-super-sportives-de-geneve-2015\/#primaryimage"},"thumbnailUrl":"https:\/\/www.autosphere.fr\/blog\/wp-content\/uploads\/2022\/11\/5533e34f55d962e73f01ffe123721466.jpg","datePublished":"2015-03-04T06:41:01+00:00","dateModified":"2022-11-22T09:16:15+00:00","breadcrumb":{"@id":"https:\/\/www.autosphere.fr\/blog\/les-super-sportives-de-geneve-2015\/#breadcrumb"},"inLanguage":"fr-FR","potentialAction":[{"@type":"ReadAction","target":["https:\/\/www.autosphere.fr\/blog\/les-super-sportives-de-geneve-2015\/"]}]},{"@type":"ImageObject","inLanguage":"fr-FR","@id":"https:\/\/www.autosphere.fr\/blog\/les-super-sportives-de-geneve-2015\/#primaryimage","url":"https:\/\/www.autosphere.fr\/blog\/wp-content\/uploads\/2022\/11\/5533e34f55d962e73f01ffe123721466.jpg","contentUrl":"https:\/\/www.autosphere.fr\/blog\/wp-content\/uploads\/2022\/11\/5533e34f55d962e73f01ffe123721466.jpg","width":400,"height":210},{"@type":"BreadcrumbList","@id":"https:\/\/www.autosphere.fr\/blog\/les-super-sportives-de-geneve-2015\/#breadcrumb","itemListElement":[{"@type":"ListItem","position":1,"name":"Accueil","item":"https:\/\/www.autosphere.fr\/blog\/"},{"@type":"ListItem","position":2,"name":"Les super-sportives de Gen\u00e8ve 2015"}]},{"@type":"WebSite","@id":"https:\/\/www.autosphere.fr\/blog\/#website","url":"https:\/\/www.autosphere.fr\/blog\/","name":"Blog Autosphere","description":"","publisher":{"@id":"https:\/\/www.autosphere.fr\/blog\/#organization"},"potentialAction":[{"@type":"SearchAction","target":{"@type":"EntryPoint","urlTemplate":"https:\/\/www.autosphere.fr\/blog\/?s={search_term_string}"},"query-input":{"@type":"PropertyValueSpecification","valueRequired":true,"valueName":"search_term_string"}}],"inLanguage":"fr-FR"},{"@type":"Organization","@id":"https:\/\/www.autosphere.fr\/blog\/#organization","name":"Blog Autosphere","url":"https:\/\/www.autosphere.fr\/blog\/","logo":{"@type":"ImageObject","inLanguage":"fr-FR","@id":"https:\/\/www.autosphere.fr\/blog\/#\/schema\/logo\/image\/","url":"https:\/\/www.autosphere.fr\/blog\/wp-content\/uploads\/2022\/11\/le-blog-autosphere.png","contentUrl":"https:\/\/www.autosphere.fr\/blog\/wp-content\/uploads\/2022\/11\/le-blog-autosphere.png","width":241,"height":35,"caption":"Blog Autosphere"},"image":{"@id":"https:\/\/www.autosphere.fr\/blog\/#\/schema\/logo\/image\/"},"sameAs":["https:\/\/www.facebook.com\/autosphere","https:\/\/www.instagram.com\/autosphere"]},{"@type":"Person","@id":"https:\/\/www.autosphere.fr\/blog\/#\/schema\/person\/157d3ac8c260cc43fa708dbfa8fe558d","name":"Florent CHEDOZEAU","url":"https:\/\/www.autosphere.fr\/blog\/author\/florent-chedozeau\/"}]}},"_links":{"self":[{"href":"https:\/\/www.autosphere.fr\/blog\/wp-json\/wp\/v2\/posts\/1437","targetHints":{"allow":["GET"]}}],"collection":[{"href":"https:\/\/www.autosphere.fr\/blog\/wp-json\/wp\/v2\/posts"}],"about":[{"href":"https:\/\/www.autosphere.fr\/blog\/wp-json\/wp\/v2\/types\/post"}],"author":[{"embeddable":true,"href":"https:\/\/www.autosphere.fr\/blog\/wp-json\/wp\/v2\/users\/3"}],"replies":[{"embeddable":true,"href":"https:\/\/www.autosphere.fr\/blog\/wp-json\/wp\/v2\/comments?post=1437"}],"version-history":[{"count":1,"href":"https:\/\/www.autosphere.fr\/blog\/wp-json\/wp\/v2\/posts\/1437\/revisions"}],"predecessor-version":[{"id":3733,"href":"https:\/\/www.autosphere.fr\/blog\/wp-json\/wp\/v2\/posts\/1437\/revisions\/3733"}],"wp:featuredmedia":[{"embeddable":true,"href":"https:\/\/www.autosphere.fr\/blog\/wp-json\/wp\/v2\/media\/1438"}],"wp:attachment":[{"href":"https:\/\/www.autosphere.fr\/blog\/wp-json\/wp\/v2\/media?parent=1437"}],"wp:term":[{"taxonomy":"category","embeddable":true,"href":"https:\/\/www.autosphere.fr\/blog\/wp-json\/wp\/v2\/categories?post=1437"},{"taxonomy":"post_tag","embeddable":true,"href":"https:\/\/www.autosphere.fr\/blog\/wp-json\/wp\/v2\/tags?post=1437"},{"taxonomy":"marque","embeddable":true,"href":"https:\/\/www.autosphere.fr\/blog\/wp-json\/wp\/v2\/marque?post=1437"}],"curies":[{"name":"wp","href":"https:\/\/api.w.org\/{rel}","templated":true}]}}