{"id":1517,"date":"2015-05-14T11:04:49","date_gmt":"2015-05-14T09:04:49","guid":{"rendered":"https:\/\/blogautosphere.creatic-agency.fr\/une-chanson-pour-les-fans-de-gti\/"},"modified":"2022-11-22T11:16:17","modified_gmt":"2022-11-22T09:16:17","slug":"une-chanson-pour-les-fans-de-gti","status":"publish","type":"post","link":"https:\/\/www.autosphere.fr\/blog\/une-chanson-pour-les-fans-de-gti\/","title":{"rendered":"Une chanson pour les fans de GTI !"},"content":{"rendered":"<div class=\"custom-post-container\">\n<p style=\"text-align: justify;\">Plus grand rassemblement de passionn\u00e9s de Golf GTi (\u00e0 minima) d\u2019Europe, le W\u00f6rthersee Festival se voit proposer une fan song par Volkswagen. Attention les oreilles.<\/p>\n<p style=\"text-align: justify;\">\u00ab <em>Une chanson &#8211; une communaut\u00e9 <\/em>\u00bb voici comment Volkswagen pr\u00e9sente sa \u00ab <em>GTI song<\/em> \u00bb. Un parfait exemple de ce que la pop allemande est capable de r\u00e9aliser de pire. Du temps de sa splendeur, Michel M\u00fcller aurait certainement dit de cette chanson qu\u2019il ne \u00ab<em> fallait pas l\u2019inviter !<\/em> \u00bb Tant pis, c\u2019est fait ! D\u2019autant que les fans ont \u00e9t\u00e9 mis \u00e0 contribution comme le montre la seconde vid\u00e9o. Les paroles sont un m\u00e9lange d\u2019auto congratulations sur la passion commune pour la GTI et le W\u00f6rthersee. Pas certain que la population du festival autrichien go\u00fbte ce genre de niaiserie.<\/p>\n<p><iframe width=\"560\" height=\"315\" src=\"https:\/\/www.youtube.com\/embed\/IBRJkYmU2fQ\" frameborder=\"0\" allowfullscreen=\"\"><\/iframe><iframe width=\"560\" height=\"315\" src=\"https:\/\/www.youtube.com\/embed\/tuIK9JDp5-M\" frameborder=\"0\" allowfullscreen=\"\"><\/iframe><\/p>\n<h2>C\u2019\u00e9tait mieux en 1983 ?<\/h2>\n<p style=\"text-align: justify;\">Accompagner en chanson la Golf GTI, ce n\u2019est pas nouveau, c\u2019est m\u00eame \u00ab <em>so 80\u2019s<\/em> \u00bb ! En t\u00e9moigne cette publicit\u00e9 am\u00e9ricaine de 1983 pour la GTI de premi\u00e8re g\u00e9n\u00e9ration !<\/p>\n<p><iframe width=\"420\" height=\"315\" src=\"https:\/\/www.youtube.com\/embed\/3zcm4oS9IaM\" frameborder=\"0\" allowfullscreen=\"\"><\/iframe><\/p>\n<p style=\"text-align: justify;\">Un faux air de Beach Boys pour des paroles navrantes :<\/p>\n<p style=\"text-align: justify;\"><em>Petite GTI, <\/em><\/p>\n<p style=\"text-align: justify;\"><em>Tu es si mignonne !<\/em><\/p>\n<p style=\"text-align: justify;\"><em>J\u2019aime tellement te conduire, <\/em><\/p>\n<p style=\"text-align: justify;\"><em>Laisse la performance \u00e9clater !<\/em><\/p>\n<p style=\"text-align: justify;\"><em>\u00c9coutez quand elle d\u00e9marre.<\/em><\/p>\n<p style=\"text-align: justify;\"><em>Je tourne la cl\u00e9 de contact<\/em><\/p>\n<p style=\"text-align: justify;\"><em>Et elle est pr\u00eate \u00e0 partir.<\/em><\/p>\n<p style=\"text-align: justify;\"><em>\u2026<\/em><\/p>\n<p style=\"text-align: justify;\">Accompagner avec une chanson d\u00e9di\u00e9e la promotion d\u2019une voiture est toujours un exercice d\u00e9licat, qui doit rester dans son contexte (y compris lorsque&nbsp;<a href=\"https:\/\/www.autosphere.fr\/blog\/media\/buzz-et-insolite\/10-pub-auto-avec-des-stars-dedans-vol1-\/099\/\">Julien Clerc chante la Bx<\/a>) et qui vieillit tr\u00e8s mal. \u00c0 bon quoi insister ?<\/p>\n<p style=\"text-align: justify;\">\n<p>N.B : Nous vous avions parl\u00e9 du projet des apprentis de Volkswagen qui travaillaient sur une&nbsp;<a href=\"https:\/\/www.autosphere.fr\/blog\/media\/actualites\/worthersee-2015-les-apprentis-creent-la-gti-de-leurs-reves\/3195\/\">Golf GTI pour W\u00f6rthersee<\/a>, voici le r\u00e9sultat.<\/p>\n<p><img decoding=\"async\" src=\"https:\/\/www.autosphere.fr\/blog\/wp-content\/uploads\/2022\/11\/0d3d9fd6bb24296e023b3e3e859408b4.jpg\">&nbsp;<\/p>\n<\/div>\n","protected":false},"excerpt":{"rendered":"<p>Plus grand rassemblement de passionn\u00e9s de Golf GTi (\u00e0 minima) d\u2019Europe, le W\u00f6rthersee Festival se voit proposer une fan song par Volkswagen. Attention les oreilles. \u00ab Une chanson &#8211; une communaut\u00e9 \u00bb voici comment Volkswagen pr\u00e9sente sa \u00ab GTI song \u00bb. Un parfait exemple de ce que la pop allemande est capable de r\u00e9aliser de [&hellip;]<\/p>\n","protected":false},"author":3,"featured_media":1518,"comment_status":"open","ping_status":"open","sticky":false,"template":"","format":"standard","meta":{"_acf_changed":false,"footnotes":""},"categories":[2],"tags":[],"marque":[47],"class_list":["post-1517","post","type-post","status-publish","format-standard","has-post-thumbnail","hentry","category-actualites","marque-volkswagen"],"acf":[],"yoast_head":"<!-- This site is optimized with the Yoast SEO plugin v27.2 - https:\/\/yoast.com\/product\/yoast-seo-wordpress\/ -->\n<title>Une chanson pour les fans de GTI ! - Blog Autosphere<\/title>\n<meta name=\"robots\" content=\"index, follow, max-snippet:-1, max-image-preview:large, max-video-preview:-1\" \/>\n<link rel=\"canonical\" href=\"https:\/\/www.autosphere.fr\/blog\/une-chanson-pour-les-fans-de-gti\/\" \/>\n<meta property=\"og:locale\" content=\"fr_FR\" \/>\n<meta property=\"og:type\" content=\"article\" \/>\n<meta property=\"og:title\" content=\"Une chanson pour les fans de GTI ! - Blog Autosphere\" \/>\n<meta property=\"og:description\" content=\"Plus grand rassemblement de passionn\u00e9s de Golf GTi (\u00e0 minima) d\u2019Europe, le W\u00f6rthersee Festival se voit proposer une fan song par Volkswagen. Attention les oreilles. \u00ab Une chanson &#8211; une communaut\u00e9 \u00bb voici comment Volkswagen pr\u00e9sente sa \u00ab GTI song \u00bb. Un parfait exemple de ce que la pop allemande est capable de r\u00e9aliser de [&hellip;]\" \/>\n<meta property=\"og:url\" content=\"https:\/\/www.autosphere.fr\/blog\/une-chanson-pour-les-fans-de-gti\/\" \/>\n<meta property=\"og:site_name\" content=\"Blog Autosphere\" \/>\n<meta property=\"article:publisher\" content=\"https:\/\/www.facebook.com\/autosphere\" \/>\n<meta property=\"article:published_time\" content=\"2015-05-14T09:04:49+00:00\" \/>\n<meta property=\"article:modified_time\" content=\"2022-11-22T09:16:17+00:00\" \/>\n<meta property=\"og:image\" content=\"https:\/\/www.autosphere.fr\/blog\/wp-content\/uploads\/2022\/11\/c028bccbd129bd959421799c170543ef.jpg\" \/>\n\t<meta property=\"og:image:width\" content=\"400\" \/>\n\t<meta property=\"og:image:height\" content=\"210\" \/>\n\t<meta property=\"og:image:type\" content=\"image\/jpeg\" \/>\n<meta name=\"author\" content=\"Florent CHEDOZEAU\" \/>\n<meta name=\"twitter:card\" content=\"summary_large_image\" \/>\n<meta name=\"twitter:label1\" content=\"\u00c9crit par\" \/>\n\t<meta name=\"twitter:data1\" content=\"Florent CHEDOZEAU\" \/>\n\t<meta name=\"twitter:label2\" content=\"Dur\u00e9e de lecture estim\u00e9e\" \/>\n\t<meta name=\"twitter:data2\" content=\"1 minute\" \/>\n<!-- \/ Yoast SEO plugin. -->","yoast_head_json":{"title":"Une chanson pour les fans de GTI ! - Blog Autosphere","robots":{"index":"index","follow":"follow","max-snippet":"max-snippet:-1","max-image-preview":"max-image-preview:large","max-video-preview":"max-video-preview:-1"},"canonical":"https:\/\/www.autosphere.fr\/blog\/une-chanson-pour-les-fans-de-gti\/","og_locale":"fr_FR","og_type":"article","og_title":"Une chanson pour les fans de GTI ! - Blog Autosphere","og_description":"Plus grand rassemblement de passionn\u00e9s de Golf GTi (\u00e0 minima) d\u2019Europe, le W\u00f6rthersee Festival se voit proposer une fan song par Volkswagen. Attention les oreilles. \u00ab Une chanson &#8211; une communaut\u00e9 \u00bb voici comment Volkswagen pr\u00e9sente sa \u00ab GTI song \u00bb. Un parfait exemple de ce que la pop allemande est capable de r\u00e9aliser de [&hellip;]","og_url":"https:\/\/www.autosphere.fr\/blog\/une-chanson-pour-les-fans-de-gti\/","og_site_name":"Blog Autosphere","article_publisher":"https:\/\/www.facebook.com\/autosphere","article_published_time":"2015-05-14T09:04:49+00:00","article_modified_time":"2022-11-22T09:16:17+00:00","og_image":[{"width":400,"height":210,"url":"https:\/\/www.autosphere.fr\/blog\/wp-content\/uploads\/2022\/11\/c028bccbd129bd959421799c170543ef.jpg","type":"image\/jpeg"}],"author":"Florent CHEDOZEAU","twitter_card":"summary_large_image","twitter_misc":{"\u00c9crit par":"Florent CHEDOZEAU","Dur\u00e9e de lecture estim\u00e9e":"1 minute"},"schema":{"@context":"https:\/\/schema.org","@graph":[{"@type":"Article","@id":"https:\/\/www.autosphere.fr\/blog\/une-chanson-pour-les-fans-de-gti\/#article","isPartOf":{"@id":"https:\/\/www.autosphere.fr\/blog\/une-chanson-pour-les-fans-de-gti\/"},"author":{"name":"Florent CHEDOZEAU","@id":"https:\/\/www.autosphere.fr\/blog\/#\/schema\/person\/157d3ac8c260cc43fa708dbfa8fe558d"},"headline":"Une chanson pour les fans de GTI !","datePublished":"2015-05-14T09:04:49+00:00","dateModified":"2022-11-22T09:16:17+00:00","mainEntityOfPage":{"@id":"https:\/\/www.autosphere.fr\/blog\/une-chanson-pour-les-fans-de-gti\/"},"wordCount":288,"commentCount":0,"publisher":{"@id":"https:\/\/www.autosphere.fr\/blog\/#organization"},"image":{"@id":"https:\/\/www.autosphere.fr\/blog\/une-chanson-pour-les-fans-de-gti\/#primaryimage"},"thumbnailUrl":"https:\/\/www.autosphere.fr\/blog\/wp-content\/uploads\/2022\/11\/c028bccbd129bd959421799c170543ef.jpg","articleSection":["Actualit\u00e9s"],"inLanguage":"fr-FR","potentialAction":[{"@type":"CommentAction","name":"Comment","target":["https:\/\/www.autosphere.fr\/blog\/une-chanson-pour-les-fans-de-gti\/#respond"]}]},{"@type":"WebPage","@id":"https:\/\/www.autosphere.fr\/blog\/une-chanson-pour-les-fans-de-gti\/","url":"https:\/\/www.autosphere.fr\/blog\/une-chanson-pour-les-fans-de-gti\/","name":"Une chanson pour les fans de GTI ! - Blog Autosphere","isPartOf":{"@id":"https:\/\/www.autosphere.fr\/blog\/#website"},"primaryImageOfPage":{"@id":"https:\/\/www.autosphere.fr\/blog\/une-chanson-pour-les-fans-de-gti\/#primaryimage"},"image":{"@id":"https:\/\/www.autosphere.fr\/blog\/une-chanson-pour-les-fans-de-gti\/#primaryimage"},"thumbnailUrl":"https:\/\/www.autosphere.fr\/blog\/wp-content\/uploads\/2022\/11\/c028bccbd129bd959421799c170543ef.jpg","datePublished":"2015-05-14T09:04:49+00:00","dateModified":"2022-11-22T09:16:17+00:00","breadcrumb":{"@id":"https:\/\/www.autosphere.fr\/blog\/une-chanson-pour-les-fans-de-gti\/#breadcrumb"},"inLanguage":"fr-FR","potentialAction":[{"@type":"ReadAction","target":["https:\/\/www.autosphere.fr\/blog\/une-chanson-pour-les-fans-de-gti\/"]}]},{"@type":"ImageObject","inLanguage":"fr-FR","@id":"https:\/\/www.autosphere.fr\/blog\/une-chanson-pour-les-fans-de-gti\/#primaryimage","url":"https:\/\/www.autosphere.fr\/blog\/wp-content\/uploads\/2022\/11\/c028bccbd129bd959421799c170543ef.jpg","contentUrl":"https:\/\/www.autosphere.fr\/blog\/wp-content\/uploads\/2022\/11\/c028bccbd129bd959421799c170543ef.jpg","width":400,"height":210},{"@type":"BreadcrumbList","@id":"https:\/\/www.autosphere.fr\/blog\/une-chanson-pour-les-fans-de-gti\/#breadcrumb","itemListElement":[{"@type":"ListItem","position":1,"name":"Accueil","item":"https:\/\/www.autosphere.fr\/blog\/"},{"@type":"ListItem","position":2,"name":"Une chanson pour les fans de GTI !"}]},{"@type":"WebSite","@id":"https:\/\/www.autosphere.fr\/blog\/#website","url":"https:\/\/www.autosphere.fr\/blog\/","name":"Blog Autosphere","description":"","publisher":{"@id":"https:\/\/www.autosphere.fr\/blog\/#organization"},"potentialAction":[{"@type":"SearchAction","target":{"@type":"EntryPoint","urlTemplate":"https:\/\/www.autosphere.fr\/blog\/?s={search_term_string}"},"query-input":{"@type":"PropertyValueSpecification","valueRequired":true,"valueName":"search_term_string"}}],"inLanguage":"fr-FR"},{"@type":"Organization","@id":"https:\/\/www.autosphere.fr\/blog\/#organization","name":"Blog Autosphere","url":"https:\/\/www.autosphere.fr\/blog\/","logo":{"@type":"ImageObject","inLanguage":"fr-FR","@id":"https:\/\/www.autosphere.fr\/blog\/#\/schema\/logo\/image\/","url":"https:\/\/www.autosphere.fr\/blog\/wp-content\/uploads\/2022\/11\/le-blog-autosphere.png","contentUrl":"https:\/\/www.autosphere.fr\/blog\/wp-content\/uploads\/2022\/11\/le-blog-autosphere.png","width":241,"height":35,"caption":"Blog Autosphere"},"image":{"@id":"https:\/\/www.autosphere.fr\/blog\/#\/schema\/logo\/image\/"},"sameAs":["https:\/\/www.facebook.com\/autosphere","https:\/\/www.instagram.com\/autosphere"]},{"@type":"Person","@id":"https:\/\/www.autosphere.fr\/blog\/#\/schema\/person\/157d3ac8c260cc43fa708dbfa8fe558d","name":"Florent CHEDOZEAU","url":"https:\/\/www.autosphere.fr\/blog\/author\/florent-chedozeau\/"}]}},"_links":{"self":[{"href":"https:\/\/www.autosphere.fr\/blog\/wp-json\/wp\/v2\/posts\/1517","targetHints":{"allow":["GET"]}}],"collection":[{"href":"https:\/\/www.autosphere.fr\/blog\/wp-json\/wp\/v2\/posts"}],"about":[{"href":"https:\/\/www.autosphere.fr\/blog\/wp-json\/wp\/v2\/types\/post"}],"author":[{"embeddable":true,"href":"https:\/\/www.autosphere.fr\/blog\/wp-json\/wp\/v2\/users\/3"}],"replies":[{"embeddable":true,"href":"https:\/\/www.autosphere.fr\/blog\/wp-json\/wp\/v2\/comments?post=1517"}],"version-history":[{"count":1,"href":"https:\/\/www.autosphere.fr\/blog\/wp-json\/wp\/v2\/posts\/1517\/revisions"}],"predecessor-version":[{"id":3561,"href":"https:\/\/www.autosphere.fr\/blog\/wp-json\/wp\/v2\/posts\/1517\/revisions\/3561"}],"wp:featuredmedia":[{"embeddable":true,"href":"https:\/\/www.autosphere.fr\/blog\/wp-json\/wp\/v2\/media\/1518"}],"wp:attachment":[{"href":"https:\/\/www.autosphere.fr\/blog\/wp-json\/wp\/v2\/media?parent=1517"}],"wp:term":[{"taxonomy":"category","embeddable":true,"href":"https:\/\/www.autosphere.fr\/blog\/wp-json\/wp\/v2\/categories?post=1517"},{"taxonomy":"post_tag","embeddable":true,"href":"https:\/\/www.autosphere.fr\/blog\/wp-json\/wp\/v2\/tags?post=1517"},{"taxonomy":"marque","embeddable":true,"href":"https:\/\/www.autosphere.fr\/blog\/wp-json\/wp\/v2\/marque?post=1517"}],"curies":[{"name":"wp","href":"https:\/\/api.w.org\/{rel}","templated":true}]}}