{"id":1534,"date":"2015-05-28T14:37:20","date_gmt":"2015-05-28T12:37:20","guid":{"rendered":"https:\/\/blogautosphere.creatic-agency.fr\/les-francais-ne-sont-pas-prets-pour-lhybride-et-eolab\/"},"modified":"2022-11-22T11:16:17","modified_gmt":"2022-11-22T09:16:17","slug":"les-francais-ne-sont-pas-prets-pour-lhybride-et-eolab","status":"publish","type":"post","link":"https:\/\/www.autosphere.fr\/blog\/les-francais-ne-sont-pas-prets-pour-lhybride-et-eolab\/","title":{"rendered":"Les Fran\u00e7ais ne sont pas pr\u00eats pour l\u2019hybride (et Eolab)"},"content":{"rendered":"<div class=\"custom-post-container\">\n<p style=\"text-align: justify;\">Pr\u00e9sent\u00e9 l\u2019ann\u00e9e derni\u00e8re comme un concept hybride \u00e0 1l\/100km, l\u2019Eolab serait aujourd\u2019hui pr\u00eate \u00e0 passer \u00e0 la production. Sauf que pour Renault, le march\u00e9 n\u2019est pas assez important.<\/p>\n<p style=\"text-align: justify;\">\u00c0 l\u2019occasion d\u2019un point presse, le directeur commercial de Renault, J\u00e9r\u00f4me Stoll a indiqu\u00e9 que \u00ab<em> tout le monde n\u2019est pas pr\u00eat \u00e0 payer un co\u00fbt additionnel <\/em>\u00bb pour la version de s\u00e9rie du concept Eolab. Consommant sur la papier \u00e0 peine 1 litre d\u2019essence pour 100 km, le concept pr\u00e9figurait l\u2019ann\u00e9e derni\u00e8re le premier v\u00e9hicule hybride au losange. Celui-ci est pr\u00eat pour la production dixit J\u00e9r\u00f4me Stoll, le directeur commercial du constructeur fran\u00e7ais. Mais toujours selon J\u00e9r\u00f4me Stoll, la version de s\u00e9rie d\u2019Eolab ne sera pas commercialis\u00e9e dans un avenir proche puisque le march\u00e9 fran\u00e7ais de la voiture hybride (comme europ\u00e9en ?) n\u2019est pas consid\u00e9r\u00e9 comme assez important (rentable). <\/p>\n<h2 style=\"text-align: justify;\">Les hybrides Renault cantonn\u00e9es au march\u00e9 europ\u00e9en<\/h2>\n<p><img decoding=\"async\" src=\"https:\/\/www.autosphere.fr\/blog\/wp-content\/uploads\/2022\/11\/3cda67f472a70825527817adb9ce7590.jpg\"><\/p>\n<p style=\"text-align: justify;\">Effectivement le march\u00e9 de l\u2019hybride fran\u00e7ais est moins important que les importantes campagnes de pub ne le laissent para\u00eetre. Selon les chiffres du CCFA, la part des motorisations hybrides repr\u00e9sente 2,4% des ventes de voitures neuves immatricul\u00e9es en 2014, soit 34 143 v\u00e9hicules sur les 1 786 810. Pas de quoi convaincre Renault de s\u2019engager sur cette voie, d\u2019autant que la concurrence est d\u00e9j\u00e0 rude. Par ailleurs, Renault est concentr\u00e9 sur l\u2019\u00e9lectrique avec toutes&nbsp;<a href=\"https:\/\/www.autosphere.fr\/blog\/media\/actualites\/le-marche-de-la-voiture-electrique-poursuit-sa-tres-lente-croissance\/2251\/ \">les difficult\u00e9s que l\u2019on sait<\/a>.<\/p>\n<p style=\"text-align: justify;\">Un petit march\u00e9 et des perspectives d\u2019expansion faibles au-del\u00e0 de l\u2019Europe. Pourtant le Japon et la Californie aiment les voitures hybrides. Sauf que Renault est absent de ces deux pays, laissant ces march\u00e9s, au sein de l&#8217;alliance, \u00e0 Nissan qui y a toute l\u00e9gitimit\u00e9. On comprend mieux pourquoi Renault souhaite attendre. Jusqu\u2019\u00e0 quand ?<\/p>\n<h2>Eolab, pour rappel<\/h2>\n<p><img decoding=\"async\" src=\"https:\/\/www.autosphere.fr\/blog\/wp-content\/uploads\/2022\/11\/1606f4d9c887cfa0ba5ed5406b4f66f2.jpg\"><\/p>\n<p style=\"text-align: justify;\">Pr\u00e9sent\u00e9 en amont du Mondial de l\u2019automobile de Paris, le concept Eolab est un v\u00e9hicule hybride rechargeable. Sa motorisation reprend le 3 cylindres 1,0l (75 ch) de la nouvelle Twingo en le combinant avec un moteur \u00e9lectrique \u00e0 aimants d\u2019environ 68 chevaux. Ce dernier joue le r\u00f4le d\u2019embrayage avec ses 200 Nm de couple. La consommation annonc\u00e9e \u00e0 130 km\/h stabilis\u00e9s est de 1,2l\/100km gr\u00e2ce \u00e0 une a\u00e9rodynamique tr\u00e8s pouss\u00e9e (Cx de 0,235) et l\u2019emploi de mat\u00e9riaux comme l\u2019aluminium et le magn\u00e9sium afin d\u2019all\u00e9ger l\u2019ensemble.&nbsp;<\/p>\n<p><iframe width=\"560\" height=\"315\" src=\"https:\/\/www.youtube.com\/embed\/CFwH_VaMrhQ\" frameborder=\"0\" allowfullscreen=\"\"><\/iframe><\/div>\n","protected":false},"excerpt":{"rendered":"<p>Pr\u00e9sent\u00e9 l\u2019ann\u00e9e derni\u00e8re comme un concept hybride \u00e0 1l\/100km, l\u2019Eolab serait aujourd\u2019hui pr\u00eate \u00e0 passer \u00e0 la production. Sauf que pour Renault, le march\u00e9 n\u2019est pas assez important. \u00c0 l\u2019occasion d\u2019un point presse, le directeur commercial de Renault, J\u00e9r\u00f4me Stoll a indiqu\u00e9 que \u00ab tout le monde n\u2019est pas pr\u00eat \u00e0 payer un co\u00fbt additionnel [&hellip;]<\/p>\n","protected":false},"author":3,"featured_media":1535,"comment_status":"open","ping_status":"open","sticky":false,"template":"","format":"standard","meta":{"_acf_changed":false,"footnotes":""},"categories":[4],"tags":[],"marque":[57],"class_list":["post-1534","post","type-post","status-publish","format-standard","has-post-thumbnail","hentry","category-innovations","marque-renault"],"acf":[],"yoast_head":"<!-- This site is optimized with the Yoast SEO plugin v27.2 - https:\/\/yoast.com\/product\/yoast-seo-wordpress\/ -->\n<title>Les Fran\u00e7ais ne sont pas pr\u00eats pour l\u2019hybride (et Eolab) - Blog Autosphere<\/title>\n<meta name=\"robots\" content=\"index, follow, max-snippet:-1, max-image-preview:large, max-video-preview:-1\" \/>\n<link rel=\"canonical\" href=\"https:\/\/www.autosphere.fr\/blog\/les-francais-ne-sont-pas-prets-pour-lhybride-et-eolab\/\" \/>\n<meta property=\"og:locale\" content=\"fr_FR\" \/>\n<meta property=\"og:type\" content=\"article\" \/>\n<meta property=\"og:title\" content=\"Les Fran\u00e7ais ne sont pas pr\u00eats pour l\u2019hybride (et Eolab) - Blog Autosphere\" \/>\n<meta property=\"og:description\" content=\"Pr\u00e9sent\u00e9 l\u2019ann\u00e9e derni\u00e8re comme un concept hybride \u00e0 1l\/100km, l\u2019Eolab serait aujourd\u2019hui pr\u00eate \u00e0 passer \u00e0 la production. Sauf que pour Renault, le march\u00e9 n\u2019est pas assez important. \u00c0 l\u2019occasion d\u2019un point presse, le directeur commercial de Renault, J\u00e9r\u00f4me Stoll a indiqu\u00e9 que \u00ab tout le monde n\u2019est pas pr\u00eat \u00e0 payer un co\u00fbt additionnel [&hellip;]\" \/>\n<meta property=\"og:url\" content=\"https:\/\/www.autosphere.fr\/blog\/les-francais-ne-sont-pas-prets-pour-lhybride-et-eolab\/\" \/>\n<meta property=\"og:site_name\" content=\"Blog Autosphere\" \/>\n<meta property=\"article:publisher\" content=\"https:\/\/www.facebook.com\/autosphere\" \/>\n<meta property=\"article:published_time\" content=\"2015-05-28T12:37:20+00:00\" \/>\n<meta property=\"article:modified_time\" content=\"2022-11-22T09:16:17+00:00\" \/>\n<meta property=\"og:image\" content=\"https:\/\/www.autosphere.fr\/blog\/wp-content\/uploads\/2022\/11\/cbc0dbead623e0500f95e6003821b11c.jpg\" \/>\n\t<meta property=\"og:image:width\" content=\"400\" \/>\n\t<meta property=\"og:image:height\" content=\"210\" \/>\n\t<meta property=\"og:image:type\" content=\"image\/jpeg\" \/>\n<meta name=\"author\" content=\"Florent CHEDOZEAU\" \/>\n<meta name=\"twitter:card\" content=\"summary_large_image\" \/>\n<meta name=\"twitter:label1\" content=\"\u00c9crit par\" \/>\n\t<meta name=\"twitter:data1\" content=\"Florent CHEDOZEAU\" \/>\n\t<meta name=\"twitter:label2\" content=\"Dur\u00e9e de lecture estim\u00e9e\" \/>\n\t<meta name=\"twitter:data2\" content=\"2 minutes\" \/>\n<!-- \/ Yoast SEO plugin. -->","yoast_head_json":{"title":"Les Fran\u00e7ais ne sont pas pr\u00eats pour l\u2019hybride (et Eolab) - Blog Autosphere","robots":{"index":"index","follow":"follow","max-snippet":"max-snippet:-1","max-image-preview":"max-image-preview:large","max-video-preview":"max-video-preview:-1"},"canonical":"https:\/\/www.autosphere.fr\/blog\/les-francais-ne-sont-pas-prets-pour-lhybride-et-eolab\/","og_locale":"fr_FR","og_type":"article","og_title":"Les Fran\u00e7ais ne sont pas pr\u00eats pour l\u2019hybride (et Eolab) - Blog Autosphere","og_description":"Pr\u00e9sent\u00e9 l\u2019ann\u00e9e derni\u00e8re comme un concept hybride \u00e0 1l\/100km, l\u2019Eolab serait aujourd\u2019hui pr\u00eate \u00e0 passer \u00e0 la production. Sauf que pour Renault, le march\u00e9 n\u2019est pas assez important. \u00c0 l\u2019occasion d\u2019un point presse, le directeur commercial de Renault, J\u00e9r\u00f4me Stoll a indiqu\u00e9 que \u00ab tout le monde n\u2019est pas pr\u00eat \u00e0 payer un co\u00fbt additionnel [&hellip;]","og_url":"https:\/\/www.autosphere.fr\/blog\/les-francais-ne-sont-pas-prets-pour-lhybride-et-eolab\/","og_site_name":"Blog Autosphere","article_publisher":"https:\/\/www.facebook.com\/autosphere","article_published_time":"2015-05-28T12:37:20+00:00","article_modified_time":"2022-11-22T09:16:17+00:00","og_image":[{"width":400,"height":210,"url":"https:\/\/www.autosphere.fr\/blog\/wp-content\/uploads\/2022\/11\/cbc0dbead623e0500f95e6003821b11c.jpg","type":"image\/jpeg"}],"author":"Florent CHEDOZEAU","twitter_card":"summary_large_image","twitter_misc":{"\u00c9crit par":"Florent CHEDOZEAU","Dur\u00e9e de lecture estim\u00e9e":"2 minutes"},"schema":{"@context":"https:\/\/schema.org","@graph":[{"@type":"Article","@id":"https:\/\/www.autosphere.fr\/blog\/les-francais-ne-sont-pas-prets-pour-lhybride-et-eolab\/#article","isPartOf":{"@id":"https:\/\/www.autosphere.fr\/blog\/les-francais-ne-sont-pas-prets-pour-lhybride-et-eolab\/"},"author":{"name":"Florent CHEDOZEAU","@id":"https:\/\/www.autosphere.fr\/blog\/#\/schema\/person\/157d3ac8c260cc43fa708dbfa8fe558d"},"headline":"Les Fran\u00e7ais ne sont pas pr\u00eats pour l\u2019hybride (et Eolab)","datePublished":"2015-05-28T12:37:20+00:00","dateModified":"2022-11-22T09:16:17+00:00","mainEntityOfPage":{"@id":"https:\/\/www.autosphere.fr\/blog\/les-francais-ne-sont-pas-prets-pour-lhybride-et-eolab\/"},"wordCount":428,"commentCount":0,"publisher":{"@id":"https:\/\/www.autosphere.fr\/blog\/#organization"},"image":{"@id":"https:\/\/www.autosphere.fr\/blog\/les-francais-ne-sont-pas-prets-pour-lhybride-et-eolab\/#primaryimage"},"thumbnailUrl":"https:\/\/www.autosphere.fr\/blog\/wp-content\/uploads\/2022\/11\/cbc0dbead623e0500f95e6003821b11c.jpg","articleSection":["Innovations"],"inLanguage":"fr-FR","potentialAction":[{"@type":"CommentAction","name":"Comment","target":["https:\/\/www.autosphere.fr\/blog\/les-francais-ne-sont-pas-prets-pour-lhybride-et-eolab\/#respond"]}]},{"@type":"WebPage","@id":"https:\/\/www.autosphere.fr\/blog\/les-francais-ne-sont-pas-prets-pour-lhybride-et-eolab\/","url":"https:\/\/www.autosphere.fr\/blog\/les-francais-ne-sont-pas-prets-pour-lhybride-et-eolab\/","name":"Les Fran\u00e7ais ne sont pas pr\u00eats pour l\u2019hybride (et Eolab) - Blog Autosphere","isPartOf":{"@id":"https:\/\/www.autosphere.fr\/blog\/#website"},"primaryImageOfPage":{"@id":"https:\/\/www.autosphere.fr\/blog\/les-francais-ne-sont-pas-prets-pour-lhybride-et-eolab\/#primaryimage"},"image":{"@id":"https:\/\/www.autosphere.fr\/blog\/les-francais-ne-sont-pas-prets-pour-lhybride-et-eolab\/#primaryimage"},"thumbnailUrl":"https:\/\/www.autosphere.fr\/blog\/wp-content\/uploads\/2022\/11\/cbc0dbead623e0500f95e6003821b11c.jpg","datePublished":"2015-05-28T12:37:20+00:00","dateModified":"2022-11-22T09:16:17+00:00","breadcrumb":{"@id":"https:\/\/www.autosphere.fr\/blog\/les-francais-ne-sont-pas-prets-pour-lhybride-et-eolab\/#breadcrumb"},"inLanguage":"fr-FR","potentialAction":[{"@type":"ReadAction","target":["https:\/\/www.autosphere.fr\/blog\/les-francais-ne-sont-pas-prets-pour-lhybride-et-eolab\/"]}]},{"@type":"ImageObject","inLanguage":"fr-FR","@id":"https:\/\/www.autosphere.fr\/blog\/les-francais-ne-sont-pas-prets-pour-lhybride-et-eolab\/#primaryimage","url":"https:\/\/www.autosphere.fr\/blog\/wp-content\/uploads\/2022\/11\/cbc0dbead623e0500f95e6003821b11c.jpg","contentUrl":"https:\/\/www.autosphere.fr\/blog\/wp-content\/uploads\/2022\/11\/cbc0dbead623e0500f95e6003821b11c.jpg","width":400,"height":210},{"@type":"BreadcrumbList","@id":"https:\/\/www.autosphere.fr\/blog\/les-francais-ne-sont-pas-prets-pour-lhybride-et-eolab\/#breadcrumb","itemListElement":[{"@type":"ListItem","position":1,"name":"Accueil","item":"https:\/\/www.autosphere.fr\/blog\/"},{"@type":"ListItem","position":2,"name":"Les Fran\u00e7ais ne sont pas pr\u00eats pour l\u2019hybride (et Eolab)"}]},{"@type":"WebSite","@id":"https:\/\/www.autosphere.fr\/blog\/#website","url":"https:\/\/www.autosphere.fr\/blog\/","name":"Blog Autosphere","description":"","publisher":{"@id":"https:\/\/www.autosphere.fr\/blog\/#organization"},"potentialAction":[{"@type":"SearchAction","target":{"@type":"EntryPoint","urlTemplate":"https:\/\/www.autosphere.fr\/blog\/?s={search_term_string}"},"query-input":{"@type":"PropertyValueSpecification","valueRequired":true,"valueName":"search_term_string"}}],"inLanguage":"fr-FR"},{"@type":"Organization","@id":"https:\/\/www.autosphere.fr\/blog\/#organization","name":"Blog Autosphere","url":"https:\/\/www.autosphere.fr\/blog\/","logo":{"@type":"ImageObject","inLanguage":"fr-FR","@id":"https:\/\/www.autosphere.fr\/blog\/#\/schema\/logo\/image\/","url":"https:\/\/www.autosphere.fr\/blog\/wp-content\/uploads\/2022\/11\/le-blog-autosphere.png","contentUrl":"https:\/\/www.autosphere.fr\/blog\/wp-content\/uploads\/2022\/11\/le-blog-autosphere.png","width":241,"height":35,"caption":"Blog Autosphere"},"image":{"@id":"https:\/\/www.autosphere.fr\/blog\/#\/schema\/logo\/image\/"},"sameAs":["https:\/\/www.facebook.com\/autosphere","https:\/\/www.instagram.com\/autosphere"]},{"@type":"Person","@id":"https:\/\/www.autosphere.fr\/blog\/#\/schema\/person\/157d3ac8c260cc43fa708dbfa8fe558d","name":"Florent CHEDOZEAU","url":"https:\/\/www.autosphere.fr\/blog\/author\/florent-chedozeau\/"}]}},"_links":{"self":[{"href":"https:\/\/www.autosphere.fr\/blog\/wp-json\/wp\/v2\/posts\/1534","targetHints":{"allow":["GET"]}}],"collection":[{"href":"https:\/\/www.autosphere.fr\/blog\/wp-json\/wp\/v2\/posts"}],"about":[{"href":"https:\/\/www.autosphere.fr\/blog\/wp-json\/wp\/v2\/types\/post"}],"author":[{"embeddable":true,"href":"https:\/\/www.autosphere.fr\/blog\/wp-json\/wp\/v2\/users\/3"}],"replies":[{"embeddable":true,"href":"https:\/\/www.autosphere.fr\/blog\/wp-json\/wp\/v2\/comments?post=1534"}],"version-history":[{"count":1,"href":"https:\/\/www.autosphere.fr\/blog\/wp-json\/wp\/v2\/posts\/1534\/revisions"}],"predecessor-version":[{"id":3752,"href":"https:\/\/www.autosphere.fr\/blog\/wp-json\/wp\/v2\/posts\/1534\/revisions\/3752"}],"wp:featuredmedia":[{"embeddable":true,"href":"https:\/\/www.autosphere.fr\/blog\/wp-json\/wp\/v2\/media\/1535"}],"wp:attachment":[{"href":"https:\/\/www.autosphere.fr\/blog\/wp-json\/wp\/v2\/media?parent=1534"}],"wp:term":[{"taxonomy":"category","embeddable":true,"href":"https:\/\/www.autosphere.fr\/blog\/wp-json\/wp\/v2\/categories?post=1534"},{"taxonomy":"post_tag","embeddable":true,"href":"https:\/\/www.autosphere.fr\/blog\/wp-json\/wp\/v2\/tags?post=1534"},{"taxonomy":"marque","embeddable":true,"href":"https:\/\/www.autosphere.fr\/blog\/wp-json\/wp\/v2\/marque?post=1534"}],"curies":[{"name":"wp","href":"https:\/\/api.w.org\/{rel}","templated":true}]}}