{"id":1635,"date":"2015-08-04T18:11:32","date_gmt":"2015-08-04T16:11:32","guid":{"rendered":"https:\/\/blogautosphere.creatic-agency.fr\/aux-encheres-la-mercedes-criblee-de-balles-de-claude-francois\/"},"modified":"2022-11-22T11:16:19","modified_gmt":"2022-11-22T09:16:19","slug":"aux-encheres-la-mercedes-criblee-de-balles-de-claude-francois","status":"publish","type":"post","link":"https:\/\/www.autosphere.fr\/blog\/aux-encheres-la-mercedes-criblee-de-balles-de-claude-francois\/","title":{"rendered":"Aux ench\u00e8res : La Mercedes cribl\u00e9e de balles de Claude Fran\u00e7ois"},"content":{"rendered":"<div class=\"custom-post-container\">\n<p style=\"text-align: justify;\">La Mercedes 450 SEL que conduisait Claude Fran\u00e7ois lorsqu\u2019il fut attaqu\u00e9 par le gang de la banlieue sud sera mise aux ench\u00e8res \u00e0 Chantilly le 5 septembre. Avis aux cloclo maniaques !<\/p>\n<p style=\"text-align: justify;\">En 1975 d\u00e9j\u00e0, Claude Fran\u00e7ois avait \u00e9chapp\u00e9 \u00e0 l\u2019attentat de l\u2019IRA dans l\u2019h\u00f4tel Hilton de Londres. En 1977, l\u2019idole du disco fran\u00e7ais s\u2019en tire indemne apr\u00e8s une fusillade sur l\u2019autoroute A6 avec le gang de la banlieue sud. Une \u00ab <em>poursuite sauvage<\/em> \u00bb, comme l&#8217;a d\u00e9crit le principal int\u00e9ress\u00e9, au volant de sa Mercedes 450 SEL bleu marine. En cette fin de soir\u00e9e du 25 juin et accompagn\u00e9 de 4 amis, il quitte son domicile parisien pour se rendre, par l\u2019autoroute A6, dans son moulin de Dannemois, dans l\u2019Essonne. Sa route croisa celle de la bande \u00e0 Guy Neumeyer, dit \u00ab le Dingue \u00bb et accompagn\u00e9 dans une Citro\u00ebn CX par ses complices aux surnoms dignes de polars fran\u00e7ais : \u00ab Galoche \u00bb, \u00ab Riton \u00bb, \u00ab le Gros Denis \u00bb ou \u00ab Pouquit \u00bb. Des sp\u00e9cialistes de la d\u00e9coupe&nbsp;au chalumeau&nbsp;de coffre de banque qui s\u00e9vissent dans les banques parisiennes depuis le d\u00e9but des ann\u00e9es 70. Au-dessus des lois, ces derniers n\u2019ont pas h\u00e9sit\u00e9 \u00e0 ouvrir le feu sur cette Mercedes qui les d\u00e9passait, sans pour autant savoir qu\u2019il s\u2019y trouvait le Cloclo national \u00e0 bord. Cela aurait-il chang\u00e9 quelque chose ?<\/p>\n<p><img decoding=\"async\" src=\"https:\/\/www.autosphere.fr\/blog\/wp-content\/uploads\/2022\/11\/bc6d29d938b4789757b70d18d4f518a2.jpg\"><\/p>\n<p style=\"text-align: justify;\">7 impacts furent relev\u00e9s, une balle brisa la lunette arri\u00e8re et se logea dans le tableau de bord, une autre creva un pneu. Bien qu\u2019\u00e0 5 dans la voiture, personne ne fut bless\u00e9. La fusillade s\u2019acheva lorsque la Citro\u00ebn fit demi-tour alors que Claude Fran\u00e7ois approchait de son domicile.<\/p>\n<p><img decoding=\"async\" src=\"https:\/\/www.autosphere.fr\/blog\/wp-content\/uploads\/2022\/11\/ca55e6bb1ca2d00595cdab2c9024ef54.jpg\"><\/p>\n<p style=\"text-align: justify;\">Visiblement encore choqu\u00e9 le lendemain, Claude Fran\u00e7ois ouvre ses portes \u00e0 la presse et montre sa voiture aux cam\u00e9ras. Avec 3 cha\u00eenes de TV, une demie douzaine de radios et des journaux encore puissants, la pol\u00e9mique enfle et vite ! Claude Fran\u00e7ois parle d\u2019ins\u00e9curit\u00e9, d\u2019attentat\u2026<\/p>\n<p><iframe width=\"560\" height=\"315\" src=\"https:\/\/www.youtube.com\/embed\/TNQeTUfyqRc\" frameborder=\"0\" allowfullscreen=\"\"><\/iframe><\/p>\n<h2>Un morceau de l\u00e9gende \u00e0 vendre<\/h2>\n<p style=\"text-align: justify;\">Par l\u2019interm\u00e9diaire de l\u2019AFP, la maison d\u2019ench\u00e8res&nbsp;<a href=\"http:\/\/www.leblogauto.com\/2015\/07\/la-mercedes-de-cloclo-mise-aux-encheres.html\" target=\"_blank\" rel=\"noopener\">Bonhams<\/a> a annonc\u00e9 en juillet que la Mercedes 450 SEL de Claude Fran\u00e7ois sera au programme de la vente aux ench\u00e8res en marge du concours d\u2019\u00e9l\u00e9gance de Chantilly (6 septembre). Les impacts sont-ils toujours pr\u00e9sents ? Non, la voiture fut r\u00e9par\u00e9e apr\u00e8s la fusillade. Elle fait aujourd&#8217;hui partie de la collection d\u2019Alain Dominique Perrin, ami de Claude Fran\u00e7ois et ex\u00e9cuteur testamentaire apr\u00e8s l\u2019accident domestique qui mit fin aux jours du chanteur le 11 mars 1978. Sans donner d\u2019estimation publique, Bonhams promet une mise \u00e0 prix \u00ab<em> raisonnable <\/em>\u00bb. Reste \u00e0 savoir ce qui est raisonnable pour un cloclo maniaque !<\/p>\n<p><img decoding=\"async\" src=\"https:\/\/www.autosphere.fr\/blog\/wp-content\/uploads\/2022\/11\/e098c6812dca3f1bde46972f10a55520.jpg\"><\/p>\n<\/div>\n","protected":false},"excerpt":{"rendered":"<p>La Mercedes 450 SEL que conduisait Claude Fran\u00e7ois lorsqu\u2019il fut attaqu\u00e9 par le gang de la banlieue sud sera mise aux ench\u00e8res \u00e0 Chantilly le 5 septembre. Avis aux cloclo maniaques ! En 1975 d\u00e9j\u00e0, Claude Fran\u00e7ois avait \u00e9chapp\u00e9 \u00e0 l\u2019attentat de l\u2019IRA dans l\u2019h\u00f4tel Hilton de Londres. En 1977, l\u2019idole du disco fran\u00e7ais s\u2019en [&hellip;]<\/p>\n","protected":false},"author":3,"featured_media":1636,"comment_status":"open","ping_status":"open","sticky":false,"template":"","format":"standard","meta":{"_acf_changed":false,"footnotes":""},"categories":[2],"tags":[],"marque":[49],"class_list":["post-1635","post","type-post","status-publish","format-standard","has-post-thumbnail","hentry","category-actualites","marque-mercedes-benz"],"acf":[],"yoast_head":"<!-- This site is optimized with the Yoast SEO plugin v27.2 - https:\/\/yoast.com\/product\/yoast-seo-wordpress\/ -->\n<title>Aux ench\u00e8res : La Mercedes cribl\u00e9e de balles de Claude Fran\u00e7ois - Blog Autosphere<\/title>\n<meta name=\"robots\" content=\"index, follow, max-snippet:-1, max-image-preview:large, max-video-preview:-1\" \/>\n<link rel=\"canonical\" href=\"https:\/\/www.autosphere.fr\/blog\/aux-encheres-la-mercedes-criblee-de-balles-de-claude-francois\/\" \/>\n<meta property=\"og:locale\" content=\"fr_FR\" \/>\n<meta property=\"og:type\" content=\"article\" \/>\n<meta property=\"og:title\" content=\"Aux ench\u00e8res : La Mercedes cribl\u00e9e de balles de Claude Fran\u00e7ois - Blog Autosphere\" \/>\n<meta property=\"og:description\" content=\"La Mercedes 450 SEL que conduisait Claude Fran\u00e7ois lorsqu\u2019il fut attaqu\u00e9 par le gang de la banlieue sud sera mise aux ench\u00e8res \u00e0 Chantilly le 5 septembre. Avis aux cloclo maniaques ! En 1975 d\u00e9j\u00e0, Claude Fran\u00e7ois avait \u00e9chapp\u00e9 \u00e0 l\u2019attentat de l\u2019IRA dans l\u2019h\u00f4tel Hilton de Londres. En 1977, l\u2019idole du disco fran\u00e7ais s\u2019en [&hellip;]\" \/>\n<meta property=\"og:url\" content=\"https:\/\/www.autosphere.fr\/blog\/aux-encheres-la-mercedes-criblee-de-balles-de-claude-francois\/\" \/>\n<meta property=\"og:site_name\" content=\"Blog Autosphere\" \/>\n<meta property=\"article:publisher\" content=\"https:\/\/www.facebook.com\/autosphere\" \/>\n<meta property=\"article:published_time\" content=\"2015-08-04T16:11:32+00:00\" \/>\n<meta property=\"article:modified_time\" content=\"2022-11-22T09:16:19+00:00\" \/>\n<meta property=\"og:image\" content=\"https:\/\/www.autosphere.fr\/blog\/wp-content\/uploads\/2022\/11\/a9e588d1d1ce6431542229a6a23ff546.jpg\" \/>\n\t<meta property=\"og:image:width\" content=\"400\" \/>\n\t<meta property=\"og:image:height\" content=\"210\" \/>\n\t<meta property=\"og:image:type\" content=\"image\/jpeg\" \/>\n<meta name=\"author\" content=\"Florent CHEDOZEAU\" \/>\n<meta name=\"twitter:card\" content=\"summary_large_image\" \/>\n<meta name=\"twitter:label1\" content=\"\u00c9crit par\" \/>\n\t<meta name=\"twitter:data1\" content=\"Florent CHEDOZEAU\" \/>\n\t<meta name=\"twitter:label2\" content=\"Dur\u00e9e de lecture estim\u00e9e\" \/>\n\t<meta name=\"twitter:data2\" content=\"2 minutes\" \/>\n<!-- \/ Yoast SEO plugin. -->","yoast_head_json":{"title":"Aux ench\u00e8res : La Mercedes cribl\u00e9e de balles de Claude Fran\u00e7ois - Blog Autosphere","robots":{"index":"index","follow":"follow","max-snippet":"max-snippet:-1","max-image-preview":"max-image-preview:large","max-video-preview":"max-video-preview:-1"},"canonical":"https:\/\/www.autosphere.fr\/blog\/aux-encheres-la-mercedes-criblee-de-balles-de-claude-francois\/","og_locale":"fr_FR","og_type":"article","og_title":"Aux ench\u00e8res : La Mercedes cribl\u00e9e de balles de Claude Fran\u00e7ois - Blog Autosphere","og_description":"La Mercedes 450 SEL que conduisait Claude Fran\u00e7ois lorsqu\u2019il fut attaqu\u00e9 par le gang de la banlieue sud sera mise aux ench\u00e8res \u00e0 Chantilly le 5 septembre. Avis aux cloclo maniaques ! En 1975 d\u00e9j\u00e0, Claude Fran\u00e7ois avait \u00e9chapp\u00e9 \u00e0 l\u2019attentat de l\u2019IRA dans l\u2019h\u00f4tel Hilton de Londres. En 1977, l\u2019idole du disco fran\u00e7ais s\u2019en [&hellip;]","og_url":"https:\/\/www.autosphere.fr\/blog\/aux-encheres-la-mercedes-criblee-de-balles-de-claude-francois\/","og_site_name":"Blog Autosphere","article_publisher":"https:\/\/www.facebook.com\/autosphere","article_published_time":"2015-08-04T16:11:32+00:00","article_modified_time":"2022-11-22T09:16:19+00:00","og_image":[{"width":400,"height":210,"url":"https:\/\/www.autosphere.fr\/blog\/wp-content\/uploads\/2022\/11\/a9e588d1d1ce6431542229a6a23ff546.jpg","type":"image\/jpeg"}],"author":"Florent CHEDOZEAU","twitter_card":"summary_large_image","twitter_misc":{"\u00c9crit par":"Florent CHEDOZEAU","Dur\u00e9e de lecture estim\u00e9e":"2 minutes"},"schema":{"@context":"https:\/\/schema.org","@graph":[{"@type":"Article","@id":"https:\/\/www.autosphere.fr\/blog\/aux-encheres-la-mercedes-criblee-de-balles-de-claude-francois\/#article","isPartOf":{"@id":"https:\/\/www.autosphere.fr\/blog\/aux-encheres-la-mercedes-criblee-de-balles-de-claude-francois\/"},"author":{"name":"Florent CHEDOZEAU","@id":"https:\/\/www.autosphere.fr\/blog\/#\/schema\/person\/157d3ac8c260cc43fa708dbfa8fe558d"},"headline":"Aux ench\u00e8res : La Mercedes cribl\u00e9e de balles de Claude Fran\u00e7ois","datePublished":"2015-08-04T16:11:32+00:00","dateModified":"2022-11-22T09:16:19+00:00","mainEntityOfPage":{"@id":"https:\/\/www.autosphere.fr\/blog\/aux-encheres-la-mercedes-criblee-de-balles-de-claude-francois\/"},"wordCount":471,"commentCount":0,"publisher":{"@id":"https:\/\/www.autosphere.fr\/blog\/#organization"},"image":{"@id":"https:\/\/www.autosphere.fr\/blog\/aux-encheres-la-mercedes-criblee-de-balles-de-claude-francois\/#primaryimage"},"thumbnailUrl":"https:\/\/www.autosphere.fr\/blog\/wp-content\/uploads\/2022\/11\/a9e588d1d1ce6431542229a6a23ff546.jpg","articleSection":["Actualit\u00e9s"],"inLanguage":"fr-FR","potentialAction":[{"@type":"CommentAction","name":"Comment","target":["https:\/\/www.autosphere.fr\/blog\/aux-encheres-la-mercedes-criblee-de-balles-de-claude-francois\/#respond"]}]},{"@type":"WebPage","@id":"https:\/\/www.autosphere.fr\/blog\/aux-encheres-la-mercedes-criblee-de-balles-de-claude-francois\/","url":"https:\/\/www.autosphere.fr\/blog\/aux-encheres-la-mercedes-criblee-de-balles-de-claude-francois\/","name":"Aux ench\u00e8res : La Mercedes cribl\u00e9e de balles de Claude Fran\u00e7ois - Blog Autosphere","isPartOf":{"@id":"https:\/\/www.autosphere.fr\/blog\/#website"},"primaryImageOfPage":{"@id":"https:\/\/www.autosphere.fr\/blog\/aux-encheres-la-mercedes-criblee-de-balles-de-claude-francois\/#primaryimage"},"image":{"@id":"https:\/\/www.autosphere.fr\/blog\/aux-encheres-la-mercedes-criblee-de-balles-de-claude-francois\/#primaryimage"},"thumbnailUrl":"https:\/\/www.autosphere.fr\/blog\/wp-content\/uploads\/2022\/11\/a9e588d1d1ce6431542229a6a23ff546.jpg","datePublished":"2015-08-04T16:11:32+00:00","dateModified":"2022-11-22T09:16:19+00:00","breadcrumb":{"@id":"https:\/\/www.autosphere.fr\/blog\/aux-encheres-la-mercedes-criblee-de-balles-de-claude-francois\/#breadcrumb"},"inLanguage":"fr-FR","potentialAction":[{"@type":"ReadAction","target":["https:\/\/www.autosphere.fr\/blog\/aux-encheres-la-mercedes-criblee-de-balles-de-claude-francois\/"]}]},{"@type":"ImageObject","inLanguage":"fr-FR","@id":"https:\/\/www.autosphere.fr\/blog\/aux-encheres-la-mercedes-criblee-de-balles-de-claude-francois\/#primaryimage","url":"https:\/\/www.autosphere.fr\/blog\/wp-content\/uploads\/2022\/11\/a9e588d1d1ce6431542229a6a23ff546.jpg","contentUrl":"https:\/\/www.autosphere.fr\/blog\/wp-content\/uploads\/2022\/11\/a9e588d1d1ce6431542229a6a23ff546.jpg","width":400,"height":210},{"@type":"BreadcrumbList","@id":"https:\/\/www.autosphere.fr\/blog\/aux-encheres-la-mercedes-criblee-de-balles-de-claude-francois\/#breadcrumb","itemListElement":[{"@type":"ListItem","position":1,"name":"Accueil","item":"https:\/\/www.autosphere.fr\/blog\/"},{"@type":"ListItem","position":2,"name":"Aux ench\u00e8res : La Mercedes cribl\u00e9e de balles de Claude Fran\u00e7ois"}]},{"@type":"WebSite","@id":"https:\/\/www.autosphere.fr\/blog\/#website","url":"https:\/\/www.autosphere.fr\/blog\/","name":"Blog Autosphere","description":"","publisher":{"@id":"https:\/\/www.autosphere.fr\/blog\/#organization"},"potentialAction":[{"@type":"SearchAction","target":{"@type":"EntryPoint","urlTemplate":"https:\/\/www.autosphere.fr\/blog\/?s={search_term_string}"},"query-input":{"@type":"PropertyValueSpecification","valueRequired":true,"valueName":"search_term_string"}}],"inLanguage":"fr-FR"},{"@type":"Organization","@id":"https:\/\/www.autosphere.fr\/blog\/#organization","name":"Blog Autosphere","url":"https:\/\/www.autosphere.fr\/blog\/","logo":{"@type":"ImageObject","inLanguage":"fr-FR","@id":"https:\/\/www.autosphere.fr\/blog\/#\/schema\/logo\/image\/","url":"https:\/\/www.autosphere.fr\/blog\/wp-content\/uploads\/2022\/11\/le-blog-autosphere.png","contentUrl":"https:\/\/www.autosphere.fr\/blog\/wp-content\/uploads\/2022\/11\/le-blog-autosphere.png","width":241,"height":35,"caption":"Blog Autosphere"},"image":{"@id":"https:\/\/www.autosphere.fr\/blog\/#\/schema\/logo\/image\/"},"sameAs":["https:\/\/www.facebook.com\/autosphere","https:\/\/www.instagram.com\/autosphere"]},{"@type":"Person","@id":"https:\/\/www.autosphere.fr\/blog\/#\/schema\/person\/157d3ac8c260cc43fa708dbfa8fe558d","name":"Florent CHEDOZEAU","url":"https:\/\/www.autosphere.fr\/blog\/author\/florent-chedozeau\/"}]}},"_links":{"self":[{"href":"https:\/\/www.autosphere.fr\/blog\/wp-json\/wp\/v2\/posts\/1635","targetHints":{"allow":["GET"]}}],"collection":[{"href":"https:\/\/www.autosphere.fr\/blog\/wp-json\/wp\/v2\/posts"}],"about":[{"href":"https:\/\/www.autosphere.fr\/blog\/wp-json\/wp\/v2\/types\/post"}],"author":[{"embeddable":true,"href":"https:\/\/www.autosphere.fr\/blog\/wp-json\/wp\/v2\/users\/3"}],"replies":[{"embeddable":true,"href":"https:\/\/www.autosphere.fr\/blog\/wp-json\/wp\/v2\/comments?post=1635"}],"version-history":[{"count":1,"href":"https:\/\/www.autosphere.fr\/blog\/wp-json\/wp\/v2\/posts\/1635\/revisions"}],"predecessor-version":[{"id":3549,"href":"https:\/\/www.autosphere.fr\/blog\/wp-json\/wp\/v2\/posts\/1635\/revisions\/3549"}],"wp:featuredmedia":[{"embeddable":true,"href":"https:\/\/www.autosphere.fr\/blog\/wp-json\/wp\/v2\/media\/1636"}],"wp:attachment":[{"href":"https:\/\/www.autosphere.fr\/blog\/wp-json\/wp\/v2\/media?parent=1635"}],"wp:term":[{"taxonomy":"category","embeddable":true,"href":"https:\/\/www.autosphere.fr\/blog\/wp-json\/wp\/v2\/categories?post=1635"},{"taxonomy":"post_tag","embeddable":true,"href":"https:\/\/www.autosphere.fr\/blog\/wp-json\/wp\/v2\/tags?post=1635"},{"taxonomy":"marque","embeddable":true,"href":"https:\/\/www.autosphere.fr\/blog\/wp-json\/wp\/v2\/marque?post=1635"}],"curies":[{"name":"wp","href":"https:\/\/api.w.org\/{rel}","templated":true}]}}