{"id":1664,"date":"2015-09-01T09:29:38","date_gmt":"2015-09-01T07:29:38","guid":{"rendered":"https:\/\/blogautosphere.creatic-agency.fr\/peugeot-fractal-la-magnifique-destructuration\/"},"modified":"2022-11-22T11:16:20","modified_gmt":"2022-11-22T09:16:20","slug":"peugeot-fractal-la-magnifique-destructuration","status":"publish","type":"post","link":"https:\/\/www.autosphere.fr\/blog\/peugeot-fractal-la-magnifique-destructuration\/","title":{"rendered":"Peugeot Fractal : La magnifique d\u00e9structuration"},"content":{"rendered":"<div class=\"custom-post-container\">\n<p style=\"text-align: justify;\"> \tAu terme d\u2019une s\u00e9rie de teaser, Peugeot a plus clairement d\u00e9voil\u00e9 les lignes de son concept Fractal promis pour le salon de Francfort (17-27 septembre). Il s\u2019agit finalement d\u2019un Coup\u00e9 2+2 aux lignes ac\u00e9r\u00e9es avec au moins un mode tout \u00e9lectrique.<\/p>\n<p style=\"text-align: justify;\"> \tFuturiste, d\u00e9coup\u00e9 \u00e0 la serpe mais pour autant tr\u00e8s attirant, le concept Peugeot Fractal a montr\u00e9 plus amplement ses lignes lundi soir. Des vid\u00e9os ainsi qu\u2019une s\u00e9rie de photos officielles ouvrent la discussion m\u00eame si les pr\u00e9sentations d\u00e9taill\u00e9es n\u2019auront lieu que dans 15 jours, \u00e0 l\u2019occasion des journ\u00e9es presse du salon de Francfort.<\/p>\n<p><iframe width=\"560\" height=\"315\" src=\"https:\/\/www.youtube.com\/embed\/XFuF_yAPO8o\" frameborder=\"0\" allowfullscreen=\"\"> <\/iframe><\/p>\n<p style=\"text-align: justify;\"> \tPlut\u00f4t petit, le concept Fractal est un coup\u00e9 cabriolet 2+2 aux lignes tortur\u00e9es et globalement proches du sol. 3,81 m\u00e8tres de long au style urbain b\u00e9n\u00e9ficiant d\u2019une \u00e9volution du i-cockpit  avec petit volant, affichage haut sur \u00e9cran de 12,3 pouces et dalle num\u00e9rique avec affichage holographique. Tout cela peut pr\u00e9figurer une interface homme machine (IHM), il ne s\u2019agit pour autant que d\u2019une sp\u00e9culation.<\/p>\n<p><iframe width=\"560\" height=\"315\" src=\"https:\/\/www.youtube.com\/embed\/V3BNKiOkTPA\" frameborder=\"0\" allowfullscreen=\"\"> <\/iframe><\/p>\n<p style=\"text-align: justify;\">Sous le capot, Peugeot propose deux moteurs \u00e9lectriques. Chacun plac\u00e9 sous un train d\u00e9veloppant l&#8217;\u00e9quivalent de 102 chevaux pour une puissance cumul\u00e9e de 204 chevaux. Ils sont aliment\u00e9s par une batterie lithium-ion de 40 kWh avec possibilit\u00e9 de recharge par induction. L&#8217;autonomie mixte serait sup\u00e9rieure \u00e0 450 km.<\/p>\n<h2>Exp\u00e9rience sensorielle<\/h2>\n<p style=\"text-align: justify;\"> \tLa vue, la toucher\u2026 ainsi que l\u2019ou\u00efe avec un environnement sonore choy\u00e9 comme l\u2019indique la communication officielle comme l\u2019esprit des vid\u00e9os. Pour son designer, Armon Tobin, il s\u2019agissait de proposer une sonorit\u00e9 \u00ab<em style=\"background-color: initial;\"> spatiale et dynamique destin\u00e9e \u00e0 rendre la conduite plus instinctive <\/em>\u00bb. Pour cela, le concept b\u00e9n\u00e9ficie d\u2019une architecture acoustique in\u00e9dite d\u00e9velopp\u00e9e par une start-up am\u00e9ricaine, Subpac. On y retrouve ainsi des caissons d\u2019infrabasse int\u00e9gr\u00e9s dans chaque si\u00e8ge, ces derniers diffusent les ondes acoustiques directement dans l\u2019oreille interne, ils permettent ainsi une ambiance sonore propre \u00e0 chacun. Tr\u00e8s technologique, tr\u00e8s novateur, seule la pratique permettra d\u2019\u00e9tablir si cela a un v\u00e9ritable int\u00e9r\u00eat (commercial).<\/p>\n<p><iframe width=\"560\" height=\"315\" src=\"https:\/\/www.youtube.com\/embed\/kA8U4szeIjI\" frameborder=\"0\" allowfullscreen=\"\"> <\/iframe><\/p>\n<h2>Ce qu\u2019il faudra garder en m\u00e9moire<\/h2>\n<p style=\"text-align: justify;\"> \tVitrine d\u2019une nouvelle \u00e9cole de design et \u00e9tendard technologique, le concept Fractal a tr\u00e8s peu de chance de passer \u00e0 une version de s\u00e9rie. Faire parler, intriguer et distiller les indices du style \u00e0 venir de Peugeot, voici ses missions. \u00c0 ce petit jeu, on s\u2019arr\u00eate tout particuli\u00e8rement  sur la face avant une ligne horizontale calandre-optiques qui pourrait pr\u00e9figurer la seconde g\u00e9n\u00e9ration de 208 et 308. Une calandre mince, semble-t-il 3D et des optiques qui ne sont pas sans rappeler le concept&nbsp;<a href=\"https:\/\/www.autosphere.fr\/blog\/media\/actualites\/retour-sur-le-concept-vision-c-de-skoda\/095\/\">Vision C<\/a> de Skoda. Les lignes, les volumes et la nervosit\u00e9 globale (?) peuvent indiquer \u00e0 quoi ressembleront les prochaines g\u00e9n\u00e9rations de 2008 et 3008. Les r\u00e9ponses concr\u00e8tes viendront d\u2019ici 2018.<\/p>\n<\/div>\n","protected":false},"excerpt":{"rendered":"<p>Au terme d\u2019une s\u00e9rie de teaser, Peugeot a plus clairement d\u00e9voil\u00e9 les lignes de son concept Fractal promis pour le salon de Francfort (17-27 septembre). Il s\u2019agit finalement d\u2019un Coup\u00e9 2+2 aux lignes ac\u00e9r\u00e9es avec au moins un mode tout \u00e9lectrique. Futuriste, d\u00e9coup\u00e9 \u00e0 la serpe mais pour autant tr\u00e8s attirant, le concept Peugeot Fractal [&hellip;]<\/p>\n","protected":false},"author":3,"featured_media":1665,"comment_status":"open","ping_status":"open","sticky":false,"template":"","format":"standard","meta":{"_acf_changed":false,"footnotes":""},"categories":[2],"tags":[],"marque":[54],"class_list":["post-1664","post","type-post","status-publish","format-standard","has-post-thumbnail","hentry","category-actualites","marque-peugeot"],"acf":[],"yoast_head":"<!-- This site is optimized with the Yoast SEO plugin v27.2 - https:\/\/yoast.com\/product\/yoast-seo-wordpress\/ -->\n<title>Peugeot Fractal : La magnifique d\u00e9structuration - Blog Autosphere<\/title>\n<meta name=\"robots\" content=\"index, follow, max-snippet:-1, max-image-preview:large, max-video-preview:-1\" \/>\n<link rel=\"canonical\" href=\"https:\/\/www.autosphere.fr\/blog\/peugeot-fractal-la-magnifique-destructuration\/\" \/>\n<meta property=\"og:locale\" content=\"fr_FR\" \/>\n<meta property=\"og:type\" content=\"article\" \/>\n<meta property=\"og:title\" content=\"Peugeot Fractal : La magnifique d\u00e9structuration - Blog Autosphere\" \/>\n<meta property=\"og:description\" content=\"Au terme d\u2019une s\u00e9rie de teaser, Peugeot a plus clairement d\u00e9voil\u00e9 les lignes de son concept Fractal promis pour le salon de Francfort (17-27 septembre). Il s\u2019agit finalement d\u2019un Coup\u00e9 2+2 aux lignes ac\u00e9r\u00e9es avec au moins un mode tout \u00e9lectrique. Futuriste, d\u00e9coup\u00e9 \u00e0 la serpe mais pour autant tr\u00e8s attirant, le concept Peugeot Fractal [&hellip;]\" \/>\n<meta property=\"og:url\" content=\"https:\/\/www.autosphere.fr\/blog\/peugeot-fractal-la-magnifique-destructuration\/\" \/>\n<meta property=\"og:site_name\" content=\"Blog Autosphere\" \/>\n<meta property=\"article:publisher\" content=\"https:\/\/www.facebook.com\/autosphere\" \/>\n<meta property=\"article:published_time\" content=\"2015-09-01T07:29:38+00:00\" \/>\n<meta property=\"article:modified_time\" content=\"2022-11-22T09:16:20+00:00\" \/>\n<meta property=\"og:image\" content=\"https:\/\/www.autosphere.fr\/blog\/wp-content\/uploads\/2022\/11\/7649a3805a6f4bb73750b1e24b4fa223.jpg\" \/>\n\t<meta property=\"og:image:width\" content=\"400\" \/>\n\t<meta property=\"og:image:height\" content=\"210\" \/>\n\t<meta property=\"og:image:type\" content=\"image\/jpeg\" \/>\n<meta name=\"author\" content=\"Florent CHEDOZEAU\" \/>\n<meta name=\"twitter:card\" content=\"summary_large_image\" \/>\n<meta name=\"twitter:label1\" content=\"\u00c9crit par\" \/>\n\t<meta name=\"twitter:data1\" content=\"Florent CHEDOZEAU\" \/>\n\t<meta name=\"twitter:label2\" content=\"Dur\u00e9e de lecture estim\u00e9e\" \/>\n\t<meta name=\"twitter:data2\" content=\"2 minutes\" \/>\n<!-- \/ Yoast SEO plugin. -->","yoast_head_json":{"title":"Peugeot Fractal : La magnifique d\u00e9structuration - Blog Autosphere","robots":{"index":"index","follow":"follow","max-snippet":"max-snippet:-1","max-image-preview":"max-image-preview:large","max-video-preview":"max-video-preview:-1"},"canonical":"https:\/\/www.autosphere.fr\/blog\/peugeot-fractal-la-magnifique-destructuration\/","og_locale":"fr_FR","og_type":"article","og_title":"Peugeot Fractal : La magnifique d\u00e9structuration - Blog Autosphere","og_description":"Au terme d\u2019une s\u00e9rie de teaser, Peugeot a plus clairement d\u00e9voil\u00e9 les lignes de son concept Fractal promis pour le salon de Francfort (17-27 septembre). Il s\u2019agit finalement d\u2019un Coup\u00e9 2+2 aux lignes ac\u00e9r\u00e9es avec au moins un mode tout \u00e9lectrique. Futuriste, d\u00e9coup\u00e9 \u00e0 la serpe mais pour autant tr\u00e8s attirant, le concept Peugeot Fractal [&hellip;]","og_url":"https:\/\/www.autosphere.fr\/blog\/peugeot-fractal-la-magnifique-destructuration\/","og_site_name":"Blog Autosphere","article_publisher":"https:\/\/www.facebook.com\/autosphere","article_published_time":"2015-09-01T07:29:38+00:00","article_modified_time":"2022-11-22T09:16:20+00:00","og_image":[{"width":400,"height":210,"url":"https:\/\/www.autosphere.fr\/blog\/wp-content\/uploads\/2022\/11\/7649a3805a6f4bb73750b1e24b4fa223.jpg","type":"image\/jpeg"}],"author":"Florent CHEDOZEAU","twitter_card":"summary_large_image","twitter_misc":{"\u00c9crit par":"Florent CHEDOZEAU","Dur\u00e9e de lecture estim\u00e9e":"2 minutes"},"schema":{"@context":"https:\/\/schema.org","@graph":[{"@type":"Article","@id":"https:\/\/www.autosphere.fr\/blog\/peugeot-fractal-la-magnifique-destructuration\/#article","isPartOf":{"@id":"https:\/\/www.autosphere.fr\/blog\/peugeot-fractal-la-magnifique-destructuration\/"},"author":{"name":"Florent CHEDOZEAU","@id":"https:\/\/www.autosphere.fr\/blog\/#\/schema\/person\/157d3ac8c260cc43fa708dbfa8fe558d"},"headline":"Peugeot Fractal : La magnifique d\u00e9structuration","datePublished":"2015-09-01T07:29:38+00:00","dateModified":"2022-11-22T09:16:20+00:00","mainEntityOfPage":{"@id":"https:\/\/www.autosphere.fr\/blog\/peugeot-fractal-la-magnifique-destructuration\/"},"wordCount":490,"commentCount":0,"publisher":{"@id":"https:\/\/www.autosphere.fr\/blog\/#organization"},"image":{"@id":"https:\/\/www.autosphere.fr\/blog\/peugeot-fractal-la-magnifique-destructuration\/#primaryimage"},"thumbnailUrl":"https:\/\/www.autosphere.fr\/blog\/wp-content\/uploads\/2022\/11\/7649a3805a6f4bb73750b1e24b4fa223.jpg","articleSection":["Actualit\u00e9s"],"inLanguage":"fr-FR","potentialAction":[{"@type":"CommentAction","name":"Comment","target":["https:\/\/www.autosphere.fr\/blog\/peugeot-fractal-la-magnifique-destructuration\/#respond"]}]},{"@type":"WebPage","@id":"https:\/\/www.autosphere.fr\/blog\/peugeot-fractal-la-magnifique-destructuration\/","url":"https:\/\/www.autosphere.fr\/blog\/peugeot-fractal-la-magnifique-destructuration\/","name":"Peugeot Fractal : La magnifique d\u00e9structuration - Blog Autosphere","isPartOf":{"@id":"https:\/\/www.autosphere.fr\/blog\/#website"},"primaryImageOfPage":{"@id":"https:\/\/www.autosphere.fr\/blog\/peugeot-fractal-la-magnifique-destructuration\/#primaryimage"},"image":{"@id":"https:\/\/www.autosphere.fr\/blog\/peugeot-fractal-la-magnifique-destructuration\/#primaryimage"},"thumbnailUrl":"https:\/\/www.autosphere.fr\/blog\/wp-content\/uploads\/2022\/11\/7649a3805a6f4bb73750b1e24b4fa223.jpg","datePublished":"2015-09-01T07:29:38+00:00","dateModified":"2022-11-22T09:16:20+00:00","breadcrumb":{"@id":"https:\/\/www.autosphere.fr\/blog\/peugeot-fractal-la-magnifique-destructuration\/#breadcrumb"},"inLanguage":"fr-FR","potentialAction":[{"@type":"ReadAction","target":["https:\/\/www.autosphere.fr\/blog\/peugeot-fractal-la-magnifique-destructuration\/"]}]},{"@type":"ImageObject","inLanguage":"fr-FR","@id":"https:\/\/www.autosphere.fr\/blog\/peugeot-fractal-la-magnifique-destructuration\/#primaryimage","url":"https:\/\/www.autosphere.fr\/blog\/wp-content\/uploads\/2022\/11\/7649a3805a6f4bb73750b1e24b4fa223.jpg","contentUrl":"https:\/\/www.autosphere.fr\/blog\/wp-content\/uploads\/2022\/11\/7649a3805a6f4bb73750b1e24b4fa223.jpg","width":400,"height":210},{"@type":"BreadcrumbList","@id":"https:\/\/www.autosphere.fr\/blog\/peugeot-fractal-la-magnifique-destructuration\/#breadcrumb","itemListElement":[{"@type":"ListItem","position":1,"name":"Accueil","item":"https:\/\/www.autosphere.fr\/blog\/"},{"@type":"ListItem","position":2,"name":"Peugeot Fractal : La magnifique d\u00e9structuration"}]},{"@type":"WebSite","@id":"https:\/\/www.autosphere.fr\/blog\/#website","url":"https:\/\/www.autosphere.fr\/blog\/","name":"Blog Autosphere","description":"","publisher":{"@id":"https:\/\/www.autosphere.fr\/blog\/#organization"},"potentialAction":[{"@type":"SearchAction","target":{"@type":"EntryPoint","urlTemplate":"https:\/\/www.autosphere.fr\/blog\/?s={search_term_string}"},"query-input":{"@type":"PropertyValueSpecification","valueRequired":true,"valueName":"search_term_string"}}],"inLanguage":"fr-FR"},{"@type":"Organization","@id":"https:\/\/www.autosphere.fr\/blog\/#organization","name":"Blog Autosphere","url":"https:\/\/www.autosphere.fr\/blog\/","logo":{"@type":"ImageObject","inLanguage":"fr-FR","@id":"https:\/\/www.autosphere.fr\/blog\/#\/schema\/logo\/image\/","url":"https:\/\/www.autosphere.fr\/blog\/wp-content\/uploads\/2022\/11\/le-blog-autosphere.png","contentUrl":"https:\/\/www.autosphere.fr\/blog\/wp-content\/uploads\/2022\/11\/le-blog-autosphere.png","width":241,"height":35,"caption":"Blog Autosphere"},"image":{"@id":"https:\/\/www.autosphere.fr\/blog\/#\/schema\/logo\/image\/"},"sameAs":["https:\/\/www.facebook.com\/autosphere","https:\/\/www.instagram.com\/autosphere"]},{"@type":"Person","@id":"https:\/\/www.autosphere.fr\/blog\/#\/schema\/person\/157d3ac8c260cc43fa708dbfa8fe558d","name":"Florent CHEDOZEAU","url":"https:\/\/www.autosphere.fr\/blog\/author\/florent-chedozeau\/"}]}},"_links":{"self":[{"href":"https:\/\/www.autosphere.fr\/blog\/wp-json\/wp\/v2\/posts\/1664","targetHints":{"allow":["GET"]}}],"collection":[{"href":"https:\/\/www.autosphere.fr\/blog\/wp-json\/wp\/v2\/posts"}],"about":[{"href":"https:\/\/www.autosphere.fr\/blog\/wp-json\/wp\/v2\/types\/post"}],"author":[{"embeddable":true,"href":"https:\/\/www.autosphere.fr\/blog\/wp-json\/wp\/v2\/users\/3"}],"replies":[{"embeddable":true,"href":"https:\/\/www.autosphere.fr\/blog\/wp-json\/wp\/v2\/comments?post=1664"}],"version-history":[{"count":1,"href":"https:\/\/www.autosphere.fr\/blog\/wp-json\/wp\/v2\/posts\/1664\/revisions"}],"predecessor-version":[{"id":3777,"href":"https:\/\/www.autosphere.fr\/blog\/wp-json\/wp\/v2\/posts\/1664\/revisions\/3777"}],"wp:featuredmedia":[{"embeddable":true,"href":"https:\/\/www.autosphere.fr\/blog\/wp-json\/wp\/v2\/media\/1665"}],"wp:attachment":[{"href":"https:\/\/www.autosphere.fr\/blog\/wp-json\/wp\/v2\/media?parent=1664"}],"wp:term":[{"taxonomy":"category","embeddable":true,"href":"https:\/\/www.autosphere.fr\/blog\/wp-json\/wp\/v2\/categories?post=1664"},{"taxonomy":"post_tag","embeddable":true,"href":"https:\/\/www.autosphere.fr\/blog\/wp-json\/wp\/v2\/tags?post=1664"},{"taxonomy":"marque","embeddable":true,"href":"https:\/\/www.autosphere.fr\/blog\/wp-json\/wp\/v2\/marque?post=1664"}],"curies":[{"name":"wp","href":"https:\/\/api.w.org\/{rel}","templated":true}]}}