{"id":1728,"date":"2015-10-13T15:26:03","date_gmt":"2015-10-13T13:26:03","guid":{"rendered":"https:\/\/blogautosphere.creatic-agency.fr\/les-voitures-abandonnees-de-fukushima\/"},"modified":"2022-11-22T11:16:21","modified_gmt":"2022-11-22T09:16:21","slug":"les-voitures-abandonnees-de-fukushima","status":"publish","type":"post","link":"https:\/\/www.autosphere.fr\/blog\/les-voitures-abandonnees-de-fukushima\/","title":{"rendered":"Les voitures abandonn\u00e9es de Fukushima"},"content":{"rendered":"<div class=\"custom-post-container\">\n<p style=\"text-align: justify;\">Arkadiusz Podniesinki a r\u00e9alis\u00e9 un \u00e9tonnant voyage photo. Il s\u2019est balad\u00e9 au coeur de la zone d\u2019exclusion de Fukushima. L\u2019endroit est devenu invivable depuis la catastrophe nucl\u00e9aire cons\u00e9cutive au Tsunami de mars 2011. Emprunt d\u2019une po\u00e9sie morbide, ses photos montrent une nature qui reprend ses droits en d\u00e9pit de l\u2019invisible poison.<\/p>\n<p style=\"text-align: justify;\">Le parall\u00e8le avec le d\u00e9but de la diffusion de la saison 6 de The Walking Dead ne peut \u00eatre \u00e9vit\u00e9 tant les paysages photographi\u00e9s par Arkadiusz Podniesinki semblent trahir une activit\u00e9 humaine tout d\u2019un coup interrompue par une catastrophe. Sauf que pour la zone d\u2019exclusion de Fukushima, il ne s\u2019agit pas de fiction mais de la r\u00e9alit\u00e9. De la vie de 160 000 personnes que le gouvernement japonais a fait \u00e9vacuer apr\u00e8s le plus grave incident nucl\u00e9aire depuis 1986 et Tchernobyl. Le s\u00e9isme conjugu\u00e9 au Tsunami du 11 mars 2011 a conduit \u00e0 une accumulation d\u2019erreurs et de d\u00e9faillances entrainant le d\u00e9faut du refroidissement des r\u00e9acteurs de la centrale de Fukushima. Le coeur d\u2019au moins deux r\u00e9acteurs nucl\u00e9aires a fondu.<\/p>\n<h2>L\u00e0 o\u00f9 le temps s\u2019est arr\u00eat\u00e9<\/h2>\n<p style=\"text-align: justify;\">Afin de d\u00e9gager les routes, les services japonais ont d\u00e9plac\u00e9 des centaines, voire des milliers de v\u00e9hicules pour les entreposer ici ou l\u00e0 comme dans ce champ rendu inaccessible non loin du Futuba. C\u2019est par drone que Arkadiusz Podniesinki a r\u00e9ussi \u00e0 les capturer dans leur ensemble. On y voit ce qui parait au loin comme un embouteillage au coeur d\u2019une v\u00e9g\u00e9tation qui a repris ses droits depuis plus de 4 ans. Dans certains endroits, les feuillages montent plus haut que les voitures. Le temps y semble arr\u00eat\u00e9, preuve que cette solution provisoire est partie pour durer. En effet, les autorit\u00e9s japonaises ne pourront d\u00e9placer ces v\u00e9hicules qu\u2019avec l\u2019accord des propri\u00e9taires. Mettez-vous \u00e0 leur place, que feriez-vous d\u2019un monopsace radio-actif ? Au plus pr\u00e8s de ces voitures, le photographe polonais rel\u00e8ve un taux de radiation de 6,7 uSv\/h. Un niveau de contamination certain dont les retomb\u00e9es ne pourront \u00eatre r\u00e9ellement quantifi\u00e9es au fil des ann\u00e9es.<\/p>\n<p style=\"text-align: justify;\">D\u2019autres clich\u00e9s sont stup\u00e9fiants. On y voit par exemple une moto tenant sur un r\u00e9verb\u00e8re et grignot\u00e9e par les mauvaises herbes. Plus surprenant encore, certains quartiers de Namie b\u00e9n\u00e9ficient toujours d\u2019\u00e9clairage publique la nuit tomb\u00e9e. Pourtant plus personne n\u2019y habite. <\/p>\n<p style=\"text-align: justify;\">Ironie de l\u2019histoire, Arkadiusz Podniesinki se prend en photo juste en dessous d\u2019une arche traversant la route et o\u00f9 il est \u00e9crit : \u00ab<em> L\u2019\u00e9nergie nucl\u00e9aire est l\u2019\u00e9nergie d\u2019un futur radieux<\/em> \u00bb.<\/p>\n<p style=\"text-align: justify;\">Je vous conseille vivement la visite du site d\u2019<a href=\"http:\/\/www.podniesinski.pl\/portal\/?lg=en\" target=\"_blank\" rel=\"noopener\">Arkadiusz Podniesinki<\/a>. Le Polonais s\u2019est fait une sp\u00e9cialit\u00e9 des sites abandonn\u00e9s comme Fukushima, Tchernobyl ou encore Tomboa, cit\u00e9 angolaise rong\u00e9e par le d\u00e9sert.<\/p>\n<\/div>\n","protected":false},"excerpt":{"rendered":"<p>Arkadiusz Podniesinki a r\u00e9alis\u00e9 un \u00e9tonnant voyage photo. Il s\u2019est balad\u00e9 au coeur de la zone d\u2019exclusion de Fukushima. L\u2019endroit est devenu invivable depuis la catastrophe nucl\u00e9aire cons\u00e9cutive au Tsunami de mars 2011. Emprunt d\u2019une po\u00e9sie morbide, ses photos montrent une nature qui reprend ses droits en d\u00e9pit de l\u2019invisible poison. Le parall\u00e8le avec le [&hellip;]<\/p>\n","protected":false},"author":3,"featured_media":1729,"comment_status":"open","ping_status":"open","sticky":false,"template":"","format":"standard","meta":{"_acf_changed":false,"footnotes":""},"categories":[2],"tags":[],"marque":[],"class_list":["post-1728","post","type-post","status-publish","format-standard","has-post-thumbnail","hentry","category-actualites"],"acf":[],"yoast_head":"<!-- This site is optimized with the Yoast SEO plugin v27.2 - https:\/\/yoast.com\/product\/yoast-seo-wordpress\/ -->\n<title>Les voitures abandonn\u00e9es de Fukushima - Blog Autosphere<\/title>\n<meta name=\"robots\" content=\"index, follow, max-snippet:-1, max-image-preview:large, max-video-preview:-1\" \/>\n<link rel=\"canonical\" href=\"https:\/\/www.autosphere.fr\/blog\/les-voitures-abandonnees-de-fukushima\/\" \/>\n<meta property=\"og:locale\" content=\"fr_FR\" \/>\n<meta property=\"og:type\" content=\"article\" \/>\n<meta property=\"og:title\" content=\"Les voitures abandonn\u00e9es de Fukushima - Blog Autosphere\" \/>\n<meta property=\"og:description\" content=\"Arkadiusz Podniesinki a r\u00e9alis\u00e9 un \u00e9tonnant voyage photo. Il s\u2019est balad\u00e9 au coeur de la zone d\u2019exclusion de Fukushima. L\u2019endroit est devenu invivable depuis la catastrophe nucl\u00e9aire cons\u00e9cutive au Tsunami de mars 2011. Emprunt d\u2019une po\u00e9sie morbide, ses photos montrent une nature qui reprend ses droits en d\u00e9pit de l\u2019invisible poison. Le parall\u00e8le avec le [&hellip;]\" \/>\n<meta property=\"og:url\" content=\"https:\/\/www.autosphere.fr\/blog\/les-voitures-abandonnees-de-fukushima\/\" \/>\n<meta property=\"og:site_name\" content=\"Blog Autosphere\" \/>\n<meta property=\"article:publisher\" content=\"https:\/\/www.facebook.com\/autosphere\" \/>\n<meta property=\"article:published_time\" content=\"2015-10-13T13:26:03+00:00\" \/>\n<meta property=\"article:modified_time\" content=\"2022-11-22T09:16:21+00:00\" \/>\n<meta property=\"og:image\" content=\"https:\/\/www.autosphere.fr\/blog\/wp-content\/uploads\/2022\/11\/92a28c908759b0694e1edb4923f2d21a.jpg\" \/>\n\t<meta property=\"og:image:width\" content=\"400\" \/>\n\t<meta property=\"og:image:height\" content=\"210\" \/>\n\t<meta property=\"og:image:type\" content=\"image\/jpeg\" \/>\n<meta name=\"author\" content=\"Florent CHEDOZEAU\" \/>\n<meta name=\"twitter:card\" content=\"summary_large_image\" \/>\n<meta name=\"twitter:label1\" content=\"\u00c9crit par\" \/>\n\t<meta name=\"twitter:data1\" content=\"Florent CHEDOZEAU\" \/>\n\t<meta name=\"twitter:label2\" content=\"Dur\u00e9e de lecture estim\u00e9e\" \/>\n\t<meta name=\"twitter:data2\" content=\"2 minutes\" \/>\n<!-- \/ Yoast SEO plugin. -->","yoast_head_json":{"title":"Les voitures abandonn\u00e9es de Fukushima - Blog Autosphere","robots":{"index":"index","follow":"follow","max-snippet":"max-snippet:-1","max-image-preview":"max-image-preview:large","max-video-preview":"max-video-preview:-1"},"canonical":"https:\/\/www.autosphere.fr\/blog\/les-voitures-abandonnees-de-fukushima\/","og_locale":"fr_FR","og_type":"article","og_title":"Les voitures abandonn\u00e9es de Fukushima - Blog Autosphere","og_description":"Arkadiusz Podniesinki a r\u00e9alis\u00e9 un \u00e9tonnant voyage photo. Il s\u2019est balad\u00e9 au coeur de la zone d\u2019exclusion de Fukushima. L\u2019endroit est devenu invivable depuis la catastrophe nucl\u00e9aire cons\u00e9cutive au Tsunami de mars 2011. Emprunt d\u2019une po\u00e9sie morbide, ses photos montrent une nature qui reprend ses droits en d\u00e9pit de l\u2019invisible poison. Le parall\u00e8le avec le [&hellip;]","og_url":"https:\/\/www.autosphere.fr\/blog\/les-voitures-abandonnees-de-fukushima\/","og_site_name":"Blog Autosphere","article_publisher":"https:\/\/www.facebook.com\/autosphere","article_published_time":"2015-10-13T13:26:03+00:00","article_modified_time":"2022-11-22T09:16:21+00:00","og_image":[{"width":400,"height":210,"url":"https:\/\/www.autosphere.fr\/blog\/wp-content\/uploads\/2022\/11\/92a28c908759b0694e1edb4923f2d21a.jpg","type":"image\/jpeg"}],"author":"Florent CHEDOZEAU","twitter_card":"summary_large_image","twitter_misc":{"\u00c9crit par":"Florent CHEDOZEAU","Dur\u00e9e de lecture estim\u00e9e":"2 minutes"},"schema":{"@context":"https:\/\/schema.org","@graph":[{"@type":"Article","@id":"https:\/\/www.autosphere.fr\/blog\/les-voitures-abandonnees-de-fukushima\/#article","isPartOf":{"@id":"https:\/\/www.autosphere.fr\/blog\/les-voitures-abandonnees-de-fukushima\/"},"author":{"name":"Florent CHEDOZEAU","@id":"https:\/\/www.autosphere.fr\/blog\/#\/schema\/person\/157d3ac8c260cc43fa708dbfa8fe558d"},"headline":"Les voitures abandonn\u00e9es de Fukushima","datePublished":"2015-10-13T13:26:03+00:00","dateModified":"2022-11-22T09:16:21+00:00","mainEntityOfPage":{"@id":"https:\/\/www.autosphere.fr\/blog\/les-voitures-abandonnees-de-fukushima\/"},"wordCount":500,"commentCount":0,"publisher":{"@id":"https:\/\/www.autosphere.fr\/blog\/#organization"},"image":{"@id":"https:\/\/www.autosphere.fr\/blog\/les-voitures-abandonnees-de-fukushima\/#primaryimage"},"thumbnailUrl":"https:\/\/www.autosphere.fr\/blog\/wp-content\/uploads\/2022\/11\/92a28c908759b0694e1edb4923f2d21a.jpg","articleSection":["Actualit\u00e9s"],"inLanguage":"fr-FR","potentialAction":[{"@type":"CommentAction","name":"Comment","target":["https:\/\/www.autosphere.fr\/blog\/les-voitures-abandonnees-de-fukushima\/#respond"]}]},{"@type":"WebPage","@id":"https:\/\/www.autosphere.fr\/blog\/les-voitures-abandonnees-de-fukushima\/","url":"https:\/\/www.autosphere.fr\/blog\/les-voitures-abandonnees-de-fukushima\/","name":"Les voitures abandonn\u00e9es de Fukushima - Blog Autosphere","isPartOf":{"@id":"https:\/\/www.autosphere.fr\/blog\/#website"},"primaryImageOfPage":{"@id":"https:\/\/www.autosphere.fr\/blog\/les-voitures-abandonnees-de-fukushima\/#primaryimage"},"image":{"@id":"https:\/\/www.autosphere.fr\/blog\/les-voitures-abandonnees-de-fukushima\/#primaryimage"},"thumbnailUrl":"https:\/\/www.autosphere.fr\/blog\/wp-content\/uploads\/2022\/11\/92a28c908759b0694e1edb4923f2d21a.jpg","datePublished":"2015-10-13T13:26:03+00:00","dateModified":"2022-11-22T09:16:21+00:00","breadcrumb":{"@id":"https:\/\/www.autosphere.fr\/blog\/les-voitures-abandonnees-de-fukushima\/#breadcrumb"},"inLanguage":"fr-FR","potentialAction":[{"@type":"ReadAction","target":["https:\/\/www.autosphere.fr\/blog\/les-voitures-abandonnees-de-fukushima\/"]}]},{"@type":"ImageObject","inLanguage":"fr-FR","@id":"https:\/\/www.autosphere.fr\/blog\/les-voitures-abandonnees-de-fukushima\/#primaryimage","url":"https:\/\/www.autosphere.fr\/blog\/wp-content\/uploads\/2022\/11\/92a28c908759b0694e1edb4923f2d21a.jpg","contentUrl":"https:\/\/www.autosphere.fr\/blog\/wp-content\/uploads\/2022\/11\/92a28c908759b0694e1edb4923f2d21a.jpg","width":400,"height":210},{"@type":"BreadcrumbList","@id":"https:\/\/www.autosphere.fr\/blog\/les-voitures-abandonnees-de-fukushima\/#breadcrumb","itemListElement":[{"@type":"ListItem","position":1,"name":"Accueil","item":"https:\/\/www.autosphere.fr\/blog\/"},{"@type":"ListItem","position":2,"name":"Les voitures abandonn\u00e9es de Fukushima"}]},{"@type":"WebSite","@id":"https:\/\/www.autosphere.fr\/blog\/#website","url":"https:\/\/www.autosphere.fr\/blog\/","name":"Blog Autosphere","description":"","publisher":{"@id":"https:\/\/www.autosphere.fr\/blog\/#organization"},"potentialAction":[{"@type":"SearchAction","target":{"@type":"EntryPoint","urlTemplate":"https:\/\/www.autosphere.fr\/blog\/?s={search_term_string}"},"query-input":{"@type":"PropertyValueSpecification","valueRequired":true,"valueName":"search_term_string"}}],"inLanguage":"fr-FR"},{"@type":"Organization","@id":"https:\/\/www.autosphere.fr\/blog\/#organization","name":"Blog Autosphere","url":"https:\/\/www.autosphere.fr\/blog\/","logo":{"@type":"ImageObject","inLanguage":"fr-FR","@id":"https:\/\/www.autosphere.fr\/blog\/#\/schema\/logo\/image\/","url":"https:\/\/www.autosphere.fr\/blog\/wp-content\/uploads\/2022\/11\/le-blog-autosphere.png","contentUrl":"https:\/\/www.autosphere.fr\/blog\/wp-content\/uploads\/2022\/11\/le-blog-autosphere.png","width":241,"height":35,"caption":"Blog Autosphere"},"image":{"@id":"https:\/\/www.autosphere.fr\/blog\/#\/schema\/logo\/image\/"},"sameAs":["https:\/\/www.facebook.com\/autosphere","https:\/\/www.instagram.com\/autosphere"]},{"@type":"Person","@id":"https:\/\/www.autosphere.fr\/blog\/#\/schema\/person\/157d3ac8c260cc43fa708dbfa8fe558d","name":"Florent CHEDOZEAU","url":"https:\/\/www.autosphere.fr\/blog\/author\/florent-chedozeau\/"}]}},"_links":{"self":[{"href":"https:\/\/www.autosphere.fr\/blog\/wp-json\/wp\/v2\/posts\/1728","targetHints":{"allow":["GET"]}}],"collection":[{"href":"https:\/\/www.autosphere.fr\/blog\/wp-json\/wp\/v2\/posts"}],"about":[{"href":"https:\/\/www.autosphere.fr\/blog\/wp-json\/wp\/v2\/types\/post"}],"author":[{"embeddable":true,"href":"https:\/\/www.autosphere.fr\/blog\/wp-json\/wp\/v2\/users\/3"}],"replies":[{"embeddable":true,"href":"https:\/\/www.autosphere.fr\/blog\/wp-json\/wp\/v2\/comments?post=1728"}],"version-history":[{"count":1,"href":"https:\/\/www.autosphere.fr\/blog\/wp-json\/wp\/v2\/posts\/1728\/revisions"}],"predecessor-version":[{"id":3791,"href":"https:\/\/www.autosphere.fr\/blog\/wp-json\/wp\/v2\/posts\/1728\/revisions\/3791"}],"wp:featuredmedia":[{"embeddable":true,"href":"https:\/\/www.autosphere.fr\/blog\/wp-json\/wp\/v2\/media\/1729"}],"wp:attachment":[{"href":"https:\/\/www.autosphere.fr\/blog\/wp-json\/wp\/v2\/media?parent=1728"}],"wp:term":[{"taxonomy":"category","embeddable":true,"href":"https:\/\/www.autosphere.fr\/blog\/wp-json\/wp\/v2\/categories?post=1728"},{"taxonomy":"post_tag","embeddable":true,"href":"https:\/\/www.autosphere.fr\/blog\/wp-json\/wp\/v2\/tags?post=1728"},{"taxonomy":"marque","embeddable":true,"href":"https:\/\/www.autosphere.fr\/blog\/wp-json\/wp\/v2\/marque?post=1728"}],"curies":[{"name":"wp","href":"https:\/\/api.w.org\/{rel}","templated":true}]}}