{"id":1739,"date":"2015-10-22T21:13:27","date_gmt":"2015-10-22T19:13:27","guid":{"rendered":"https:\/\/blogautosphere.creatic-agency.fr\/le-corbusier-discutable-concept-en-mousse\/"},"modified":"2022-11-22T11:16:22","modified_gmt":"2022-11-22T09:16:22","slug":"le-corbusier-discutable-concept-en-mousse","status":"publish","type":"post","link":"https:\/\/www.autosphere.fr\/blog\/le-corbusier-discutable-concept-en-mousse\/","title":{"rendered":"Le Corbusier, discutable concept en mousse"},"content":{"rendered":"<div class=\"custom-post-container\">\n<p style=\"text-align: justify;\">Concepteur de l\u2019unit\u00e9 d\u2019habitation qui a abouti \u00e0 tant de barres d&#8217;immeubles, Le Corbusier est d\u00e9c\u00e9d\u00e9 voil\u00e0 50 ans. Pour ce faire, Renault lui rend hommage \u00e0 travers un concept \u00e9ponyme.<\/p>\n<p style=\"text-align: justify;\">\u00ab<em> L\u00e0 o\u00f9 nait l\u2019ordre, na\u00eet le bien-\u00eatre<\/em> \u00bb, ces mots sont de Charles-\u00c9douard Jeanneret-Gris, dit Le Corbusier. Touche \u00e0 touche artistique, le Suisse de naissance (naturalis\u00e9 fran\u00e7ais en 1930) est l\u2019un des piliers de&nbsp;<a href=\"https:\/\/www.google.fr\/search?q=oeuvre+Le+Corbusier&#038;espv=2&#038;biw=1263&#038;bih=802&#038;source=lnms&#038;tbm=isch&#038;sa=X&#038;ved=0CAYQ_AUoAWoVChMIur31vP3WyAIVAgMaCh2s7Aer\" target=\"_blank\" rel=\"noopener\">l\u2019architecture du mouvement moderne<\/a>, tendance puriste. Dans la n\u00e9cessit\u00e9 de reconstruire et loger au sortir de la seconde guerre mondiale, son style a abouti \u00e0 des barres d\u2019immeubles b\u00e9tonn\u00e9es et grises. De celles que l\u2019on devrait dynamiter. <\/p>\n<p style=\"text-align: justify;\">L\u2019oeuvre architecturale est discutable tout comme ses opinions politiques o\u00f9 il apparait comme un antis\u00e9mite, un p\u00e9tainiste et un admirateur de l\u2019ordre cr\u00e9\u00e9 par les autoroutes de l\u2019Allemagne nazie. Pour autant il convient de diff\u00e9rencier l\u2019oeuvre d\u2019un homme de ses id\u00e9es. On peut tout de m\u00eame se dire qu\u2019avec un pass\u00e9 plus ou moins <em>collabo<\/em>, Renault aurait pu faire l\u2019\u00e9conomie de ce genre de rapprochement.<\/p>\n<h2>Pas de badge Renault<\/h2>\n<p style=\"text-align: justify;\">En travaillant sur des sujets \u00ab<em> prospectifs <\/em>\u00bb, donc sans rapport avec un renouvellement de gamme et simplement pour laisser libre court \u00e0 la cr\u00e9ativit\u00e9 des artistes du Design du Groupe Renault, il fut d\u00e9cid\u00e9 de travailler autour des \u00ab<em> objets de la culture fran\u00e7aise<\/em> \u00bb. L\u2019influence du style Le Corbusier devint un axe de travail autour de la simplicit\u00e9, de la visibilit\u00e9 et de \u00ab<em> l\u2019\u00e9l\u00e9gance g\u00e9om\u00e9trique<\/em> \u00bb. Deux ans plus tard, voici le Coup\u00e9 C(orbusier). Une maquette en mousse grandeur nature au capot interminable, \u00e0 la poupe qui n\u2019est pas sans rappeler une F-Type Coup\u00e9 et d\u00e9pourvu de losange. &nbsp;La face avant rappelle un concept DS ou Citro\u00ebn (GTbyCitro\u00ebn).&nbsp;Vous avez bien lu, il s\u2019agit d\u2019un objet en forme de voiture mais d\u00e9nu\u00e9 de toute m\u00e9canique. Le concept ne roulera jamais.&nbsp;<\/p>\n<p style=\"text-align: justify;\">L\u2019ensemble parait sorti d\u2019un futur effrayant, ce qui est d\u2019autant plus d\u00e9routant lorsque l\u2019on sort d\u2019une semaine de \u00ab c\u00e9l\u00e9brations \u00bb de \u00ab&nbsp;<a href=\"https:\/\/www.autosphere.fr\/blog\/media\/technologie\/lrheritage-de-retour-vers-le-futur-ii\/7322\/\">Retour vers le Futur<\/a> \u00bb. <\/p>\n<p style=\"text-align: justify;\">Le concept, mais aussi une maquette de l\u2019habitacle au 1\/5 sont \u00e0 d\u00e9couvrir dans le cadre de l\u2019exposition \u00ab <em>Des voitures \u00e0 habiter : automobile et modernisme XXe-XXIe si\u00e8cles <\/em>\u00bb \u00e0 la Villa Savoye (cr\u00e9\u00e9e par Le Corbusier) \u00e0 Poissy (78) jusqu&#8217;au 20 mars 2016.<\/p>\n<\/div>\n","protected":false},"excerpt":{"rendered":"<p>Concepteur de l\u2019unit\u00e9 d\u2019habitation qui a abouti \u00e0 tant de barres d&#8217;immeubles, Le Corbusier est d\u00e9c\u00e9d\u00e9 voil\u00e0 50 ans. Pour ce faire, Renault lui rend hommage \u00e0 travers un concept \u00e9ponyme. \u00ab L\u00e0 o\u00f9 nait l\u2019ordre, na\u00eet le bien-\u00eatre \u00bb, ces mots sont de Charles-\u00c9douard Jeanneret-Gris, dit Le Corbusier. Touche \u00e0 touche artistique, le Suisse [&hellip;]<\/p>\n","protected":false},"author":3,"featured_media":1740,"comment_status":"open","ping_status":"open","sticky":false,"template":"","format":"standard","meta":{"_acf_changed":false,"footnotes":""},"categories":[2],"tags":[],"marque":[57],"class_list":["post-1739","post","type-post","status-publish","format-standard","has-post-thumbnail","hentry","category-actualites","marque-renault"],"acf":[],"yoast_head":"<!-- This site is optimized with the Yoast SEO plugin v27.2 - https:\/\/yoast.com\/product\/yoast-seo-wordpress\/ -->\n<title>Le Corbusier, discutable concept en mousse - Blog Autosphere<\/title>\n<meta name=\"robots\" content=\"index, follow, max-snippet:-1, max-image-preview:large, max-video-preview:-1\" \/>\n<link rel=\"canonical\" href=\"https:\/\/www.autosphere.fr\/blog\/le-corbusier-discutable-concept-en-mousse\/\" \/>\n<meta property=\"og:locale\" content=\"fr_FR\" \/>\n<meta property=\"og:type\" content=\"article\" \/>\n<meta property=\"og:title\" content=\"Le Corbusier, discutable concept en mousse - Blog Autosphere\" \/>\n<meta property=\"og:description\" content=\"Concepteur de l\u2019unit\u00e9 d\u2019habitation qui a abouti \u00e0 tant de barres d&#8217;immeubles, Le Corbusier est d\u00e9c\u00e9d\u00e9 voil\u00e0 50 ans. Pour ce faire, Renault lui rend hommage \u00e0 travers un concept \u00e9ponyme. \u00ab L\u00e0 o\u00f9 nait l\u2019ordre, na\u00eet le bien-\u00eatre \u00bb, ces mots sont de Charles-\u00c9douard Jeanneret-Gris, dit Le Corbusier. Touche \u00e0 touche artistique, le Suisse [&hellip;]\" \/>\n<meta property=\"og:url\" content=\"https:\/\/www.autosphere.fr\/blog\/le-corbusier-discutable-concept-en-mousse\/\" \/>\n<meta property=\"og:site_name\" content=\"Blog Autosphere\" \/>\n<meta property=\"article:publisher\" content=\"https:\/\/www.facebook.com\/autosphere\" \/>\n<meta property=\"article:published_time\" content=\"2015-10-22T19:13:27+00:00\" \/>\n<meta property=\"article:modified_time\" content=\"2022-11-22T09:16:22+00:00\" \/>\n<meta property=\"og:image\" content=\"https:\/\/www.autosphere.fr\/blog\/wp-content\/uploads\/2022\/11\/3e22f07a327dda432f931f3928f10db9.jpg\" \/>\n\t<meta property=\"og:image:width\" content=\"400\" \/>\n\t<meta property=\"og:image:height\" content=\"210\" \/>\n\t<meta property=\"og:image:type\" content=\"image\/jpeg\" \/>\n<meta name=\"author\" content=\"Florent CHEDOZEAU\" \/>\n<meta name=\"twitter:card\" content=\"summary_large_image\" \/>\n<meta name=\"twitter:label1\" content=\"\u00c9crit par\" \/>\n\t<meta name=\"twitter:data1\" content=\"Florent CHEDOZEAU\" \/>\n\t<meta name=\"twitter:label2\" content=\"Dur\u00e9e de lecture estim\u00e9e\" \/>\n\t<meta name=\"twitter:data2\" content=\"2 minutes\" \/>\n<!-- \/ Yoast SEO plugin. -->","yoast_head_json":{"title":"Le Corbusier, discutable concept en mousse - Blog Autosphere","robots":{"index":"index","follow":"follow","max-snippet":"max-snippet:-1","max-image-preview":"max-image-preview:large","max-video-preview":"max-video-preview:-1"},"canonical":"https:\/\/www.autosphere.fr\/blog\/le-corbusier-discutable-concept-en-mousse\/","og_locale":"fr_FR","og_type":"article","og_title":"Le Corbusier, discutable concept en mousse - Blog Autosphere","og_description":"Concepteur de l\u2019unit\u00e9 d\u2019habitation qui a abouti \u00e0 tant de barres d&#8217;immeubles, Le Corbusier est d\u00e9c\u00e9d\u00e9 voil\u00e0 50 ans. Pour ce faire, Renault lui rend hommage \u00e0 travers un concept \u00e9ponyme. \u00ab L\u00e0 o\u00f9 nait l\u2019ordre, na\u00eet le bien-\u00eatre \u00bb, ces mots sont de Charles-\u00c9douard Jeanneret-Gris, dit Le Corbusier. Touche \u00e0 touche artistique, le Suisse [&hellip;]","og_url":"https:\/\/www.autosphere.fr\/blog\/le-corbusier-discutable-concept-en-mousse\/","og_site_name":"Blog Autosphere","article_publisher":"https:\/\/www.facebook.com\/autosphere","article_published_time":"2015-10-22T19:13:27+00:00","article_modified_time":"2022-11-22T09:16:22+00:00","og_image":[{"width":400,"height":210,"url":"https:\/\/www.autosphere.fr\/blog\/wp-content\/uploads\/2022\/11\/3e22f07a327dda432f931f3928f10db9.jpg","type":"image\/jpeg"}],"author":"Florent CHEDOZEAU","twitter_card":"summary_large_image","twitter_misc":{"\u00c9crit par":"Florent CHEDOZEAU","Dur\u00e9e de lecture estim\u00e9e":"2 minutes"},"schema":{"@context":"https:\/\/schema.org","@graph":[{"@type":"Article","@id":"https:\/\/www.autosphere.fr\/blog\/le-corbusier-discutable-concept-en-mousse\/#article","isPartOf":{"@id":"https:\/\/www.autosphere.fr\/blog\/le-corbusier-discutable-concept-en-mousse\/"},"author":{"name":"Florent CHEDOZEAU","@id":"https:\/\/www.autosphere.fr\/blog\/#\/schema\/person\/157d3ac8c260cc43fa708dbfa8fe558d"},"headline":"Le Corbusier, discutable concept en mousse","datePublished":"2015-10-22T19:13:27+00:00","dateModified":"2022-11-22T09:16:22+00:00","mainEntityOfPage":{"@id":"https:\/\/www.autosphere.fr\/blog\/le-corbusier-discutable-concept-en-mousse\/"},"wordCount":418,"commentCount":0,"publisher":{"@id":"https:\/\/www.autosphere.fr\/blog\/#organization"},"image":{"@id":"https:\/\/www.autosphere.fr\/blog\/le-corbusier-discutable-concept-en-mousse\/#primaryimage"},"thumbnailUrl":"https:\/\/www.autosphere.fr\/blog\/wp-content\/uploads\/2022\/11\/3e22f07a327dda432f931f3928f10db9.jpg","articleSection":["Actualit\u00e9s"],"inLanguage":"fr-FR","potentialAction":[{"@type":"CommentAction","name":"Comment","target":["https:\/\/www.autosphere.fr\/blog\/le-corbusier-discutable-concept-en-mousse\/#respond"]}]},{"@type":"WebPage","@id":"https:\/\/www.autosphere.fr\/blog\/le-corbusier-discutable-concept-en-mousse\/","url":"https:\/\/www.autosphere.fr\/blog\/le-corbusier-discutable-concept-en-mousse\/","name":"Le Corbusier, discutable concept en mousse - Blog Autosphere","isPartOf":{"@id":"https:\/\/www.autosphere.fr\/blog\/#website"},"primaryImageOfPage":{"@id":"https:\/\/www.autosphere.fr\/blog\/le-corbusier-discutable-concept-en-mousse\/#primaryimage"},"image":{"@id":"https:\/\/www.autosphere.fr\/blog\/le-corbusier-discutable-concept-en-mousse\/#primaryimage"},"thumbnailUrl":"https:\/\/www.autosphere.fr\/blog\/wp-content\/uploads\/2022\/11\/3e22f07a327dda432f931f3928f10db9.jpg","datePublished":"2015-10-22T19:13:27+00:00","dateModified":"2022-11-22T09:16:22+00:00","breadcrumb":{"@id":"https:\/\/www.autosphere.fr\/blog\/le-corbusier-discutable-concept-en-mousse\/#breadcrumb"},"inLanguage":"fr-FR","potentialAction":[{"@type":"ReadAction","target":["https:\/\/www.autosphere.fr\/blog\/le-corbusier-discutable-concept-en-mousse\/"]}]},{"@type":"ImageObject","inLanguage":"fr-FR","@id":"https:\/\/www.autosphere.fr\/blog\/le-corbusier-discutable-concept-en-mousse\/#primaryimage","url":"https:\/\/www.autosphere.fr\/blog\/wp-content\/uploads\/2022\/11\/3e22f07a327dda432f931f3928f10db9.jpg","contentUrl":"https:\/\/www.autosphere.fr\/blog\/wp-content\/uploads\/2022\/11\/3e22f07a327dda432f931f3928f10db9.jpg","width":400,"height":210},{"@type":"BreadcrumbList","@id":"https:\/\/www.autosphere.fr\/blog\/le-corbusier-discutable-concept-en-mousse\/#breadcrumb","itemListElement":[{"@type":"ListItem","position":1,"name":"Accueil","item":"https:\/\/www.autosphere.fr\/blog\/"},{"@type":"ListItem","position":2,"name":"Le Corbusier, discutable concept en mousse"}]},{"@type":"WebSite","@id":"https:\/\/www.autosphere.fr\/blog\/#website","url":"https:\/\/www.autosphere.fr\/blog\/","name":"Blog Autosphere","description":"","publisher":{"@id":"https:\/\/www.autosphere.fr\/blog\/#organization"},"potentialAction":[{"@type":"SearchAction","target":{"@type":"EntryPoint","urlTemplate":"https:\/\/www.autosphere.fr\/blog\/?s={search_term_string}"},"query-input":{"@type":"PropertyValueSpecification","valueRequired":true,"valueName":"search_term_string"}}],"inLanguage":"fr-FR"},{"@type":"Organization","@id":"https:\/\/www.autosphere.fr\/blog\/#organization","name":"Blog Autosphere","url":"https:\/\/www.autosphere.fr\/blog\/","logo":{"@type":"ImageObject","inLanguage":"fr-FR","@id":"https:\/\/www.autosphere.fr\/blog\/#\/schema\/logo\/image\/","url":"https:\/\/www.autosphere.fr\/blog\/wp-content\/uploads\/2022\/11\/le-blog-autosphere.png","contentUrl":"https:\/\/www.autosphere.fr\/blog\/wp-content\/uploads\/2022\/11\/le-blog-autosphere.png","width":241,"height":35,"caption":"Blog Autosphere"},"image":{"@id":"https:\/\/www.autosphere.fr\/blog\/#\/schema\/logo\/image\/"},"sameAs":["https:\/\/www.facebook.com\/autosphere","https:\/\/www.instagram.com\/autosphere"]},{"@type":"Person","@id":"https:\/\/www.autosphere.fr\/blog\/#\/schema\/person\/157d3ac8c260cc43fa708dbfa8fe558d","name":"Florent CHEDOZEAU","url":"https:\/\/www.autosphere.fr\/blog\/author\/florent-chedozeau\/"}]}},"_links":{"self":[{"href":"https:\/\/www.autosphere.fr\/blog\/wp-json\/wp\/v2\/posts\/1739","targetHints":{"allow":["GET"]}}],"collection":[{"href":"https:\/\/www.autosphere.fr\/blog\/wp-json\/wp\/v2\/posts"}],"about":[{"href":"https:\/\/www.autosphere.fr\/blog\/wp-json\/wp\/v2\/types\/post"}],"author":[{"embeddable":true,"href":"https:\/\/www.autosphere.fr\/blog\/wp-json\/wp\/v2\/users\/3"}],"replies":[{"embeddable":true,"href":"https:\/\/www.autosphere.fr\/blog\/wp-json\/wp\/v2\/comments?post=1739"}],"version-history":[{"count":1,"href":"https:\/\/www.autosphere.fr\/blog\/wp-json\/wp\/v2\/posts\/1739\/revisions"}],"predecessor-version":[{"id":3794,"href":"https:\/\/www.autosphere.fr\/blog\/wp-json\/wp\/v2\/posts\/1739\/revisions\/3794"}],"wp:featuredmedia":[{"embeddable":true,"href":"https:\/\/www.autosphere.fr\/blog\/wp-json\/wp\/v2\/media\/1740"}],"wp:attachment":[{"href":"https:\/\/www.autosphere.fr\/blog\/wp-json\/wp\/v2\/media?parent=1739"}],"wp:term":[{"taxonomy":"category","embeddable":true,"href":"https:\/\/www.autosphere.fr\/blog\/wp-json\/wp\/v2\/categories?post=1739"},{"taxonomy":"post_tag","embeddable":true,"href":"https:\/\/www.autosphere.fr\/blog\/wp-json\/wp\/v2\/tags?post=1739"},{"taxonomy":"marque","embeddable":true,"href":"https:\/\/www.autosphere.fr\/blog\/wp-json\/wp\/v2\/marque?post=1739"}],"curies":[{"name":"wp","href":"https:\/\/api.w.org\/{rel}","templated":true}]}}