{"id":1764,"date":"2015-11-10T15:56:31","date_gmt":"2015-11-10T13:56:31","guid":{"rendered":"https:\/\/blogautosphere.creatic-agency.fr\/de-lautopartage-entre-voisins-facon-audi\/"},"modified":"2022-11-22T11:16:22","modified_gmt":"2022-11-22T09:16:22","slug":"de-lautopartage-entre-voisins-facon-audi","status":"publish","type":"post","link":"https:\/\/www.autosphere.fr\/blog\/de-lautopartage-entre-voisins-facon-audi\/","title":{"rendered":"De l\u2019autopartage entre voisins fa\u00e7on Audi"},"content":{"rendered":"<div class=\"custom-post-container\">\n<p style=\"text-align: justify;\">Deux riches copropri\u00e9t\u00e9s de San Francisco et Miami vont b\u00e9n\u00e9ficier d\u2019un tout nouveau service d\u2019autopartage permettant d\u2019avoir acc\u00e8s \u00e0 une Audi pour chaque occasion !<\/p>\n<p style=\"text-align: justify;\">L\u2019autopartage est une solution populaire pour limiter les co\u00fbts et accessoirement lutter contre les embouteillages et la pollution. Un syst\u00e8me sur lequel Audi, constructeur premium, a forc\u00e9ment du mal \u00e0 se positionner. Mais \u00e7a, c\u2019\u00e9tait avant ! Avant que Audi USA ne lance son service <em>Audi at Home<\/em>. Le principe se veut pour le moins haut de gamme. Deux copropri\u00e9t\u00e9s de San Francisco (<a href=\"http:\/\/luminasf.com\/\" target=\"_blank\" rel=\"noopener\">Lumina<\/a>) et Miami (<a href=\"http:\/\/www.brickellkeymiami.com\/four-seasons-miami-condo.htm\" target=\"_blank\" rel=\"noopener\">Four Seasons Residence<\/a>) auront prochainement acc\u00e8s \u00e0 une flotte Audi (TT Roadster, S5, S5 Cabriolet, S7, SQ5 et Q7) en autopartage et entre (riches) voisins.<\/p>\n<p style=\"text-align: justify;\">Pour une heure ou la journ\u00e9e enti\u00e8re, 24 heures sur 24, 7 jours sur 7, les copropri\u00e9taires pourront r\u00e9server la voiture de leur choix en s\u2019inscrivant aupr\u00e8s du concierge de l&#8217;immeuble. Le v\u00e9hicule devra \u00eatre remis en fin de course au valet. On ignore cependant les tarifs d\u2019un tel service, il comprend n\u00e9anmoins l\u2019assurance, le nettoyage, l\u2019essence, les p\u00e9ages ainsi qu\u2019un kilom\u00e9trage illimit\u00e9.<\/p>\n<p style=\"text-align: justify;\">D\u2019autres copropri\u00e9t\u00e9s dans d\u2019autres villes am\u00e9ricaines pourrait profiter de ce service dans les prochains mois. Un tel service en Europe n\u2019est pas \u00e9voqu\u00e9 pour le moment. Dommage ?<\/p>\n<p style=\"text-align: justify;\">Via&nbsp;<a href=\"http:\/\/www.audiusa.com\/newsroom\/news\/press-releases\/2015\/11\/audi-at-home-launches-in-san-francisco-miami\" target=\"_blank\" rel=\"noopener\">Audi USA<\/a><\/p>\n<\/div>\n","protected":false},"excerpt":{"rendered":"<p>Deux riches copropri\u00e9t\u00e9s de San Francisco et Miami vont b\u00e9n\u00e9ficier d\u2019un tout nouveau service d\u2019autopartage permettant d\u2019avoir acc\u00e8s \u00e0 une Audi pour chaque occasion ! L\u2019autopartage est une solution populaire pour limiter les co\u00fbts et accessoirement lutter contre les embouteillages et la pollution. Un syst\u00e8me sur lequel Audi, constructeur premium, a forc\u00e9ment du mal \u00e0 [&hellip;]<\/p>\n","protected":false},"author":3,"featured_media":1765,"comment_status":"open","ping_status":"open","sticky":false,"template":"","format":"standard","meta":{"_acf_changed":false,"footnotes":""},"categories":[2],"tags":[],"marque":[51],"class_list":["post-1764","post","type-post","status-publish","format-standard","has-post-thumbnail","hentry","category-actualites","marque-audi"],"acf":[],"yoast_head":"<!-- This site is optimized with the Yoast SEO plugin v27.2 - https:\/\/yoast.com\/product\/yoast-seo-wordpress\/ -->\n<title>De l\u2019autopartage entre voisins fa\u00e7on Audi - Blog Autosphere<\/title>\n<meta name=\"robots\" content=\"index, follow, max-snippet:-1, max-image-preview:large, max-video-preview:-1\" \/>\n<link rel=\"canonical\" href=\"https:\/\/www.autosphere.fr\/blog\/de-lautopartage-entre-voisins-facon-audi\/\" \/>\n<meta property=\"og:locale\" content=\"fr_FR\" \/>\n<meta property=\"og:type\" content=\"article\" \/>\n<meta property=\"og:title\" content=\"De l\u2019autopartage entre voisins fa\u00e7on Audi - Blog Autosphere\" \/>\n<meta property=\"og:description\" content=\"Deux riches copropri\u00e9t\u00e9s de San Francisco et Miami vont b\u00e9n\u00e9ficier d\u2019un tout nouveau service d\u2019autopartage permettant d\u2019avoir acc\u00e8s \u00e0 une Audi pour chaque occasion ! L\u2019autopartage est une solution populaire pour limiter les co\u00fbts et accessoirement lutter contre les embouteillages et la pollution. Un syst\u00e8me sur lequel Audi, constructeur premium, a forc\u00e9ment du mal \u00e0 [&hellip;]\" \/>\n<meta property=\"og:url\" content=\"https:\/\/www.autosphere.fr\/blog\/de-lautopartage-entre-voisins-facon-audi\/\" \/>\n<meta property=\"og:site_name\" content=\"Blog Autosphere\" \/>\n<meta property=\"article:publisher\" content=\"https:\/\/www.facebook.com\/autosphere\" \/>\n<meta property=\"article:published_time\" content=\"2015-11-10T13:56:31+00:00\" \/>\n<meta property=\"article:modified_time\" content=\"2022-11-22T09:16:22+00:00\" \/>\n<meta property=\"og:image\" content=\"https:\/\/www.autosphere.fr\/blog\/wp-content\/uploads\/2022\/11\/66be3f095514bd30ecf18a309eefa207.jpg\" \/>\n\t<meta property=\"og:image:width\" content=\"400\" \/>\n\t<meta property=\"og:image:height\" content=\"210\" \/>\n\t<meta property=\"og:image:type\" content=\"image\/jpeg\" \/>\n<meta name=\"author\" content=\"Florent CHEDOZEAU\" \/>\n<meta name=\"twitter:card\" content=\"summary_large_image\" \/>\n<meta name=\"twitter:label1\" content=\"\u00c9crit par\" \/>\n\t<meta name=\"twitter:data1\" content=\"Florent CHEDOZEAU\" \/>\n\t<meta name=\"twitter:label2\" content=\"Dur\u00e9e de lecture estim\u00e9e\" \/>\n\t<meta name=\"twitter:data2\" content=\"1 minute\" \/>\n<!-- \/ Yoast SEO plugin. -->","yoast_head_json":{"title":"De l\u2019autopartage entre voisins fa\u00e7on Audi - Blog Autosphere","robots":{"index":"index","follow":"follow","max-snippet":"max-snippet:-1","max-image-preview":"max-image-preview:large","max-video-preview":"max-video-preview:-1"},"canonical":"https:\/\/www.autosphere.fr\/blog\/de-lautopartage-entre-voisins-facon-audi\/","og_locale":"fr_FR","og_type":"article","og_title":"De l\u2019autopartage entre voisins fa\u00e7on Audi - Blog Autosphere","og_description":"Deux riches copropri\u00e9t\u00e9s de San Francisco et Miami vont b\u00e9n\u00e9ficier d\u2019un tout nouveau service d\u2019autopartage permettant d\u2019avoir acc\u00e8s \u00e0 une Audi pour chaque occasion ! L\u2019autopartage est une solution populaire pour limiter les co\u00fbts et accessoirement lutter contre les embouteillages et la pollution. Un syst\u00e8me sur lequel Audi, constructeur premium, a forc\u00e9ment du mal \u00e0 [&hellip;]","og_url":"https:\/\/www.autosphere.fr\/blog\/de-lautopartage-entre-voisins-facon-audi\/","og_site_name":"Blog Autosphere","article_publisher":"https:\/\/www.facebook.com\/autosphere","article_published_time":"2015-11-10T13:56:31+00:00","article_modified_time":"2022-11-22T09:16:22+00:00","og_image":[{"width":400,"height":210,"url":"https:\/\/www.autosphere.fr\/blog\/wp-content\/uploads\/2022\/11\/66be3f095514bd30ecf18a309eefa207.jpg","type":"image\/jpeg"}],"author":"Florent CHEDOZEAU","twitter_card":"summary_large_image","twitter_misc":{"\u00c9crit par":"Florent CHEDOZEAU","Dur\u00e9e de lecture estim\u00e9e":"1 minute"},"schema":{"@context":"https:\/\/schema.org","@graph":[{"@type":"Article","@id":"https:\/\/www.autosphere.fr\/blog\/de-lautopartage-entre-voisins-facon-audi\/#article","isPartOf":{"@id":"https:\/\/www.autosphere.fr\/blog\/de-lautopartage-entre-voisins-facon-audi\/"},"author":{"name":"Florent CHEDOZEAU","@id":"https:\/\/www.autosphere.fr\/blog\/#\/schema\/person\/157d3ac8c260cc43fa708dbfa8fe558d"},"headline":"De l\u2019autopartage entre voisins fa\u00e7on Audi","datePublished":"2015-11-10T13:56:31+00:00","dateModified":"2022-11-22T09:16:22+00:00","mainEntityOfPage":{"@id":"https:\/\/www.autosphere.fr\/blog\/de-lautopartage-entre-voisins-facon-audi\/"},"wordCount":246,"commentCount":0,"publisher":{"@id":"https:\/\/www.autosphere.fr\/blog\/#organization"},"image":{"@id":"https:\/\/www.autosphere.fr\/blog\/de-lautopartage-entre-voisins-facon-audi\/#primaryimage"},"thumbnailUrl":"https:\/\/www.autosphere.fr\/blog\/wp-content\/uploads\/2022\/11\/66be3f095514bd30ecf18a309eefa207.jpg","articleSection":["Actualit\u00e9s"],"inLanguage":"fr-FR","potentialAction":[{"@type":"CommentAction","name":"Comment","target":["https:\/\/www.autosphere.fr\/blog\/de-lautopartage-entre-voisins-facon-audi\/#respond"]}]},{"@type":"WebPage","@id":"https:\/\/www.autosphere.fr\/blog\/de-lautopartage-entre-voisins-facon-audi\/","url":"https:\/\/www.autosphere.fr\/blog\/de-lautopartage-entre-voisins-facon-audi\/","name":"De l\u2019autopartage entre voisins fa\u00e7on Audi - Blog Autosphere","isPartOf":{"@id":"https:\/\/www.autosphere.fr\/blog\/#website"},"primaryImageOfPage":{"@id":"https:\/\/www.autosphere.fr\/blog\/de-lautopartage-entre-voisins-facon-audi\/#primaryimage"},"image":{"@id":"https:\/\/www.autosphere.fr\/blog\/de-lautopartage-entre-voisins-facon-audi\/#primaryimage"},"thumbnailUrl":"https:\/\/www.autosphere.fr\/blog\/wp-content\/uploads\/2022\/11\/66be3f095514bd30ecf18a309eefa207.jpg","datePublished":"2015-11-10T13:56:31+00:00","dateModified":"2022-11-22T09:16:22+00:00","breadcrumb":{"@id":"https:\/\/www.autosphere.fr\/blog\/de-lautopartage-entre-voisins-facon-audi\/#breadcrumb"},"inLanguage":"fr-FR","potentialAction":[{"@type":"ReadAction","target":["https:\/\/www.autosphere.fr\/blog\/de-lautopartage-entre-voisins-facon-audi\/"]}]},{"@type":"ImageObject","inLanguage":"fr-FR","@id":"https:\/\/www.autosphere.fr\/blog\/de-lautopartage-entre-voisins-facon-audi\/#primaryimage","url":"https:\/\/www.autosphere.fr\/blog\/wp-content\/uploads\/2022\/11\/66be3f095514bd30ecf18a309eefa207.jpg","contentUrl":"https:\/\/www.autosphere.fr\/blog\/wp-content\/uploads\/2022\/11\/66be3f095514bd30ecf18a309eefa207.jpg","width":400,"height":210},{"@type":"BreadcrumbList","@id":"https:\/\/www.autosphere.fr\/blog\/de-lautopartage-entre-voisins-facon-audi\/#breadcrumb","itemListElement":[{"@type":"ListItem","position":1,"name":"Accueil","item":"https:\/\/www.autosphere.fr\/blog\/"},{"@type":"ListItem","position":2,"name":"De l\u2019autopartage entre voisins fa\u00e7on Audi"}]},{"@type":"WebSite","@id":"https:\/\/www.autosphere.fr\/blog\/#website","url":"https:\/\/www.autosphere.fr\/blog\/","name":"Blog Autosphere","description":"","publisher":{"@id":"https:\/\/www.autosphere.fr\/blog\/#organization"},"potentialAction":[{"@type":"SearchAction","target":{"@type":"EntryPoint","urlTemplate":"https:\/\/www.autosphere.fr\/blog\/?s={search_term_string}"},"query-input":{"@type":"PropertyValueSpecification","valueRequired":true,"valueName":"search_term_string"}}],"inLanguage":"fr-FR"},{"@type":"Organization","@id":"https:\/\/www.autosphere.fr\/blog\/#organization","name":"Blog Autosphere","url":"https:\/\/www.autosphere.fr\/blog\/","logo":{"@type":"ImageObject","inLanguage":"fr-FR","@id":"https:\/\/www.autosphere.fr\/blog\/#\/schema\/logo\/image\/","url":"https:\/\/www.autosphere.fr\/blog\/wp-content\/uploads\/2022\/11\/le-blog-autosphere.png","contentUrl":"https:\/\/www.autosphere.fr\/blog\/wp-content\/uploads\/2022\/11\/le-blog-autosphere.png","width":241,"height":35,"caption":"Blog Autosphere"},"image":{"@id":"https:\/\/www.autosphere.fr\/blog\/#\/schema\/logo\/image\/"},"sameAs":["https:\/\/www.facebook.com\/autosphere","https:\/\/www.instagram.com\/autosphere"]},{"@type":"Person","@id":"https:\/\/www.autosphere.fr\/blog\/#\/schema\/person\/157d3ac8c260cc43fa708dbfa8fe558d","name":"Florent CHEDOZEAU","url":"https:\/\/www.autosphere.fr\/blog\/author\/florent-chedozeau\/"}]}},"_links":{"self":[{"href":"https:\/\/www.autosphere.fr\/blog\/wp-json\/wp\/v2\/posts\/1764","targetHints":{"allow":["GET"]}}],"collection":[{"href":"https:\/\/www.autosphere.fr\/blog\/wp-json\/wp\/v2\/posts"}],"about":[{"href":"https:\/\/www.autosphere.fr\/blog\/wp-json\/wp\/v2\/types\/post"}],"author":[{"embeddable":true,"href":"https:\/\/www.autosphere.fr\/blog\/wp-json\/wp\/v2\/users\/3"}],"replies":[{"embeddable":true,"href":"https:\/\/www.autosphere.fr\/blog\/wp-json\/wp\/v2\/comments?post=1764"}],"version-history":[{"count":1,"href":"https:\/\/www.autosphere.fr\/blog\/wp-json\/wp\/v2\/posts\/1764\/revisions"}],"predecessor-version":[{"id":3798,"href":"https:\/\/www.autosphere.fr\/blog\/wp-json\/wp\/v2\/posts\/1764\/revisions\/3798"}],"wp:featuredmedia":[{"embeddable":true,"href":"https:\/\/www.autosphere.fr\/blog\/wp-json\/wp\/v2\/media\/1765"}],"wp:attachment":[{"href":"https:\/\/www.autosphere.fr\/blog\/wp-json\/wp\/v2\/media?parent=1764"}],"wp:term":[{"taxonomy":"category","embeddable":true,"href":"https:\/\/www.autosphere.fr\/blog\/wp-json\/wp\/v2\/categories?post=1764"},{"taxonomy":"post_tag","embeddable":true,"href":"https:\/\/www.autosphere.fr\/blog\/wp-json\/wp\/v2\/tags?post=1764"},{"taxonomy":"marque","embeddable":true,"href":"https:\/\/www.autosphere.fr\/blog\/wp-json\/wp\/v2\/marque?post=1764"}],"curies":[{"name":"wp","href":"https:\/\/api.w.org\/{rel}","templated":true}]}}