{"id":1975,"date":"2016-06-23T10:06:00","date_gmt":"2016-06-23T08:06:00","guid":{"rendered":"https:\/\/blogautosphere.creatic-agency.fr\/le-cayenne-turbo-s-et-la-911-turbo-s-se-mesurent-a-goodwood\/"},"modified":"2022-11-22T11:16:27","modified_gmt":"2022-11-22T09:16:27","slug":"le-cayenne-turbo-s-et-la-911-turbo-s-se-mesurent-a-goodwood","status":"publish","type":"post","link":"https:\/\/www.autosphere.fr\/blog\/le-cayenne-turbo-s-et-la-911-turbo-s-se-mesurent-a-goodwood\/","title":{"rendered":"Le Cayenne Turbo S et la 911 Turbo S se mesurent \u00e0 Goodwood"},"content":{"rendered":"<div class=\"custom-post-container\">\n<p style=\"text-align: justify;\">Si l\u2019\u00e9dition 2016 du Festival of Speed de Goodwood s\u2019ouvre aujourd\u2019hui, Porsche \u00e9tait d\u00e9j\u00e0 sur place le 7 juin pour opposer ses Cayenne Turbo S et 911 Turbo S sur la fameuse Goodwood Hillclimb.<\/p>\n<p style=\"text-align: justify;\">La Goodwood Hillclimb est une des plus c\u00e9l\u00e8bres courses de c\u00f4te du monde. Elle est m\u00eame la plaque tournante du Festival of Speed depuis 1993 lorsque Charles March invita le monde automobile \u00e0 venir se d\u00e9fouler sur ses terres. Il faut dire qu\u2019en 1936 d\u00e9j\u00e0, le Lancia Car Club s\u2019y exer\u00e7ait ! <\/p>\n<p style=\"text-align: justify;\">Longue de 1,16 mile (soit 1,86 km), cette mont\u00e9e est l\u2019occasion chaque ann\u00e9e pour les constructeurs de communiquer sur la fibre nostalgique mais aussi de montrer leurs muscles. Voil\u00e0 pourquoi Porsche n\u2019a pas perdu de temps en comparant, le 7 juin dernier, le Cayenne Turbo S \u00e0 la 911 Turbo S dans une vid\u00e9o de 3 minutes aux accents so british.<\/p>\n<p style=\"text-align: justify;\">Il s\u2019agit pourtant de comparer ce qui est comparable ! Si le nombre d\u2019\u00e9quid\u00e9s est sensiblement le m\u00eame, (570 pour la Cayenne Turbo S, 580 pour la 911 Turbo S), le rapport poids-puissance est clairement favorable \u00e0 la 911 Turbo S. Il suffit de consulter les donn\u00e9es de l\u2019exercice du 0 \u00e0 100 km\/h pour en avoir le coeur net : 2,9 secondes pour le coup\u00e9 tr\u00e8s sportif. 4,1 secondes pour la baroudeur tout-terrain. Restent de belles images et une balade du Cayenne l\u00e0 o\u00f9 la 911 ne peut suivre\u2026&nbsp;<\/p>\n<\/div>\n","protected":false},"excerpt":{"rendered":"<p>Si l\u2019\u00e9dition 2016 du Festival of Speed de Goodwood s\u2019ouvre aujourd\u2019hui, Porsche \u00e9tait d\u00e9j\u00e0 sur place le 7 juin pour opposer ses Cayenne Turbo S et 911 Turbo S sur la fameuse Goodwood Hillclimb. La Goodwood Hillclimb est une des plus c\u00e9l\u00e8bres courses de c\u00f4te du monde. Elle est m\u00eame la plaque tournante du Festival [&hellip;]<\/p>\n","protected":false},"author":3,"featured_media":1976,"comment_status":"open","ping_status":"open","sticky":false,"template":"","format":"standard","meta":{"_acf_changed":false,"footnotes":""},"categories":[2],"tags":[],"marque":[70],"class_list":["post-1975","post","type-post","status-publish","format-standard","has-post-thumbnail","hentry","category-actualites","marque-porsche"],"acf":[],"yoast_head":"<!-- This site is optimized with the Yoast SEO plugin v27.2 - https:\/\/yoast.com\/product\/yoast-seo-wordpress\/ -->\n<title>Le Cayenne Turbo S et la 911 Turbo S se mesurent \u00e0 Goodwood - Blog Autosphere<\/title>\n<meta name=\"robots\" content=\"index, follow, max-snippet:-1, max-image-preview:large, max-video-preview:-1\" \/>\n<link rel=\"canonical\" href=\"https:\/\/www.autosphere.fr\/blog\/le-cayenne-turbo-s-et-la-911-turbo-s-se-mesurent-a-goodwood\/\" \/>\n<meta property=\"og:locale\" content=\"fr_FR\" \/>\n<meta property=\"og:type\" content=\"article\" \/>\n<meta property=\"og:title\" content=\"Le Cayenne Turbo S et la 911 Turbo S se mesurent \u00e0 Goodwood - Blog Autosphere\" \/>\n<meta property=\"og:description\" content=\"Si l\u2019\u00e9dition 2016 du Festival of Speed de Goodwood s\u2019ouvre aujourd\u2019hui, Porsche \u00e9tait d\u00e9j\u00e0 sur place le 7 juin pour opposer ses Cayenne Turbo S et 911 Turbo S sur la fameuse Goodwood Hillclimb. La Goodwood Hillclimb est une des plus c\u00e9l\u00e8bres courses de c\u00f4te du monde. Elle est m\u00eame la plaque tournante du Festival [&hellip;]\" \/>\n<meta property=\"og:url\" content=\"https:\/\/www.autosphere.fr\/blog\/le-cayenne-turbo-s-et-la-911-turbo-s-se-mesurent-a-goodwood\/\" \/>\n<meta property=\"og:site_name\" content=\"Blog Autosphere\" \/>\n<meta property=\"article:publisher\" content=\"https:\/\/www.facebook.com\/autosphere\" \/>\n<meta property=\"article:published_time\" content=\"2016-06-23T08:06:00+00:00\" \/>\n<meta property=\"article:modified_time\" content=\"2022-11-22T09:16:27+00:00\" \/>\n<meta property=\"og:image\" content=\"https:\/\/www.autosphere.fr\/blog\/wp-content\/uploads\/2022\/11\/dd5537e38ee6a1eba92544fb7c933a09.jpg\" \/>\n\t<meta property=\"og:image:width\" content=\"400\" \/>\n\t<meta property=\"og:image:height\" content=\"210\" \/>\n\t<meta property=\"og:image:type\" content=\"image\/jpeg\" \/>\n<meta name=\"author\" content=\"Florent CHEDOZEAU\" \/>\n<meta name=\"twitter:card\" content=\"summary_large_image\" \/>\n<meta name=\"twitter:label1\" content=\"\u00c9crit par\" \/>\n\t<meta name=\"twitter:data1\" content=\"Florent CHEDOZEAU\" \/>\n\t<meta name=\"twitter:label2\" content=\"Dur\u00e9e de lecture estim\u00e9e\" \/>\n\t<meta name=\"twitter:data2\" content=\"1 minute\" \/>\n<!-- \/ Yoast SEO plugin. -->","yoast_head_json":{"title":"Le Cayenne Turbo S et la 911 Turbo S se mesurent \u00e0 Goodwood - Blog Autosphere","robots":{"index":"index","follow":"follow","max-snippet":"max-snippet:-1","max-image-preview":"max-image-preview:large","max-video-preview":"max-video-preview:-1"},"canonical":"https:\/\/www.autosphere.fr\/blog\/le-cayenne-turbo-s-et-la-911-turbo-s-se-mesurent-a-goodwood\/","og_locale":"fr_FR","og_type":"article","og_title":"Le Cayenne Turbo S et la 911 Turbo S se mesurent \u00e0 Goodwood - Blog Autosphere","og_description":"Si l\u2019\u00e9dition 2016 du Festival of Speed de Goodwood s\u2019ouvre aujourd\u2019hui, Porsche \u00e9tait d\u00e9j\u00e0 sur place le 7 juin pour opposer ses Cayenne Turbo S et 911 Turbo S sur la fameuse Goodwood Hillclimb. La Goodwood Hillclimb est une des plus c\u00e9l\u00e8bres courses de c\u00f4te du monde. Elle est m\u00eame la plaque tournante du Festival [&hellip;]","og_url":"https:\/\/www.autosphere.fr\/blog\/le-cayenne-turbo-s-et-la-911-turbo-s-se-mesurent-a-goodwood\/","og_site_name":"Blog Autosphere","article_publisher":"https:\/\/www.facebook.com\/autosphere","article_published_time":"2016-06-23T08:06:00+00:00","article_modified_time":"2022-11-22T09:16:27+00:00","og_image":[{"width":400,"height":210,"url":"https:\/\/www.autosphere.fr\/blog\/wp-content\/uploads\/2022\/11\/dd5537e38ee6a1eba92544fb7c933a09.jpg","type":"image\/jpeg"}],"author":"Florent CHEDOZEAU","twitter_card":"summary_large_image","twitter_misc":{"\u00c9crit par":"Florent CHEDOZEAU","Dur\u00e9e de lecture estim\u00e9e":"1 minute"},"schema":{"@context":"https:\/\/schema.org","@graph":[{"@type":"Article","@id":"https:\/\/www.autosphere.fr\/blog\/le-cayenne-turbo-s-et-la-911-turbo-s-se-mesurent-a-goodwood\/#article","isPartOf":{"@id":"https:\/\/www.autosphere.fr\/blog\/le-cayenne-turbo-s-et-la-911-turbo-s-se-mesurent-a-goodwood\/"},"author":{"name":"Florent CHEDOZEAU","@id":"https:\/\/www.autosphere.fr\/blog\/#\/schema\/person\/157d3ac8c260cc43fa708dbfa8fe558d"},"headline":"Le Cayenne Turbo S et la 911 Turbo S se mesurent \u00e0 Goodwood","datePublished":"2016-06-23T08:06:00+00:00","dateModified":"2022-11-22T09:16:27+00:00","mainEntityOfPage":{"@id":"https:\/\/www.autosphere.fr\/blog\/le-cayenne-turbo-s-et-la-911-turbo-s-se-mesurent-a-goodwood\/"},"wordCount":249,"commentCount":0,"publisher":{"@id":"https:\/\/www.autosphere.fr\/blog\/#organization"},"image":{"@id":"https:\/\/www.autosphere.fr\/blog\/le-cayenne-turbo-s-et-la-911-turbo-s-se-mesurent-a-goodwood\/#primaryimage"},"thumbnailUrl":"https:\/\/www.autosphere.fr\/blog\/wp-content\/uploads\/2022\/11\/dd5537e38ee6a1eba92544fb7c933a09.jpg","articleSection":["Actualit\u00e9s"],"inLanguage":"fr-FR","potentialAction":[{"@type":"CommentAction","name":"Comment","target":["https:\/\/www.autosphere.fr\/blog\/le-cayenne-turbo-s-et-la-911-turbo-s-se-mesurent-a-goodwood\/#respond"]}]},{"@type":"WebPage","@id":"https:\/\/www.autosphere.fr\/blog\/le-cayenne-turbo-s-et-la-911-turbo-s-se-mesurent-a-goodwood\/","url":"https:\/\/www.autosphere.fr\/blog\/le-cayenne-turbo-s-et-la-911-turbo-s-se-mesurent-a-goodwood\/","name":"Le Cayenne Turbo S et la 911 Turbo S se mesurent \u00e0 Goodwood - Blog Autosphere","isPartOf":{"@id":"https:\/\/www.autosphere.fr\/blog\/#website"},"primaryImageOfPage":{"@id":"https:\/\/www.autosphere.fr\/blog\/le-cayenne-turbo-s-et-la-911-turbo-s-se-mesurent-a-goodwood\/#primaryimage"},"image":{"@id":"https:\/\/www.autosphere.fr\/blog\/le-cayenne-turbo-s-et-la-911-turbo-s-se-mesurent-a-goodwood\/#primaryimage"},"thumbnailUrl":"https:\/\/www.autosphere.fr\/blog\/wp-content\/uploads\/2022\/11\/dd5537e38ee6a1eba92544fb7c933a09.jpg","datePublished":"2016-06-23T08:06:00+00:00","dateModified":"2022-11-22T09:16:27+00:00","breadcrumb":{"@id":"https:\/\/www.autosphere.fr\/blog\/le-cayenne-turbo-s-et-la-911-turbo-s-se-mesurent-a-goodwood\/#breadcrumb"},"inLanguage":"fr-FR","potentialAction":[{"@type":"ReadAction","target":["https:\/\/www.autosphere.fr\/blog\/le-cayenne-turbo-s-et-la-911-turbo-s-se-mesurent-a-goodwood\/"]}]},{"@type":"ImageObject","inLanguage":"fr-FR","@id":"https:\/\/www.autosphere.fr\/blog\/le-cayenne-turbo-s-et-la-911-turbo-s-se-mesurent-a-goodwood\/#primaryimage","url":"https:\/\/www.autosphere.fr\/blog\/wp-content\/uploads\/2022\/11\/dd5537e38ee6a1eba92544fb7c933a09.jpg","contentUrl":"https:\/\/www.autosphere.fr\/blog\/wp-content\/uploads\/2022\/11\/dd5537e38ee6a1eba92544fb7c933a09.jpg","width":400,"height":210},{"@type":"BreadcrumbList","@id":"https:\/\/www.autosphere.fr\/blog\/le-cayenne-turbo-s-et-la-911-turbo-s-se-mesurent-a-goodwood\/#breadcrumb","itemListElement":[{"@type":"ListItem","position":1,"name":"Accueil","item":"https:\/\/www.autosphere.fr\/blog\/"},{"@type":"ListItem","position":2,"name":"Le Cayenne Turbo S et la 911 Turbo S se mesurent \u00e0 Goodwood"}]},{"@type":"WebSite","@id":"https:\/\/www.autosphere.fr\/blog\/#website","url":"https:\/\/www.autosphere.fr\/blog\/","name":"Blog Autosphere","description":"","publisher":{"@id":"https:\/\/www.autosphere.fr\/blog\/#organization"},"potentialAction":[{"@type":"SearchAction","target":{"@type":"EntryPoint","urlTemplate":"https:\/\/www.autosphere.fr\/blog\/?s={search_term_string}"},"query-input":{"@type":"PropertyValueSpecification","valueRequired":true,"valueName":"search_term_string"}}],"inLanguage":"fr-FR"},{"@type":"Organization","@id":"https:\/\/www.autosphere.fr\/blog\/#organization","name":"Blog Autosphere","url":"https:\/\/www.autosphere.fr\/blog\/","logo":{"@type":"ImageObject","inLanguage":"fr-FR","@id":"https:\/\/www.autosphere.fr\/blog\/#\/schema\/logo\/image\/","url":"https:\/\/www.autosphere.fr\/blog\/wp-content\/uploads\/2022\/11\/le-blog-autosphere.png","contentUrl":"https:\/\/www.autosphere.fr\/blog\/wp-content\/uploads\/2022\/11\/le-blog-autosphere.png","width":241,"height":35,"caption":"Blog Autosphere"},"image":{"@id":"https:\/\/www.autosphere.fr\/blog\/#\/schema\/logo\/image\/"},"sameAs":["https:\/\/www.facebook.com\/autosphere","https:\/\/www.instagram.com\/autosphere"]},{"@type":"Person","@id":"https:\/\/www.autosphere.fr\/blog\/#\/schema\/person\/157d3ac8c260cc43fa708dbfa8fe558d","name":"Florent CHEDOZEAU","url":"https:\/\/www.autosphere.fr\/blog\/author\/florent-chedozeau\/"}]}},"_links":{"self":[{"href":"https:\/\/www.autosphere.fr\/blog\/wp-json\/wp\/v2\/posts\/1975","targetHints":{"allow":["GET"]}}],"collection":[{"href":"https:\/\/www.autosphere.fr\/blog\/wp-json\/wp\/v2\/posts"}],"about":[{"href":"https:\/\/www.autosphere.fr\/blog\/wp-json\/wp\/v2\/types\/post"}],"author":[{"embeddable":true,"href":"https:\/\/www.autosphere.fr\/blog\/wp-json\/wp\/v2\/users\/3"}],"replies":[{"embeddable":true,"href":"https:\/\/www.autosphere.fr\/blog\/wp-json\/wp\/v2\/comments?post=1975"}],"version-history":[{"count":1,"href":"https:\/\/www.autosphere.fr\/blog\/wp-json\/wp\/v2\/posts\/1975\/revisions"}],"predecessor-version":[{"id":3499,"href":"https:\/\/www.autosphere.fr\/blog\/wp-json\/wp\/v2\/posts\/1975\/revisions\/3499"}],"wp:featuredmedia":[{"embeddable":true,"href":"https:\/\/www.autosphere.fr\/blog\/wp-json\/wp\/v2\/media\/1976"}],"wp:attachment":[{"href":"https:\/\/www.autosphere.fr\/blog\/wp-json\/wp\/v2\/media?parent=1975"}],"wp:term":[{"taxonomy":"category","embeddable":true,"href":"https:\/\/www.autosphere.fr\/blog\/wp-json\/wp\/v2\/categories?post=1975"},{"taxonomy":"post_tag","embeddable":true,"href":"https:\/\/www.autosphere.fr\/blog\/wp-json\/wp\/v2\/tags?post=1975"},{"taxonomy":"marque","embeddable":true,"href":"https:\/\/www.autosphere.fr\/blog\/wp-json\/wp\/v2\/marque?post=1975"}],"curies":[{"name":"wp","href":"https:\/\/api.w.org\/{rel}","templated":true}]}}