{"id":2057,"date":"2016-08-17T09:26:48","date_gmt":"2016-08-17T07:26:48","guid":{"rendered":"https:\/\/blogautosphere.creatic-agency.fr\/le-livre-dor-du-defender\/"},"modified":"2022-11-22T11:16:29","modified_gmt":"2022-11-22T09:16:29","slug":"le-livre-dor-du-defender","status":"publish","type":"post","link":"https:\/\/www.autosphere.fr\/blog\/le-livre-dor-du-defender\/","title":{"rendered":"Le livre d&#8217;or du Defender"},"content":{"rendered":"<div class=\"custom-post-container\">\n<p style=\"text-align: justify;\">\u00c0 peine retir\u00e9 du catalogue, le Defender voit sa l\u00e9gende \u00eatre entretenue par Land Rover. Un site d\u00e9di\u00e9 vient ainsi de voir le jour. Chacun peut y ajouter ses exp\u00e9riences, ses voyages, ses photos\u2026 Une mine d\u2019or !<\/p>\n<p style=\"text-align: justify;\">En 68 ans de carri\u00e8re, le Land Rover Defender (ou anciennement Land Rover Series I,II et III) en a rendu des services ! Initialement produit pour aider les paysans, le Defender s\u2019est rapidement transform\u00e9 en baroudeur partout dans le monde. Passage de gu\u00e9, exp\u00e9dition dans le d\u00e9sert, franchissement en tout genre\u2026 La l\u00e9gende du Defender fut forg\u00e9e durant des d\u00e9cennies par son caract\u00e8re increvable. Finalement, seules les normes anti-pollution ont r\u00e9ussi \u00e0 avoir la peau du v\u00e9n\u00e9rable tout-terrain. Une sentence qui doit \u00eatre per\u00e7ue comme l\u2019annihilation de l\u2019esprit de conqu\u00eate automobile propre au XXe si\u00e8cle au profit d\u2019une automobile qui se doit d\u2019\u00eatre s\u00e9curisante, connect\u00e9e et respectueuse de l\u2019environnement au XXIe si\u00e8cle. Des prescriptions dont tiendra compte le rempla\u00e7ant du Defender, confirm\u00e9 pour 2018 par Land Rover.<\/p>\n<h2>Partager ses souvenirs<\/h2>\n<p><img decoding=\"async\" src=\"https:\/\/www.autosphere.fr\/blog\/wp-content\/uploads\/2022\/11\/8fd642f10ef5f16caf727901622d1b49.jpg\"><\/p>\n<p style=\"text-align: justify;\">L\u2019id\u00e9e n\u2019est pas vraiment d\u2019\u00e9crire que \u00ab <em>c\u2019\u00e9tait mieux avant<\/em> \u00bb mais de se rappeler des belles choses. Des beaux voyages. C\u2019est pourquoi Land Rover a ouvert un&nbsp;site d\u00e9di\u00e9&nbsp;pour ceux qui ont envie de partager ces moments. D\u00e9j\u00e0 bien fourni, (plus de 400 histoires) le site regorge de p\u00e9riples m\u00e9morables et  d\u2019exp\u00e9riences extra-ordinaires. De photos en noir en blanc et de tous ces filtres, alors naturels, que l\u2019on trouve sur nos smartphones pour faire comme quand on prenait des photos par rouleaux de 24, qu\u2019il fallait faire d\u00e9velopper\u2026<\/p>\n<p style=\"text-align: justify;\">Sur le site&nbsp;<a href=\"http:\/\/www.landrover.com\/defenderjourneyshttps:\/\/www.landrover.com\/defender\/index.html\" target=\"_blank\" rel=\"noopener\">Defender Journeys<\/a>, on trouve toute une s\u00e9rie de textes (en anglais). La plupart sont accompagn\u00e9s de magnifiques photos et des itin\u00e9raires. N\u2019h\u00e9sitez pas \u00e0 y fl\u00e2ner \u00e0 la rencontre de ceux qui ont fait le Camel Trophy, un Tour du monde ou plus simplement un voyage de Dieppe \u00e0 Morzine.<\/p>\n<p style=\"text-align: justify;\">&#8211;&nbsp;<a href=\"https:\/\/www.autosphere.fr\/blog\/media\/actualites\/le-freelander-i-preserve-par-land-rover-heritage\/8056\/\">Le Freelander I pr\u00e9serv\u00e9 par Land Rover Heritage<\/a><\/p>\n<p style=\"text-align: justify;\">Source : Land Rover<\/p>\n<\/div>\n","protected":false},"excerpt":{"rendered":"<p>\u00c0 peine retir\u00e9 du catalogue, le Defender voit sa l\u00e9gende \u00eatre entretenue par Land Rover. Un site d\u00e9di\u00e9 vient ainsi de voir le jour. Chacun peut y ajouter ses exp\u00e9riences, ses voyages, ses photos\u2026 Une mine d\u2019or ! En 68 ans de carri\u00e8re, le Land Rover Defender (ou anciennement Land Rover Series I,II et III) [&hellip;]<\/p>\n","protected":false},"author":3,"featured_media":2058,"comment_status":"open","ping_status":"open","sticky":false,"template":"","format":"standard","meta":{"_acf_changed":false,"footnotes":""},"categories":[2],"tags":[],"marque":[67],"class_list":["post-2057","post","type-post","status-publish","format-standard","has-post-thumbnail","hentry","category-actualites","marque-land-rover"],"acf":[],"yoast_head":"<!-- This site is optimized with the Yoast SEO plugin v27.2 - https:\/\/yoast.com\/product\/yoast-seo-wordpress\/ -->\n<title>Le livre d&#039;or du Defender - Blog Autosphere<\/title>\n<meta name=\"robots\" content=\"index, follow, max-snippet:-1, max-image-preview:large, max-video-preview:-1\" \/>\n<link rel=\"canonical\" href=\"https:\/\/www.autosphere.fr\/blog\/le-livre-dor-du-defender\/\" \/>\n<meta property=\"og:locale\" content=\"fr_FR\" \/>\n<meta property=\"og:type\" content=\"article\" \/>\n<meta property=\"og:title\" content=\"Le livre d&#039;or du Defender - Blog Autosphere\" \/>\n<meta property=\"og:description\" content=\"\u00c0 peine retir\u00e9 du catalogue, le Defender voit sa l\u00e9gende \u00eatre entretenue par Land Rover. Un site d\u00e9di\u00e9 vient ainsi de voir le jour. Chacun peut y ajouter ses exp\u00e9riences, ses voyages, ses photos\u2026 Une mine d\u2019or ! En 68 ans de carri\u00e8re, le Land Rover Defender (ou anciennement Land Rover Series I,II et III) [&hellip;]\" \/>\n<meta property=\"og:url\" content=\"https:\/\/www.autosphere.fr\/blog\/le-livre-dor-du-defender\/\" \/>\n<meta property=\"og:site_name\" content=\"Blog Autosphere\" \/>\n<meta property=\"article:publisher\" content=\"https:\/\/www.facebook.com\/autosphere\" \/>\n<meta property=\"article:published_time\" content=\"2016-08-17T07:26:48+00:00\" \/>\n<meta property=\"article:modified_time\" content=\"2022-11-22T09:16:29+00:00\" \/>\n<meta property=\"og:image\" content=\"https:\/\/www.autosphere.fr\/blog\/wp-content\/uploads\/2022\/11\/492981d25828ab95c8c18368a03bdbeb.jpg\" \/>\n\t<meta property=\"og:image:width\" content=\"400\" \/>\n\t<meta property=\"og:image:height\" content=\"210\" \/>\n\t<meta property=\"og:image:type\" content=\"image\/jpeg\" \/>\n<meta name=\"author\" content=\"Florent CHEDOZEAU\" \/>\n<meta name=\"twitter:card\" content=\"summary_large_image\" \/>\n<meta name=\"twitter:label1\" content=\"\u00c9crit par\" \/>\n\t<meta name=\"twitter:data1\" content=\"Florent CHEDOZEAU\" \/>\n\t<meta name=\"twitter:label2\" content=\"Dur\u00e9e de lecture estim\u00e9e\" \/>\n\t<meta name=\"twitter:data2\" content=\"2 minutes\" \/>\n<!-- \/ Yoast SEO plugin. -->","yoast_head_json":{"title":"Le livre d'or du Defender - Blog Autosphere","robots":{"index":"index","follow":"follow","max-snippet":"max-snippet:-1","max-image-preview":"max-image-preview:large","max-video-preview":"max-video-preview:-1"},"canonical":"https:\/\/www.autosphere.fr\/blog\/le-livre-dor-du-defender\/","og_locale":"fr_FR","og_type":"article","og_title":"Le livre d'or du Defender - Blog Autosphere","og_description":"\u00c0 peine retir\u00e9 du catalogue, le Defender voit sa l\u00e9gende \u00eatre entretenue par Land Rover. Un site d\u00e9di\u00e9 vient ainsi de voir le jour. Chacun peut y ajouter ses exp\u00e9riences, ses voyages, ses photos\u2026 Une mine d\u2019or ! En 68 ans de carri\u00e8re, le Land Rover Defender (ou anciennement Land Rover Series I,II et III) [&hellip;]","og_url":"https:\/\/www.autosphere.fr\/blog\/le-livre-dor-du-defender\/","og_site_name":"Blog Autosphere","article_publisher":"https:\/\/www.facebook.com\/autosphere","article_published_time":"2016-08-17T07:26:48+00:00","article_modified_time":"2022-11-22T09:16:29+00:00","og_image":[{"width":400,"height":210,"url":"https:\/\/www.autosphere.fr\/blog\/wp-content\/uploads\/2022\/11\/492981d25828ab95c8c18368a03bdbeb.jpg","type":"image\/jpeg"}],"author":"Florent CHEDOZEAU","twitter_card":"summary_large_image","twitter_misc":{"\u00c9crit par":"Florent CHEDOZEAU","Dur\u00e9e de lecture estim\u00e9e":"2 minutes"},"schema":{"@context":"https:\/\/schema.org","@graph":[{"@type":"Article","@id":"https:\/\/www.autosphere.fr\/blog\/le-livre-dor-du-defender\/#article","isPartOf":{"@id":"https:\/\/www.autosphere.fr\/blog\/le-livre-dor-du-defender\/"},"author":{"name":"Florent CHEDOZEAU","@id":"https:\/\/www.autosphere.fr\/blog\/#\/schema\/person\/157d3ac8c260cc43fa708dbfa8fe558d"},"headline":"Le livre d&#8217;or du Defender","datePublished":"2016-08-17T07:26:48+00:00","dateModified":"2022-11-22T09:16:29+00:00","mainEntityOfPage":{"@id":"https:\/\/www.autosphere.fr\/blog\/le-livre-dor-du-defender\/"},"wordCount":370,"commentCount":0,"publisher":{"@id":"https:\/\/www.autosphere.fr\/blog\/#organization"},"image":{"@id":"https:\/\/www.autosphere.fr\/blog\/le-livre-dor-du-defender\/#primaryimage"},"thumbnailUrl":"https:\/\/www.autosphere.fr\/blog\/wp-content\/uploads\/2022\/11\/492981d25828ab95c8c18368a03bdbeb.jpg","articleSection":["Actualit\u00e9s"],"inLanguage":"fr-FR","potentialAction":[{"@type":"CommentAction","name":"Comment","target":["https:\/\/www.autosphere.fr\/blog\/le-livre-dor-du-defender\/#respond"]}]},{"@type":"WebPage","@id":"https:\/\/www.autosphere.fr\/blog\/le-livre-dor-du-defender\/","url":"https:\/\/www.autosphere.fr\/blog\/le-livre-dor-du-defender\/","name":"Le livre d'or du Defender - Blog Autosphere","isPartOf":{"@id":"https:\/\/www.autosphere.fr\/blog\/#website"},"primaryImageOfPage":{"@id":"https:\/\/www.autosphere.fr\/blog\/le-livre-dor-du-defender\/#primaryimage"},"image":{"@id":"https:\/\/www.autosphere.fr\/blog\/le-livre-dor-du-defender\/#primaryimage"},"thumbnailUrl":"https:\/\/www.autosphere.fr\/blog\/wp-content\/uploads\/2022\/11\/492981d25828ab95c8c18368a03bdbeb.jpg","datePublished":"2016-08-17T07:26:48+00:00","dateModified":"2022-11-22T09:16:29+00:00","breadcrumb":{"@id":"https:\/\/www.autosphere.fr\/blog\/le-livre-dor-du-defender\/#breadcrumb"},"inLanguage":"fr-FR","potentialAction":[{"@type":"ReadAction","target":["https:\/\/www.autosphere.fr\/blog\/le-livre-dor-du-defender\/"]}]},{"@type":"ImageObject","inLanguage":"fr-FR","@id":"https:\/\/www.autosphere.fr\/blog\/le-livre-dor-du-defender\/#primaryimage","url":"https:\/\/www.autosphere.fr\/blog\/wp-content\/uploads\/2022\/11\/492981d25828ab95c8c18368a03bdbeb.jpg","contentUrl":"https:\/\/www.autosphere.fr\/blog\/wp-content\/uploads\/2022\/11\/492981d25828ab95c8c18368a03bdbeb.jpg","width":400,"height":210},{"@type":"BreadcrumbList","@id":"https:\/\/www.autosphere.fr\/blog\/le-livre-dor-du-defender\/#breadcrumb","itemListElement":[{"@type":"ListItem","position":1,"name":"Accueil","item":"https:\/\/www.autosphere.fr\/blog\/"},{"@type":"ListItem","position":2,"name":"Le livre d&rsquo;or du Defender"}]},{"@type":"WebSite","@id":"https:\/\/www.autosphere.fr\/blog\/#website","url":"https:\/\/www.autosphere.fr\/blog\/","name":"Blog Autosphere","description":"","publisher":{"@id":"https:\/\/www.autosphere.fr\/blog\/#organization"},"potentialAction":[{"@type":"SearchAction","target":{"@type":"EntryPoint","urlTemplate":"https:\/\/www.autosphere.fr\/blog\/?s={search_term_string}"},"query-input":{"@type":"PropertyValueSpecification","valueRequired":true,"valueName":"search_term_string"}}],"inLanguage":"fr-FR"},{"@type":"Organization","@id":"https:\/\/www.autosphere.fr\/blog\/#organization","name":"Blog Autosphere","url":"https:\/\/www.autosphere.fr\/blog\/","logo":{"@type":"ImageObject","inLanguage":"fr-FR","@id":"https:\/\/www.autosphere.fr\/blog\/#\/schema\/logo\/image\/","url":"https:\/\/www.autosphere.fr\/blog\/wp-content\/uploads\/2022\/11\/le-blog-autosphere.png","contentUrl":"https:\/\/www.autosphere.fr\/blog\/wp-content\/uploads\/2022\/11\/le-blog-autosphere.png","width":241,"height":35,"caption":"Blog Autosphere"},"image":{"@id":"https:\/\/www.autosphere.fr\/blog\/#\/schema\/logo\/image\/"},"sameAs":["https:\/\/www.facebook.com\/autosphere","https:\/\/www.instagram.com\/autosphere"]},{"@type":"Person","@id":"https:\/\/www.autosphere.fr\/blog\/#\/schema\/person\/157d3ac8c260cc43fa708dbfa8fe558d","name":"Florent CHEDOZEAU","url":"https:\/\/www.autosphere.fr\/blog\/author\/florent-chedozeau\/"}]}},"_links":{"self":[{"href":"https:\/\/www.autosphere.fr\/blog\/wp-json\/wp\/v2\/posts\/2057","targetHints":{"allow":["GET"]}}],"collection":[{"href":"https:\/\/www.autosphere.fr\/blog\/wp-json\/wp\/v2\/posts"}],"about":[{"href":"https:\/\/www.autosphere.fr\/blog\/wp-json\/wp\/v2\/types\/post"}],"author":[{"embeddable":true,"href":"https:\/\/www.autosphere.fr\/blog\/wp-json\/wp\/v2\/users\/3"}],"replies":[{"embeddable":true,"href":"https:\/\/www.autosphere.fr\/blog\/wp-json\/wp\/v2\/comments?post=2057"}],"version-history":[{"count":1,"href":"https:\/\/www.autosphere.fr\/blog\/wp-json\/wp\/v2\/posts\/2057\/revisions"}],"predecessor-version":[{"id":3486,"href":"https:\/\/www.autosphere.fr\/blog\/wp-json\/wp\/v2\/posts\/2057\/revisions\/3486"}],"wp:featuredmedia":[{"embeddable":true,"href":"https:\/\/www.autosphere.fr\/blog\/wp-json\/wp\/v2\/media\/2058"}],"wp:attachment":[{"href":"https:\/\/www.autosphere.fr\/blog\/wp-json\/wp\/v2\/media?parent=2057"}],"wp:term":[{"taxonomy":"category","embeddable":true,"href":"https:\/\/www.autosphere.fr\/blog\/wp-json\/wp\/v2\/categories?post=2057"},{"taxonomy":"post_tag","embeddable":true,"href":"https:\/\/www.autosphere.fr\/blog\/wp-json\/wp\/v2\/tags?post=2057"},{"taxonomy":"marque","embeddable":true,"href":"https:\/\/www.autosphere.fr\/blog\/wp-json\/wp\/v2\/marque?post=2057"}],"curies":[{"name":"wp","href":"https:\/\/api.w.org\/{rel}","templated":true}]}}