{"id":2063,"date":"2016-08-18T12:53:51","date_gmt":"2016-08-18T10:53:51","guid":{"rendered":"https:\/\/blogautosphere.creatic-agency.fr\/rencontre-avec-francois-pelletant-maire-de-linas\/"},"modified":"2022-11-22T11:16:29","modified_gmt":"2022-11-22T09:16:29","slug":"rencontre-avec-francois-pelletant-maire-de-linas","status":"publish","type":"post","link":"https:\/\/www.autosphere.fr\/blog\/rencontre-avec-francois-pelletant-maire-de-linas\/","title":{"rendered":"Rencontre avec Fran\u00e7ois Pelletant, maire de Linas."},"content":{"rendered":"<div class=\"custom-post-container\">\n<p style=\"text-align: justify;\">D\u00e8s lors que l\u2019on parle de pollution et de circulation, il y a Paris et le reste de la France. Et le maire de Linas de tirer la sonnette d\u2019alarme.<\/p>\n<p style=\"text-align: justify;\">D\u00e9but juillet, Fran\u00e7ois Pelletant cr\u00e9ait le buzz avec ce qu\u2019il fut plus commun de nommer un&nbsp;<a href=\"https:\/\/www.autosphere.fr\/blog\/media\/actualites\/les-parisiens-interdits-de-traverser-linas-\/9935\/\">arr\u00eat\u00e9 anti-parisien<\/a>. Concr\u00e8tement, il s\u2019agissait d\u2019interdire aux v\u00e9hicules immatricul\u00e9s 75 de transiter par Linas (via la Nationale 20) sur la route des vacances en juillet et ao\u00fbt. Voil\u00e0 qui mat\u00e9rialisait la r\u00e9volte d\u2019une commune d\u2019Essonne dans un contexte de bannissement de Paris des v\u00e9hicules ant\u00e9rieurs \u00e0 une premi\u00e8re mise en circulation avant 1997. Surtout de clamer que les pollutions ne s\u2019arr\u00eatent pas au p\u00e9riph\u00e9rique. De son propre aveu, les messages de soutien furent nombreux (\u00e0 l\u2019instar des nombreux commentaires que nous re\u00e7u sur notre page Facebook) et en provenance de toute la France. Beaucoup ont soulign\u00e9 d\u2019une mani\u00e8re ou d\u2019une autre un antagonisme Paris-Province toujours aussi fort. \u00ab<em> Si encore c\u2019\u00e9tait discut\u00e9<\/em> \u00bb soupire l\u2019\u00e9lu.<\/p>\n<h2>Fustiger l\u2019entre soi parisien<\/h2>\n<p style=\"text-align: justify;\">\u00c0 l\u2019origine, l\u2019id\u00e9e de Fran\u00e7ois Pelletant n\u2019\u00e9tait pas sp\u00e9cialement de mener une fronde contre ce Paris des bobos totalement d\u00e9connect\u00e9 de la vie des autres. Simplement, \u00ab<em> \u00e0 travers une mesure p\u00e9dagogique s\u2019appuyant sur un m\u00e9canisme qui existe d\u00e9j\u00e0 <\/em>(\u00e0 savoir les itin\u00e9raires de contournement pour les poids-lourds)<em>, je voulais montrer que les maires de banlieue ne doivent plus se laisser faire. \u00c0 Linas, sur la Nationale 20, il peut y avoir jusqu\u2019\u00e0 90 000 v\u00e9hicules par jour l\u00e0 o\u00f9 il n\u2019y en a que 50 000 sur un boulevard parisien. Pourtant il y a les autoroutes A6 et A10 juste \u00e0 c\u00f4t\u00e9 <\/em>\u00bb. Cela soul\u00e8ve \u00e9videmment des probl\u00e9matiques de pollution et de qualit\u00e9 de vie pour les Linois (et plus largement tout ceux qui vivent autour des grands axes). L\u2019\u00e9lu de souligner \u00e9galement les incoh\u00e9rences de la politique de transports dans la r\u00e9gion : \u00ab<em> Oui il y a des vieux v\u00e9hicules, mais dans quelles proportions ? Les exclure ? Pourquoi pas, mais il faut des alternatives fiables ! J\u2019ai l\u2019impression que l\u2019on a des r\u00e9seaux de transports d\u00e9faillants face \u00e0 la voiture. Pourtant c\u2019est sur les automobilistes qu\u2019on tape. C\u2019est plus difficile que demander aux compagnies a\u00e9riennes de modifier leurs trajectoires, les r\u00e9gimes moteur. Cela g\u00e9n\u00e8re aussi de la pollution !<\/em> \u00bb<\/p>\n<h2>Des actions pour la rentr\u00e9e<\/h2>\n<p style=\"text-align: justify;\">Fran\u00e7ois Pelletant le conc\u00e8de, il n\u2019est pas sp\u00e9cialement cal\u00e9 en automobile. Cela ne l\u2019a pas emp\u00each\u00e9 de contribuer \u00e0 la relance de l\u2019autodrome de&nbsp;<a href=\"https:\/\/www.autosphere.fr\/blog\/media\/actualites\/rassemblement-de-peugeot-classiques-le-2-mai-a-linas-montlhery\/4017\/\">Linas-Monthl\u00e9ry<\/a> o\u00f9 tant de records du monde furent \u00e9tablis au si\u00e8cle dernier. S\u2019il ne sait pas encore vraiment comment, Fran\u00e7ois Pelletant a re\u00e7u le soutien des Motards en Col\u00e8re et pris contact avec divers collectionneurs de v\u00e9hicules anciens. \u00ab<em> Nous organiserons certainement un collectif \u00e0 la rentr\u00e9e, nous coordonnerons des actions face des mesures b\u00eates et m\u00e9chantes. Paris ce n\u2019est pas que la ville des Parisiens, c\u2019est aussi la capitale des Fran\u00e7ais. Il y a trop d\u2019entre soi \u00bb.<\/em> Le pot de terre contre le pot de fer ?<\/p>\n<p style=\"text-align: justify;\">Illustration :&nbsp;<a href=\"http:\/\/pelletant.fr\/blog2015\/\" target=\"_blank\" rel=\"noopener\">Pelletant.fr<\/a><\/p>\n<\/div>\n","protected":false},"excerpt":{"rendered":"<p>D\u00e8s lors que l\u2019on parle de pollution et de circulation, il y a Paris et le reste de la France. Et le maire de Linas de tirer la sonnette d\u2019alarme. D\u00e9but juillet, Fran\u00e7ois Pelletant cr\u00e9ait le buzz avec ce qu\u2019il fut plus commun de nommer un&nbsp;arr\u00eat\u00e9 anti-parisien. Concr\u00e8tement, il s\u2019agissait d\u2019interdire aux v\u00e9hicules immatricul\u00e9s 75 [&hellip;]<\/p>\n","protected":false},"author":3,"featured_media":2064,"comment_status":"open","ping_status":"open","sticky":false,"template":"","format":"standard","meta":{"_acf_changed":false,"footnotes":""},"categories":[2],"tags":[],"marque":[],"class_list":["post-2063","post","type-post","status-publish","format-standard","has-post-thumbnail","hentry","category-actualites"],"acf":[],"yoast_head":"<!-- This site is optimized with the Yoast SEO plugin v27.2 - https:\/\/yoast.com\/product\/yoast-seo-wordpress\/ -->\n<title>Rencontre avec Fran\u00e7ois Pelletant, maire de Linas. - Blog Autosphere<\/title>\n<meta name=\"robots\" content=\"index, follow, max-snippet:-1, max-image-preview:large, max-video-preview:-1\" \/>\n<link rel=\"canonical\" href=\"https:\/\/www.autosphere.fr\/blog\/rencontre-avec-francois-pelletant-maire-de-linas\/\" \/>\n<meta property=\"og:locale\" content=\"fr_FR\" \/>\n<meta property=\"og:type\" content=\"article\" \/>\n<meta property=\"og:title\" content=\"Rencontre avec Fran\u00e7ois Pelletant, maire de Linas. - Blog Autosphere\" \/>\n<meta property=\"og:description\" content=\"D\u00e8s lors que l\u2019on parle de pollution et de circulation, il y a Paris et le reste de la France. Et le maire de Linas de tirer la sonnette d\u2019alarme. D\u00e9but juillet, Fran\u00e7ois Pelletant cr\u00e9ait le buzz avec ce qu\u2019il fut plus commun de nommer un&nbsp;arr\u00eat\u00e9 anti-parisien. Concr\u00e8tement, il s\u2019agissait d\u2019interdire aux v\u00e9hicules immatricul\u00e9s 75 [&hellip;]\" \/>\n<meta property=\"og:url\" content=\"https:\/\/www.autosphere.fr\/blog\/rencontre-avec-francois-pelletant-maire-de-linas\/\" \/>\n<meta property=\"og:site_name\" content=\"Blog Autosphere\" \/>\n<meta property=\"article:publisher\" content=\"https:\/\/www.facebook.com\/autosphere\" \/>\n<meta property=\"article:published_time\" content=\"2016-08-18T10:53:51+00:00\" \/>\n<meta property=\"article:modified_time\" content=\"2022-11-22T09:16:29+00:00\" \/>\n<meta property=\"og:image\" content=\"https:\/\/www.autosphere.fr\/blog\/wp-content\/uploads\/2022\/11\/3d9249afab8b78785d08dc842e1bacac.jpg\" \/>\n\t<meta property=\"og:image:width\" content=\"400\" \/>\n\t<meta property=\"og:image:height\" content=\"210\" \/>\n\t<meta property=\"og:image:type\" content=\"image\/jpeg\" \/>\n<meta name=\"author\" content=\"Florent CHEDOZEAU\" \/>\n<meta name=\"twitter:card\" content=\"summary_large_image\" \/>\n<meta name=\"twitter:label1\" content=\"\u00c9crit par\" \/>\n\t<meta name=\"twitter:data1\" content=\"Florent CHEDOZEAU\" \/>\n\t<meta name=\"twitter:label2\" content=\"Dur\u00e9e de lecture estim\u00e9e\" \/>\n\t<meta name=\"twitter:data2\" content=\"3 minutes\" \/>\n<!-- \/ Yoast SEO plugin. -->","yoast_head_json":{"title":"Rencontre avec Fran\u00e7ois Pelletant, maire de Linas. - Blog Autosphere","robots":{"index":"index","follow":"follow","max-snippet":"max-snippet:-1","max-image-preview":"max-image-preview:large","max-video-preview":"max-video-preview:-1"},"canonical":"https:\/\/www.autosphere.fr\/blog\/rencontre-avec-francois-pelletant-maire-de-linas\/","og_locale":"fr_FR","og_type":"article","og_title":"Rencontre avec Fran\u00e7ois Pelletant, maire de Linas. - Blog Autosphere","og_description":"D\u00e8s lors que l\u2019on parle de pollution et de circulation, il y a Paris et le reste de la France. Et le maire de Linas de tirer la sonnette d\u2019alarme. D\u00e9but juillet, Fran\u00e7ois Pelletant cr\u00e9ait le buzz avec ce qu\u2019il fut plus commun de nommer un&nbsp;arr\u00eat\u00e9 anti-parisien. Concr\u00e8tement, il s\u2019agissait d\u2019interdire aux v\u00e9hicules immatricul\u00e9s 75 [&hellip;]","og_url":"https:\/\/www.autosphere.fr\/blog\/rencontre-avec-francois-pelletant-maire-de-linas\/","og_site_name":"Blog Autosphere","article_publisher":"https:\/\/www.facebook.com\/autosphere","article_published_time":"2016-08-18T10:53:51+00:00","article_modified_time":"2022-11-22T09:16:29+00:00","og_image":[{"width":400,"height":210,"url":"https:\/\/www.autosphere.fr\/blog\/wp-content\/uploads\/2022\/11\/3d9249afab8b78785d08dc842e1bacac.jpg","type":"image\/jpeg"}],"author":"Florent CHEDOZEAU","twitter_card":"summary_large_image","twitter_misc":{"\u00c9crit par":"Florent CHEDOZEAU","Dur\u00e9e de lecture estim\u00e9e":"3 minutes"},"schema":{"@context":"https:\/\/schema.org","@graph":[{"@type":"Article","@id":"https:\/\/www.autosphere.fr\/blog\/rencontre-avec-francois-pelletant-maire-de-linas\/#article","isPartOf":{"@id":"https:\/\/www.autosphere.fr\/blog\/rencontre-avec-francois-pelletant-maire-de-linas\/"},"author":{"name":"Florent CHEDOZEAU","@id":"https:\/\/www.autosphere.fr\/blog\/#\/schema\/person\/157d3ac8c260cc43fa708dbfa8fe558d"},"headline":"Rencontre avec Fran\u00e7ois Pelletant, maire de Linas.","datePublished":"2016-08-18T10:53:51+00:00","dateModified":"2022-11-22T09:16:29+00:00","mainEntityOfPage":{"@id":"https:\/\/www.autosphere.fr\/blog\/rencontre-avec-francois-pelletant-maire-de-linas\/"},"wordCount":567,"commentCount":0,"publisher":{"@id":"https:\/\/www.autosphere.fr\/blog\/#organization"},"image":{"@id":"https:\/\/www.autosphere.fr\/blog\/rencontre-avec-francois-pelletant-maire-de-linas\/#primaryimage"},"thumbnailUrl":"https:\/\/www.autosphere.fr\/blog\/wp-content\/uploads\/2022\/11\/3d9249afab8b78785d08dc842e1bacac.jpg","articleSection":["Actualit\u00e9s"],"inLanguage":"fr-FR","potentialAction":[{"@type":"CommentAction","name":"Comment","target":["https:\/\/www.autosphere.fr\/blog\/rencontre-avec-francois-pelletant-maire-de-linas\/#respond"]}]},{"@type":"WebPage","@id":"https:\/\/www.autosphere.fr\/blog\/rencontre-avec-francois-pelletant-maire-de-linas\/","url":"https:\/\/www.autosphere.fr\/blog\/rencontre-avec-francois-pelletant-maire-de-linas\/","name":"Rencontre avec Fran\u00e7ois Pelletant, maire de Linas. - Blog Autosphere","isPartOf":{"@id":"https:\/\/www.autosphere.fr\/blog\/#website"},"primaryImageOfPage":{"@id":"https:\/\/www.autosphere.fr\/blog\/rencontre-avec-francois-pelletant-maire-de-linas\/#primaryimage"},"image":{"@id":"https:\/\/www.autosphere.fr\/blog\/rencontre-avec-francois-pelletant-maire-de-linas\/#primaryimage"},"thumbnailUrl":"https:\/\/www.autosphere.fr\/blog\/wp-content\/uploads\/2022\/11\/3d9249afab8b78785d08dc842e1bacac.jpg","datePublished":"2016-08-18T10:53:51+00:00","dateModified":"2022-11-22T09:16:29+00:00","breadcrumb":{"@id":"https:\/\/www.autosphere.fr\/blog\/rencontre-avec-francois-pelletant-maire-de-linas\/#breadcrumb"},"inLanguage":"fr-FR","potentialAction":[{"@type":"ReadAction","target":["https:\/\/www.autosphere.fr\/blog\/rencontre-avec-francois-pelletant-maire-de-linas\/"]}]},{"@type":"ImageObject","inLanguage":"fr-FR","@id":"https:\/\/www.autosphere.fr\/blog\/rencontre-avec-francois-pelletant-maire-de-linas\/#primaryimage","url":"https:\/\/www.autosphere.fr\/blog\/wp-content\/uploads\/2022\/11\/3d9249afab8b78785d08dc842e1bacac.jpg","contentUrl":"https:\/\/www.autosphere.fr\/blog\/wp-content\/uploads\/2022\/11\/3d9249afab8b78785d08dc842e1bacac.jpg","width":400,"height":210},{"@type":"BreadcrumbList","@id":"https:\/\/www.autosphere.fr\/blog\/rencontre-avec-francois-pelletant-maire-de-linas\/#breadcrumb","itemListElement":[{"@type":"ListItem","position":1,"name":"Accueil","item":"https:\/\/www.autosphere.fr\/blog\/"},{"@type":"ListItem","position":2,"name":"Rencontre avec Fran\u00e7ois Pelletant, maire de Linas."}]},{"@type":"WebSite","@id":"https:\/\/www.autosphere.fr\/blog\/#website","url":"https:\/\/www.autosphere.fr\/blog\/","name":"Blog Autosphere","description":"","publisher":{"@id":"https:\/\/www.autosphere.fr\/blog\/#organization"},"potentialAction":[{"@type":"SearchAction","target":{"@type":"EntryPoint","urlTemplate":"https:\/\/www.autosphere.fr\/blog\/?s={search_term_string}"},"query-input":{"@type":"PropertyValueSpecification","valueRequired":true,"valueName":"search_term_string"}}],"inLanguage":"fr-FR"},{"@type":"Organization","@id":"https:\/\/www.autosphere.fr\/blog\/#organization","name":"Blog Autosphere","url":"https:\/\/www.autosphere.fr\/blog\/","logo":{"@type":"ImageObject","inLanguage":"fr-FR","@id":"https:\/\/www.autosphere.fr\/blog\/#\/schema\/logo\/image\/","url":"https:\/\/www.autosphere.fr\/blog\/wp-content\/uploads\/2022\/11\/le-blog-autosphere.png","contentUrl":"https:\/\/www.autosphere.fr\/blog\/wp-content\/uploads\/2022\/11\/le-blog-autosphere.png","width":241,"height":35,"caption":"Blog Autosphere"},"image":{"@id":"https:\/\/www.autosphere.fr\/blog\/#\/schema\/logo\/image\/"},"sameAs":["https:\/\/www.facebook.com\/autosphere","https:\/\/www.instagram.com\/autosphere"]},{"@type":"Person","@id":"https:\/\/www.autosphere.fr\/blog\/#\/schema\/person\/157d3ac8c260cc43fa708dbfa8fe558d","name":"Florent CHEDOZEAU","url":"https:\/\/www.autosphere.fr\/blog\/author\/florent-chedozeau\/"}]}},"_links":{"self":[{"href":"https:\/\/www.autosphere.fr\/blog\/wp-json\/wp\/v2\/posts\/2063","targetHints":{"allow":["GET"]}}],"collection":[{"href":"https:\/\/www.autosphere.fr\/blog\/wp-json\/wp\/v2\/posts"}],"about":[{"href":"https:\/\/www.autosphere.fr\/blog\/wp-json\/wp\/v2\/types\/post"}],"author":[{"embeddable":true,"href":"https:\/\/www.autosphere.fr\/blog\/wp-json\/wp\/v2\/users\/3"}],"replies":[{"embeddable":true,"href":"https:\/\/www.autosphere.fr\/blog\/wp-json\/wp\/v2\/comments?post=2063"}],"version-history":[{"count":1,"href":"https:\/\/www.autosphere.fr\/blog\/wp-json\/wp\/v2\/posts\/2063\/revisions"}],"predecessor-version":[{"id":3849,"href":"https:\/\/www.autosphere.fr\/blog\/wp-json\/wp\/v2\/posts\/2063\/revisions\/3849"}],"wp:featuredmedia":[{"embeddable":true,"href":"https:\/\/www.autosphere.fr\/blog\/wp-json\/wp\/v2\/media\/2064"}],"wp:attachment":[{"href":"https:\/\/www.autosphere.fr\/blog\/wp-json\/wp\/v2\/media?parent=2063"}],"wp:term":[{"taxonomy":"category","embeddable":true,"href":"https:\/\/www.autosphere.fr\/blog\/wp-json\/wp\/v2\/categories?post=2063"},{"taxonomy":"post_tag","embeddable":true,"href":"https:\/\/www.autosphere.fr\/blog\/wp-json\/wp\/v2\/tags?post=2063"},{"taxonomy":"marque","embeddable":true,"href":"https:\/\/www.autosphere.fr\/blog\/wp-json\/wp\/v2\/marque?post=2063"}],"curies":[{"name":"wp","href":"https:\/\/api.w.org\/{rel}","templated":true}]}}