{"id":2071,"date":"2016-09-02T09:52:19","date_gmt":"2016-09-02T07:52:19","guid":{"rendered":"https:\/\/blogautosphere.creatic-agency.fr\/une-bmw-m2-devient-f22-eurofighter\/"},"modified":"2022-11-22T11:16:29","modified_gmt":"2022-11-22T09:16:29","slug":"une-bmw-m2-devient-f22-eurofighter","status":"publish","type":"post","link":"https:\/\/www.autosphere.fr\/blog\/une-bmw-m2-devient-f22-eurofighter\/","title":{"rendered":"Une BMW M2 devient F22 Eurofighter"},"content":{"rendered":"<div class=\"custom-post-container\">\n<p style=\"text-align: justify;\">Quand le pr\u00e9parateur letton HGK et Mast Motorsports s\u2019attaquent \u00e0 la BMW M2, \u00e7a donne un monstre de 831 chevaux carross\u00e9 de kevlar et de fibre de carbone. Trop, c\u2019est trop ?<\/p>\n<p style=\"text-align: justify;\">\u00c9tait-il obligatoire de greffer jusqu\u2019\u00e0 831 chevaux (et 920 Nm de couple) sous le capot d\u2019une M2 en tenue de combat ? Une telle cavalerie, c\u2019est id\u00e9al pour br\u00fbler de la gomme sans pour autant \u00eatre certain que le pilote soit capable de tenir tout cela de mani\u00e8re efficace, comprenez changer de pneus tous les 5 tours de piste\u2026 Toujours est-il que le pr\u00e9parateur letton HGK et le motoriste Mast Motorsport nous offrent une r\u00e9alisation particuli\u00e8rement spectaculaire, le tout dans un d\u00e9cors de cimeti\u00e8re de la guerre froide.<\/p>\n<h2 style=\"text-align: justify;\">Plus grand chose d\u2019origine<\/h2>\n<p style=\"text-align: justify;\">Baptis\u00e9e en toute sobri\u00e9t\u00e9 F22 Eurofighter (la contraction de deux avions de chasse) cette BMW M2 n\u2019a plus grand chose d\u2019origine ! Carrosserie en kevlar, moteur V8 d\u2019origine General Motors associ\u00e9 \u00e0 une bo\u00eete s\u00e9quentielle \u00e0 5 rapports. Le tout est dirig\u00e9 depuis un habitacle digne d\u2019une GT3. <\/p>\n<p style=\"text-align: justify;\">L\u2019ensemble, qui r\u00e9pond aux sp\u00e9cifications de la Formula Drift, n\u2019a pas de prix officiel et a \u00e9t\u00e9 d\u00e9livr\u00e9 au MK Racing bas\u00e9 au Qatar. Rien \u00e0 savoir si une telle cr\u00e9ation vous tape dans l&#8217;oeil&#8230; ou pas.<\/p>\n<p style=\"text-align: justify;\">Source :&nbsp;<a href=\"http:\/\/www.bmwblog.com\/2016\/08\/30\/bmw-2-series-f22-eurofighter-delivers-820-hp\/\" target=\"_blank\" rel=\"noopener\">BMW Blog<\/a><\/p>\n<\/div>\n","protected":false},"excerpt":{"rendered":"<p>Quand le pr\u00e9parateur letton HGK et Mast Motorsports s\u2019attaquent \u00e0 la BMW M2, \u00e7a donne un monstre de 831 chevaux carross\u00e9 de kevlar et de fibre de carbone. Trop, c\u2019est trop ? \u00c9tait-il obligatoire de greffer jusqu\u2019\u00e0 831 chevaux (et 920 Nm de couple) sous le capot d\u2019une M2 en tenue de combat ? Une [&hellip;]<\/p>\n","protected":false},"author":3,"featured_media":2072,"comment_status":"open","ping_status":"open","sticky":false,"template":"","format":"standard","meta":{"_acf_changed":false,"footnotes":""},"categories":[2],"tags":[],"marque":[50],"class_list":["post-2071","post","type-post","status-publish","format-standard","has-post-thumbnail","hentry","category-actualites","marque-bmw"],"acf":[],"yoast_head":"<!-- This site is optimized with the Yoast SEO plugin v27.2 - https:\/\/yoast.com\/product\/yoast-seo-wordpress\/ -->\n<title>Une BMW M2 devient F22 Eurofighter - Blog Autosphere<\/title>\n<meta name=\"robots\" content=\"index, follow, max-snippet:-1, max-image-preview:large, max-video-preview:-1\" \/>\n<link rel=\"canonical\" href=\"https:\/\/www.autosphere.fr\/blog\/une-bmw-m2-devient-f22-eurofighter\/\" \/>\n<meta property=\"og:locale\" content=\"fr_FR\" \/>\n<meta property=\"og:type\" content=\"article\" \/>\n<meta property=\"og:title\" content=\"Une BMW M2 devient F22 Eurofighter - Blog Autosphere\" \/>\n<meta property=\"og:description\" content=\"Quand le pr\u00e9parateur letton HGK et Mast Motorsports s\u2019attaquent \u00e0 la BMW M2, \u00e7a donne un monstre de 831 chevaux carross\u00e9 de kevlar et de fibre de carbone. Trop, c\u2019est trop ? \u00c9tait-il obligatoire de greffer jusqu\u2019\u00e0 831 chevaux (et 920 Nm de couple) sous le capot d\u2019une M2 en tenue de combat ? Une [&hellip;]\" \/>\n<meta property=\"og:url\" content=\"https:\/\/www.autosphere.fr\/blog\/une-bmw-m2-devient-f22-eurofighter\/\" \/>\n<meta property=\"og:site_name\" content=\"Blog Autosphere\" \/>\n<meta property=\"article:publisher\" content=\"https:\/\/www.facebook.com\/autosphere\" \/>\n<meta property=\"article:published_time\" content=\"2016-09-02T07:52:19+00:00\" \/>\n<meta property=\"article:modified_time\" content=\"2022-11-22T09:16:29+00:00\" \/>\n<meta property=\"og:image\" content=\"https:\/\/www.autosphere.fr\/blog\/wp-content\/uploads\/2022\/11\/163c89c2f09040ec215e0424ad3add57.jpg\" \/>\n\t<meta property=\"og:image:width\" content=\"400\" \/>\n\t<meta property=\"og:image:height\" content=\"210\" \/>\n\t<meta property=\"og:image:type\" content=\"image\/jpeg\" \/>\n<meta name=\"author\" content=\"Florent CHEDOZEAU\" \/>\n<meta name=\"twitter:card\" content=\"summary_large_image\" \/>\n<meta name=\"twitter:label1\" content=\"\u00c9crit par\" \/>\n\t<meta name=\"twitter:data1\" content=\"Florent CHEDOZEAU\" \/>\n\t<meta name=\"twitter:label2\" content=\"Dur\u00e9e de lecture estim\u00e9e\" \/>\n\t<meta name=\"twitter:data2\" content=\"1 minute\" \/>\n<!-- \/ Yoast SEO plugin. -->","yoast_head_json":{"title":"Une BMW M2 devient F22 Eurofighter - Blog Autosphere","robots":{"index":"index","follow":"follow","max-snippet":"max-snippet:-1","max-image-preview":"max-image-preview:large","max-video-preview":"max-video-preview:-1"},"canonical":"https:\/\/www.autosphere.fr\/blog\/une-bmw-m2-devient-f22-eurofighter\/","og_locale":"fr_FR","og_type":"article","og_title":"Une BMW M2 devient F22 Eurofighter - Blog Autosphere","og_description":"Quand le pr\u00e9parateur letton HGK et Mast Motorsports s\u2019attaquent \u00e0 la BMW M2, \u00e7a donne un monstre de 831 chevaux carross\u00e9 de kevlar et de fibre de carbone. Trop, c\u2019est trop ? \u00c9tait-il obligatoire de greffer jusqu\u2019\u00e0 831 chevaux (et 920 Nm de couple) sous le capot d\u2019une M2 en tenue de combat ? Une [&hellip;]","og_url":"https:\/\/www.autosphere.fr\/blog\/une-bmw-m2-devient-f22-eurofighter\/","og_site_name":"Blog Autosphere","article_publisher":"https:\/\/www.facebook.com\/autosphere","article_published_time":"2016-09-02T07:52:19+00:00","article_modified_time":"2022-11-22T09:16:29+00:00","og_image":[{"width":400,"height":210,"url":"https:\/\/www.autosphere.fr\/blog\/wp-content\/uploads\/2022\/11\/163c89c2f09040ec215e0424ad3add57.jpg","type":"image\/jpeg"}],"author":"Florent CHEDOZEAU","twitter_card":"summary_large_image","twitter_misc":{"\u00c9crit par":"Florent CHEDOZEAU","Dur\u00e9e de lecture estim\u00e9e":"1 minute"},"schema":{"@context":"https:\/\/schema.org","@graph":[{"@type":"Article","@id":"https:\/\/www.autosphere.fr\/blog\/une-bmw-m2-devient-f22-eurofighter\/#article","isPartOf":{"@id":"https:\/\/www.autosphere.fr\/blog\/une-bmw-m2-devient-f22-eurofighter\/"},"author":{"name":"Florent CHEDOZEAU","@id":"https:\/\/www.autosphere.fr\/blog\/#\/schema\/person\/157d3ac8c260cc43fa708dbfa8fe558d"},"headline":"Une BMW M2 devient F22 Eurofighter","datePublished":"2016-09-02T07:52:19+00:00","dateModified":"2022-11-22T09:16:29+00:00","mainEntityOfPage":{"@id":"https:\/\/www.autosphere.fr\/blog\/une-bmw-m2-devient-f22-eurofighter\/"},"wordCount":236,"commentCount":0,"publisher":{"@id":"https:\/\/www.autosphere.fr\/blog\/#organization"},"image":{"@id":"https:\/\/www.autosphere.fr\/blog\/une-bmw-m2-devient-f22-eurofighter\/#primaryimage"},"thumbnailUrl":"https:\/\/www.autosphere.fr\/blog\/wp-content\/uploads\/2022\/11\/163c89c2f09040ec215e0424ad3add57.jpg","articleSection":["Actualit\u00e9s"],"inLanguage":"fr-FR","potentialAction":[{"@type":"CommentAction","name":"Comment","target":["https:\/\/www.autosphere.fr\/blog\/une-bmw-m2-devient-f22-eurofighter\/#respond"]}]},{"@type":"WebPage","@id":"https:\/\/www.autosphere.fr\/blog\/une-bmw-m2-devient-f22-eurofighter\/","url":"https:\/\/www.autosphere.fr\/blog\/une-bmw-m2-devient-f22-eurofighter\/","name":"Une BMW M2 devient F22 Eurofighter - Blog Autosphere","isPartOf":{"@id":"https:\/\/www.autosphere.fr\/blog\/#website"},"primaryImageOfPage":{"@id":"https:\/\/www.autosphere.fr\/blog\/une-bmw-m2-devient-f22-eurofighter\/#primaryimage"},"image":{"@id":"https:\/\/www.autosphere.fr\/blog\/une-bmw-m2-devient-f22-eurofighter\/#primaryimage"},"thumbnailUrl":"https:\/\/www.autosphere.fr\/blog\/wp-content\/uploads\/2022\/11\/163c89c2f09040ec215e0424ad3add57.jpg","datePublished":"2016-09-02T07:52:19+00:00","dateModified":"2022-11-22T09:16:29+00:00","breadcrumb":{"@id":"https:\/\/www.autosphere.fr\/blog\/une-bmw-m2-devient-f22-eurofighter\/#breadcrumb"},"inLanguage":"fr-FR","potentialAction":[{"@type":"ReadAction","target":["https:\/\/www.autosphere.fr\/blog\/une-bmw-m2-devient-f22-eurofighter\/"]}]},{"@type":"ImageObject","inLanguage":"fr-FR","@id":"https:\/\/www.autosphere.fr\/blog\/une-bmw-m2-devient-f22-eurofighter\/#primaryimage","url":"https:\/\/www.autosphere.fr\/blog\/wp-content\/uploads\/2022\/11\/163c89c2f09040ec215e0424ad3add57.jpg","contentUrl":"https:\/\/www.autosphere.fr\/blog\/wp-content\/uploads\/2022\/11\/163c89c2f09040ec215e0424ad3add57.jpg","width":400,"height":210},{"@type":"BreadcrumbList","@id":"https:\/\/www.autosphere.fr\/blog\/une-bmw-m2-devient-f22-eurofighter\/#breadcrumb","itemListElement":[{"@type":"ListItem","position":1,"name":"Accueil","item":"https:\/\/www.autosphere.fr\/blog\/"},{"@type":"ListItem","position":2,"name":"Une BMW M2 devient F22 Eurofighter"}]},{"@type":"WebSite","@id":"https:\/\/www.autosphere.fr\/blog\/#website","url":"https:\/\/www.autosphere.fr\/blog\/","name":"Blog Autosphere","description":"","publisher":{"@id":"https:\/\/www.autosphere.fr\/blog\/#organization"},"potentialAction":[{"@type":"SearchAction","target":{"@type":"EntryPoint","urlTemplate":"https:\/\/www.autosphere.fr\/blog\/?s={search_term_string}"},"query-input":{"@type":"PropertyValueSpecification","valueRequired":true,"valueName":"search_term_string"}}],"inLanguage":"fr-FR"},{"@type":"Organization","@id":"https:\/\/www.autosphere.fr\/blog\/#organization","name":"Blog Autosphere","url":"https:\/\/www.autosphere.fr\/blog\/","logo":{"@type":"ImageObject","inLanguage":"fr-FR","@id":"https:\/\/www.autosphere.fr\/blog\/#\/schema\/logo\/image\/","url":"https:\/\/www.autosphere.fr\/blog\/wp-content\/uploads\/2022\/11\/le-blog-autosphere.png","contentUrl":"https:\/\/www.autosphere.fr\/blog\/wp-content\/uploads\/2022\/11\/le-blog-autosphere.png","width":241,"height":35,"caption":"Blog Autosphere"},"image":{"@id":"https:\/\/www.autosphere.fr\/blog\/#\/schema\/logo\/image\/"},"sameAs":["https:\/\/www.facebook.com\/autosphere","https:\/\/www.instagram.com\/autosphere"]},{"@type":"Person","@id":"https:\/\/www.autosphere.fr\/blog\/#\/schema\/person\/157d3ac8c260cc43fa708dbfa8fe558d","name":"Florent CHEDOZEAU","url":"https:\/\/www.autosphere.fr\/blog\/author\/florent-chedozeau\/"}]}},"_links":{"self":[{"href":"https:\/\/www.autosphere.fr\/blog\/wp-json\/wp\/v2\/posts\/2071","targetHints":{"allow":["GET"]}}],"collection":[{"href":"https:\/\/www.autosphere.fr\/blog\/wp-json\/wp\/v2\/posts"}],"about":[{"href":"https:\/\/www.autosphere.fr\/blog\/wp-json\/wp\/v2\/types\/post"}],"author":[{"embeddable":true,"href":"https:\/\/www.autosphere.fr\/blog\/wp-json\/wp\/v2\/users\/3"}],"replies":[{"embeddable":true,"href":"https:\/\/www.autosphere.fr\/blog\/wp-json\/wp\/v2\/comments?post=2071"}],"version-history":[{"count":1,"href":"https:\/\/www.autosphere.fr\/blog\/wp-json\/wp\/v2\/posts\/2071\/revisions"}],"predecessor-version":[{"id":3484,"href":"https:\/\/www.autosphere.fr\/blog\/wp-json\/wp\/v2\/posts\/2071\/revisions\/3484"}],"wp:featuredmedia":[{"embeddable":true,"href":"https:\/\/www.autosphere.fr\/blog\/wp-json\/wp\/v2\/media\/2072"}],"wp:attachment":[{"href":"https:\/\/www.autosphere.fr\/blog\/wp-json\/wp\/v2\/media?parent=2071"}],"wp:term":[{"taxonomy":"category","embeddable":true,"href":"https:\/\/www.autosphere.fr\/blog\/wp-json\/wp\/v2\/categories?post=2071"},{"taxonomy":"post_tag","embeddable":true,"href":"https:\/\/www.autosphere.fr\/blog\/wp-json\/wp\/v2\/tags?post=2071"},{"taxonomy":"marque","embeddable":true,"href":"https:\/\/www.autosphere.fr\/blog\/wp-json\/wp\/v2\/marque?post=2071"}],"curies":[{"name":"wp","href":"https:\/\/api.w.org\/{rel}","templated":true}]}}