{"id":2088,"date":"2016-09-22T13:51:52","date_gmt":"2016-09-22T11:51:52","guid":{"rendered":"https:\/\/blogautosphere.creatic-agency.fr\/un-classement-de-nos-insultes-au-volant\/"},"modified":"2022-11-22T11:16:30","modified_gmt":"2022-11-22T09:16:30","slug":"un-classement-de-nos-insultes-au-volant","status":"publish","type":"post","link":"https:\/\/www.autosphere.fr\/blog\/un-classement-de-nos-insultes-au-volant\/","title":{"rendered":"Un classement de nos insultes au volant !"},"content":{"rendered":"<div class=\"custom-post-container\">\n<p style=\"text-align: justify;\">Faisons un point vulgarit\u00e9 au volant avec l&#8217;\u00e9tude&nbsp;publi\u00e9e par le site&nbsp;<a href=\"http:\/\/minute-auto.fr\/\" style=\"background-color: initial;\">minute-auto.fr<\/a> sur les insultes pr\u00e9f\u00e9r\u00e9es des Fran\u00e7ais !&nbsp;<\/p>\n<p style=\"text-align: justify;\">Un large \u00e9chantillon d\u2019automobilistes a ainsi \u00e9t\u00e9 contact\u00e9 au cours du mois de septembre. Un total de 3 211 personnes compos\u00e9 de 1 864 hommes et de 1 347 femmes. Les r\u00e9sultats ont une certaine forme de logique et laissent appara\u00eetre une certaine sym\u00e9trie entre hommes et femmes.<\/p>\n<h2>L\u2019ind\u00e9boulonnable duo connard\/connasse<\/h2>\n<p><img decoding=\"async\" src=\"https:\/\/www.autosphere.fr\/blog\/wp-content\/uploads\/2022\/11\/521026bfd583024642a58e0b7f6c5351.jpg\" style=\"color: rgb(248, 248, 248);\"><\/p>\n<p style=\"text-align: justify;\">Les r\u00e9sultats de cette \u00e9tude ont \u00e9t\u00e9 divis\u00e9s en deux groupes. Hommes et Femmes. N\u00e9anmoins, c\u2019est le m\u00eame duo \u00ab connard\/connasse \u00bb qui arrive largement en t\u00eate, pl\u00e9biscit\u00e9 par 74% des hommes et 73% des femmes. Il faut dire qu\u2019en v\u00e9rifiant la d\u00e9finition de ces termes dans mon Larousse, il parait logique que ces deux mots sortent premier de notre bouche \u00e0 la moindre queue de poisson, au premier refus de priorit\u00e9, \u00e0 ce coup de klaxon pour le moins agressif : \u00ab <em>adj et n. Tr\u00e8s fam. Imb\u00e9cile, cr\u00e9tin<\/em> \u00bb. Une variante s\u2019ajoute \u00e0 \u00ab connasse \u00bb : \u00ab <em>Stupide et, souvent, d\u00e9sagr\u00e9able<\/em> \u00bb.<\/p>\n<h2>Les femmes sont-elles (un peu) plus classes que les hommes ?<\/h2>\n<p><img decoding=\"async\" src=\"https:\/\/www.autosphere.fr\/blog\/wp-content\/uploads\/2022\/11\/342219095ad2e0362987aa3375ad325f.jpg\"><\/p>\n<p style=\"text-align: justify;\">Au-del\u00e0 de la quasi unanimit\u00e9 du duo \u00ab connard\/connasse \u00bb, quelles sont les autres insultes pr\u00e9f\u00e9r\u00e9es des Fran\u00e7ais ? Globalement, hommes et femmes ont les m\u00eames r\u00e9flexes. Semble-t-il n\u00e9anmoins que les femmes seraient un peu moins vulgaires que les hommes. En effet, les hommes disent volontiers \u00ab encul\u00e9 \u00bb (56%) devant \u00ab putain \u00bb (53%) tandis que les femmes auraient un peu moins souvent recours \u00e0 \u00ab putain \u00bb (51%) et \u00ab encul\u00e9 \u00bb (49%). Des diff\u00e9rences qui ne sont pas autant tr\u00e8s importantes. <\/p>\n<h2>Soyez cr\u00e9atifs !<\/h2>\n<p><img decoding=\"async\" src=\"https:\/\/www.autosphere.fr\/blog\/wp-content\/uploads\/2022\/11\/bcc23871f305cb432aea0feb4fff80bf.jpg\"><\/p>\n<p style=\"text-align: justify;\">Au final, on retrouve les 9 m\u00eames premi\u00e8res insultes chez ces dames comme chez les messieurs, certes dans un ordre l\u00e9g\u00e8rement diff\u00e9rent. Reste, le best-of ! En effet, l\u2019\u00e9tude r\u00e9v\u00e8le aussi quelques tournures originales entendues : \u00ab <em>La conne de ta grand m\u00e8re<\/em> \u00bb (qu\u2019on imagine volontiers avec un accent chantant !) ou encore un \u00ab<em> Fils de pute de sale encul\u00e9 de b\u00e2tard de merde<\/em> \u00bb, qui doit correspondre au bas mot \u00e0 un vol de place de stationnement !<\/p>\n<p style=\"text-align: justify;\">Reste \u00e0 savoir si vous vous retrouvez dans cette \u00e9tude tr\u00e8s s\u00e9rieuse ? Avez-vous \u00e9galement des insultes originales \u00e0 nous soumettre ? En tout bien tout honneur !<\/p>\n<p>Sources : <a href=\"http:\/\/minute-auto.fr\">minute-auto.fr<\/a><\/p>\n<p>Dessin :&nbsp;<a href=\"http:\/\/www.bauer-presse.fr\/\" target=\"_blank\" rel=\"noopener\">Bauer<\/a> <\/p>\n<\/div>\n","protected":false},"excerpt":{"rendered":"<p>Faisons un point vulgarit\u00e9 au volant avec l&#8217;\u00e9tude&nbsp;publi\u00e9e par le site&nbsp;minute-auto.fr sur les insultes pr\u00e9f\u00e9r\u00e9es des Fran\u00e7ais !&nbsp; Un large \u00e9chantillon d\u2019automobilistes a ainsi \u00e9t\u00e9 contact\u00e9 au cours du mois de septembre. Un total de 3 211 personnes compos\u00e9 de 1 864 hommes et de 1 347 femmes. Les r\u00e9sultats ont une certaine forme de [&hellip;]<\/p>\n","protected":false},"author":3,"featured_media":2089,"comment_status":"open","ping_status":"open","sticky":false,"template":"","format":"standard","meta":{"_acf_changed":false,"footnotes":""},"categories":[2],"tags":[],"marque":[],"class_list":["post-2088","post","type-post","status-publish","format-standard","has-post-thumbnail","hentry","category-actualites"],"acf":[],"yoast_head":"<!-- This site is optimized with the Yoast SEO plugin v27.2 - https:\/\/yoast.com\/product\/yoast-seo-wordpress\/ -->\n<title>Un classement de nos insultes au volant ! - Blog Autosphere<\/title>\n<meta name=\"robots\" content=\"index, follow, max-snippet:-1, max-image-preview:large, max-video-preview:-1\" \/>\n<link rel=\"canonical\" href=\"https:\/\/www.autosphere.fr\/blog\/un-classement-de-nos-insultes-au-volant\/\" \/>\n<meta property=\"og:locale\" content=\"fr_FR\" \/>\n<meta property=\"og:type\" content=\"article\" \/>\n<meta property=\"og:title\" content=\"Un classement de nos insultes au volant ! - Blog Autosphere\" \/>\n<meta property=\"og:description\" content=\"Faisons un point vulgarit\u00e9 au volant avec l&#8217;\u00e9tude&nbsp;publi\u00e9e par le site&nbsp;minute-auto.fr sur les insultes pr\u00e9f\u00e9r\u00e9es des Fran\u00e7ais !&nbsp; Un large \u00e9chantillon d\u2019automobilistes a ainsi \u00e9t\u00e9 contact\u00e9 au cours du mois de septembre. Un total de 3 211 personnes compos\u00e9 de 1 864 hommes et de 1 347 femmes. Les r\u00e9sultats ont une certaine forme de [&hellip;]\" \/>\n<meta property=\"og:url\" content=\"https:\/\/www.autosphere.fr\/blog\/un-classement-de-nos-insultes-au-volant\/\" \/>\n<meta property=\"og:site_name\" content=\"Blog Autosphere\" \/>\n<meta property=\"article:publisher\" content=\"https:\/\/www.facebook.com\/autosphere\" \/>\n<meta property=\"article:published_time\" content=\"2016-09-22T11:51:52+00:00\" \/>\n<meta property=\"article:modified_time\" content=\"2022-11-22T09:16:30+00:00\" \/>\n<meta property=\"og:image\" content=\"https:\/\/www.autosphere.fr\/blog\/wp-content\/uploads\/2022\/11\/232ba1a4e5ef409b072b3f6e1090c72b.jpg\" \/>\n\t<meta property=\"og:image:width\" content=\"400\" \/>\n\t<meta property=\"og:image:height\" content=\"210\" \/>\n\t<meta property=\"og:image:type\" content=\"image\/jpeg\" \/>\n<meta name=\"author\" content=\"Florent CHEDOZEAU\" \/>\n<meta name=\"twitter:card\" content=\"summary_large_image\" \/>\n<meta name=\"twitter:label1\" content=\"\u00c9crit par\" \/>\n\t<meta name=\"twitter:data1\" content=\"Florent CHEDOZEAU\" \/>\n\t<meta name=\"twitter:label2\" content=\"Dur\u00e9e de lecture estim\u00e9e\" \/>\n\t<meta name=\"twitter:data2\" content=\"2 minutes\" \/>\n<!-- \/ Yoast SEO plugin. -->","yoast_head_json":{"title":"Un classement de nos insultes au volant ! - Blog Autosphere","robots":{"index":"index","follow":"follow","max-snippet":"max-snippet:-1","max-image-preview":"max-image-preview:large","max-video-preview":"max-video-preview:-1"},"canonical":"https:\/\/www.autosphere.fr\/blog\/un-classement-de-nos-insultes-au-volant\/","og_locale":"fr_FR","og_type":"article","og_title":"Un classement de nos insultes au volant ! - Blog Autosphere","og_description":"Faisons un point vulgarit\u00e9 au volant avec l&#8217;\u00e9tude&nbsp;publi\u00e9e par le site&nbsp;minute-auto.fr sur les insultes pr\u00e9f\u00e9r\u00e9es des Fran\u00e7ais !&nbsp; Un large \u00e9chantillon d\u2019automobilistes a ainsi \u00e9t\u00e9 contact\u00e9 au cours du mois de septembre. Un total de 3 211 personnes compos\u00e9 de 1 864 hommes et de 1 347 femmes. Les r\u00e9sultats ont une certaine forme de [&hellip;]","og_url":"https:\/\/www.autosphere.fr\/blog\/un-classement-de-nos-insultes-au-volant\/","og_site_name":"Blog Autosphere","article_publisher":"https:\/\/www.facebook.com\/autosphere","article_published_time":"2016-09-22T11:51:52+00:00","article_modified_time":"2022-11-22T09:16:30+00:00","og_image":[{"width":400,"height":210,"url":"https:\/\/www.autosphere.fr\/blog\/wp-content\/uploads\/2022\/11\/232ba1a4e5ef409b072b3f6e1090c72b.jpg","type":"image\/jpeg"}],"author":"Florent CHEDOZEAU","twitter_card":"summary_large_image","twitter_misc":{"\u00c9crit par":"Florent CHEDOZEAU","Dur\u00e9e de lecture estim\u00e9e":"2 minutes"},"schema":{"@context":"https:\/\/schema.org","@graph":[{"@type":"Article","@id":"https:\/\/www.autosphere.fr\/blog\/un-classement-de-nos-insultes-au-volant\/#article","isPartOf":{"@id":"https:\/\/www.autosphere.fr\/blog\/un-classement-de-nos-insultes-au-volant\/"},"author":{"name":"Florent CHEDOZEAU","@id":"https:\/\/www.autosphere.fr\/blog\/#\/schema\/person\/157d3ac8c260cc43fa708dbfa8fe558d"},"headline":"Un classement de nos insultes au volant !","datePublished":"2016-09-22T11:51:52+00:00","dateModified":"2022-11-22T09:16:30+00:00","mainEntityOfPage":{"@id":"https:\/\/www.autosphere.fr\/blog\/un-classement-de-nos-insultes-au-volant\/"},"wordCount":399,"commentCount":0,"publisher":{"@id":"https:\/\/www.autosphere.fr\/blog\/#organization"},"image":{"@id":"https:\/\/www.autosphere.fr\/blog\/un-classement-de-nos-insultes-au-volant\/#primaryimage"},"thumbnailUrl":"https:\/\/www.autosphere.fr\/blog\/wp-content\/uploads\/2022\/11\/232ba1a4e5ef409b072b3f6e1090c72b.jpg","articleSection":["Actualit\u00e9s"],"inLanguage":"fr-FR","potentialAction":[{"@type":"CommentAction","name":"Comment","target":["https:\/\/www.autosphere.fr\/blog\/un-classement-de-nos-insultes-au-volant\/#respond"]}]},{"@type":"WebPage","@id":"https:\/\/www.autosphere.fr\/blog\/un-classement-de-nos-insultes-au-volant\/","url":"https:\/\/www.autosphere.fr\/blog\/un-classement-de-nos-insultes-au-volant\/","name":"Un classement de nos insultes au volant ! - Blog Autosphere","isPartOf":{"@id":"https:\/\/www.autosphere.fr\/blog\/#website"},"primaryImageOfPage":{"@id":"https:\/\/www.autosphere.fr\/blog\/un-classement-de-nos-insultes-au-volant\/#primaryimage"},"image":{"@id":"https:\/\/www.autosphere.fr\/blog\/un-classement-de-nos-insultes-au-volant\/#primaryimage"},"thumbnailUrl":"https:\/\/www.autosphere.fr\/blog\/wp-content\/uploads\/2022\/11\/232ba1a4e5ef409b072b3f6e1090c72b.jpg","datePublished":"2016-09-22T11:51:52+00:00","dateModified":"2022-11-22T09:16:30+00:00","breadcrumb":{"@id":"https:\/\/www.autosphere.fr\/blog\/un-classement-de-nos-insultes-au-volant\/#breadcrumb"},"inLanguage":"fr-FR","potentialAction":[{"@type":"ReadAction","target":["https:\/\/www.autosphere.fr\/blog\/un-classement-de-nos-insultes-au-volant\/"]}]},{"@type":"ImageObject","inLanguage":"fr-FR","@id":"https:\/\/www.autosphere.fr\/blog\/un-classement-de-nos-insultes-au-volant\/#primaryimage","url":"https:\/\/www.autosphere.fr\/blog\/wp-content\/uploads\/2022\/11\/232ba1a4e5ef409b072b3f6e1090c72b.jpg","contentUrl":"https:\/\/www.autosphere.fr\/blog\/wp-content\/uploads\/2022\/11\/232ba1a4e5ef409b072b3f6e1090c72b.jpg","width":400,"height":210},{"@type":"BreadcrumbList","@id":"https:\/\/www.autosphere.fr\/blog\/un-classement-de-nos-insultes-au-volant\/#breadcrumb","itemListElement":[{"@type":"ListItem","position":1,"name":"Accueil","item":"https:\/\/www.autosphere.fr\/blog\/"},{"@type":"ListItem","position":2,"name":"Un classement de nos insultes au volant !"}]},{"@type":"WebSite","@id":"https:\/\/www.autosphere.fr\/blog\/#website","url":"https:\/\/www.autosphere.fr\/blog\/","name":"Blog Autosphere","description":"","publisher":{"@id":"https:\/\/www.autosphere.fr\/blog\/#organization"},"potentialAction":[{"@type":"SearchAction","target":{"@type":"EntryPoint","urlTemplate":"https:\/\/www.autosphere.fr\/blog\/?s={search_term_string}"},"query-input":{"@type":"PropertyValueSpecification","valueRequired":true,"valueName":"search_term_string"}}],"inLanguage":"fr-FR"},{"@type":"Organization","@id":"https:\/\/www.autosphere.fr\/blog\/#organization","name":"Blog Autosphere","url":"https:\/\/www.autosphere.fr\/blog\/","logo":{"@type":"ImageObject","inLanguage":"fr-FR","@id":"https:\/\/www.autosphere.fr\/blog\/#\/schema\/logo\/image\/","url":"https:\/\/www.autosphere.fr\/blog\/wp-content\/uploads\/2022\/11\/le-blog-autosphere.png","contentUrl":"https:\/\/www.autosphere.fr\/blog\/wp-content\/uploads\/2022\/11\/le-blog-autosphere.png","width":241,"height":35,"caption":"Blog Autosphere"},"image":{"@id":"https:\/\/www.autosphere.fr\/blog\/#\/schema\/logo\/image\/"},"sameAs":["https:\/\/www.facebook.com\/autosphere","https:\/\/www.instagram.com\/autosphere"]},{"@type":"Person","@id":"https:\/\/www.autosphere.fr\/blog\/#\/schema\/person\/157d3ac8c260cc43fa708dbfa8fe558d","name":"Florent CHEDOZEAU","url":"https:\/\/www.autosphere.fr\/blog\/author\/florent-chedozeau\/"}]}},"_links":{"self":[{"href":"https:\/\/www.autosphere.fr\/blog\/wp-json\/wp\/v2\/posts\/2088","targetHints":{"allow":["GET"]}}],"collection":[{"href":"https:\/\/www.autosphere.fr\/blog\/wp-json\/wp\/v2\/posts"}],"about":[{"href":"https:\/\/www.autosphere.fr\/blog\/wp-json\/wp\/v2\/types\/post"}],"author":[{"embeddable":true,"href":"https:\/\/www.autosphere.fr\/blog\/wp-json\/wp\/v2\/users\/3"}],"replies":[{"embeddable":true,"href":"https:\/\/www.autosphere.fr\/blog\/wp-json\/wp\/v2\/comments?post=2088"}],"version-history":[{"count":1,"href":"https:\/\/www.autosphere.fr\/blog\/wp-json\/wp\/v2\/posts\/2088\/revisions"}],"predecessor-version":[{"id":3481,"href":"https:\/\/www.autosphere.fr\/blog\/wp-json\/wp\/v2\/posts\/2088\/revisions\/3481"}],"wp:featuredmedia":[{"embeddable":true,"href":"https:\/\/www.autosphere.fr\/blog\/wp-json\/wp\/v2\/media\/2089"}],"wp:attachment":[{"href":"https:\/\/www.autosphere.fr\/blog\/wp-json\/wp\/v2\/media?parent=2088"}],"wp:term":[{"taxonomy":"category","embeddable":true,"href":"https:\/\/www.autosphere.fr\/blog\/wp-json\/wp\/v2\/categories?post=2088"},{"taxonomy":"post_tag","embeddable":true,"href":"https:\/\/www.autosphere.fr\/blog\/wp-json\/wp\/v2\/tags?post=2088"},{"taxonomy":"marque","embeddable":true,"href":"https:\/\/www.autosphere.fr\/blog\/wp-json\/wp\/v2\/marque?post=2088"}],"curies":[{"name":"wp","href":"https:\/\/api.w.org\/{rel}","templated":true}]}}