{"id":2140,"date":"2016-11-03T15:30:29","date_gmt":"2016-11-03T13:30:29","guid":{"rendered":"https:\/\/blogautosphere.creatic-agency.fr\/sebastien-ogier-10-idees-pour-occuper-2017\/"},"modified":"2022-11-22T11:16:31","modified_gmt":"2022-11-22T09:16:31","slug":"sebastien-ogier-10-idees-pour-occuper-2017","status":"publish","type":"post","link":"https:\/\/www.autosphere.fr\/blog\/sebastien-ogier-10-idees-pour-occuper-2017\/","title":{"rendered":"S\u00e9bastien Ogier, 10 id\u00e9es pour occuper 2017"},"content":{"rendered":"<div class=\"custom-post-container\">\n<p style=\"text-align: justify;\">Laiss\u00e9 libre par Volkswagen du fait de son retrait du WRC d\u00e8s la fin du championnat, S\u00e9bastien Ogier ne devrait pas manquer de sollicitations en 2017. Nous nous sommes amus\u00e9s \u00e0 en lister 10, plus ou moins s\u00e9rieuses.<\/p>\n<h2>Rebondir chez Toyota<\/h2>\n<p style=\"text-align: justify;\">Quadruple champion du monde WRC, S\u00e9bastien Ogier peut toujours nourrir l\u2019ambition de se rapprocher des 9 titres de S\u00e9bastien Loeb. Pour son grand retour en tant qu\u2019\u00e9curie officielle, Toyota a mis les moyens pour rendre sa Yaris WRC comp\u00e9titive. En plus c\u2019est Tommi M\u00e4kinen qui a supervis\u00e9 le d\u00e9veloppement. Par ailleurs, \u00e0 35 ans, le Finlandais Juho H\u00e4nninen et ses 39 d\u00e9parts en WRC pour 0 victoire et 0 podium fait figure de second couteau en attendant l\u2019arriv\u00e9e d\u2019un Top Pilote. <\/p>\n<p style=\"text-align: justify;\">Probabilit\u00e9 que \u00e7a arrive : 90%<\/p>\n<h2>Int\u00e9grer l\u2019\u00e9quipe de Top Gear Deutschland<\/h2>\n<p style=\"text-align: justify;\">La franchise de la BBC s\u2019\u00e9tend en 2017 jusqu\u2019en Allemagne et recrute S\u00e9bastien Ogier (autrement plus populaire de l\u2019autre c\u00f4t\u00e9 du Rhin) comme pilote du trio de pr\u00e9sentateurs et se glisse dans le costume du Stig en birkenstock et casque \u00e0 pointe. C\u2019\u00e9tait \u00e7a o\u00f9 consultant WRC sur L\u2019\u00c9quipe 21.<\/p>\n<p style=\"text-align: justify;\">Probabilit\u00e9 que \u00e7a arrive : 1%<\/p>\n<h2>Les 24 Heures du Mans<\/h2>\n<p style=\"text-align: justify;\">Si Volkswagen&nbsp;<a href=\"https:\/\/www.autosphere.fr\/blog\/media\/sport-auto\/volkswagen-va-quitter-le-wrc\/10763\/\">arr\u00eate le WRC<\/a> et que&nbsp;<a href=\"https:\/\/www.autosphere.fr\/blog\/media\/sport-auto\/audi-se-retire-du-wec-pour-miser-gros-sur-la-formule-e\/10735\/\">Audi se retire du WEC<\/a>, il reste Porsche. Le Fran\u00e7ais pourrait profiter d\u2019une discussion \u00e0 la machine \u00e0 caf\u00e9 pour en deviser avec Andreas Seidl et Fritz Enzinger (respectivement Directeur et Pr\u00e9sident de Porsche Team) pour rigoler, puis plus s\u00e9rieusement envisager l\u2019arriv\u00e9e d\u2019Ogier au sein du team pour les 24 Heures du Mans 2017. Apr\u00e8s tout, le Fran\u00e7ais a d\u00e9j\u00e0 disput\u00e9 des courses en Porsche Supercup. En plus, Mark Webber a annonc\u00e9 son d\u00e9part \u00e0 la retraite. Ogier aurait l\u2019occasion unique de faire mieux que S\u00e9bastien Loeb, lui qui avait termin\u00e9 2e de l\u2019\u00e9preuve en 2006 avec Pescarolo. <\/p>\n<p style=\"text-align: justify;\">Probabilit\u00e9 que \u00e7a arrive : 20% (et on est g\u00e9n\u00e9reux !)<\/p>\n<h2>Ministre des Sports charg\u00e9 du retour de la F1 en France<\/h2>\n<p style=\"text-align: justify;\">En retrait depuis quelques semaines, S\u00e9bastien Ogier se rappelle \u00e0 nous lorsque le secr\u00e9taire g\u00e9n\u00e9ral de l\u2019\u00c9lys\u00e9e annonce la composition du premier gouvernement du nouveau pr\u00e9sident Fran\u00e7ois Fillon. Le quadruple champion du monde h\u00e9rite d\u2019un grand minist\u00e8re des Sports qui va de la r\u00e9-int\u00e9gration concr\u00e8te du sport \u00e0 l\u2019\u00e9cole \u00e0 l\u2019organisation des Jeux Olympiques de Paris en 2024 (qui seront attribu\u00e9s quelques semaines plus tard). Il re\u00e7oit par ailleurs une lettre de mission visant \u00e0 r\u00e9tablir par tous les moyens possibles la tenue d\u2019un Grand Prix de France de Formule 1. <\/p>\n<p style=\"text-align: justify;\">Probabilit\u00e9 que \u00e7a arrive : 0,5% (faut d\u00e9j\u00e0 que Fillon soit \u00e9lu !)<\/p>\n<h2>Concurrencer S\u00e9bastien Loeb en WRX<\/h2>\n<p style=\"text-align: justify;\">Vous allez certainement penser que nous avons l\u2019obsession de vouloir comparer Ogier et Loeb. Quoi de mieux pour se comparer qu\u2019une confrontation directe en WRX ! Les \u00e9curies potentielles ne manquent pas entre Volkswagen, Seat et Audi. Reste \u00e0 lib\u00e9rer un volant.<\/p>\n<p style=\"text-align: justify;\">Probabilit\u00e9 que \u00e7a arrive : 30%<\/p>\n<h2>\u00c9crire un livre<\/h2>\n<p style=\"text-align: justify;\">Pas convaincu par la Yaris WRC, Sebastien Ogier d\u00e9cide de prendre une ann\u00e9e sabbatique. Une ann\u00e9e qui ne sera pas totalement oisive puisqu\u2019il publie en f\u00e9vrier une biographie. Le quadruple champion du monde en profite pour r\u00e9aliser un v\u00e9ritable grand chelem des m\u00e9dias. L\u2019objectif est double : Assurer la promotion du livre, mais aussi gagner en popularit\u00e9 aupr\u00e8s des Fran\u00e7ais. Dans un entretien \u00e9mouvant chez Mireille Dumas, il confie aimer la verveine, les pandas, les chansons de Charles Aznavour et ne toujours pas comprendre comment il ne peut qu\u2019\u00eatre 27e dans le classement des sportifs pr\u00e9f\u00e9r\u00e9s des Fran\u00e7ais en 2016 malgr\u00e9 ses 4 \u00e9toiles.<\/p>\n<p style=\"text-align: justify;\">Probabilit\u00e9 que \u00e7a arrive : 3%<\/p>\n<h2>Danse avec les Stars<\/h2>\n<p style=\"text-align: justify;\">Le livre s\u2019est mal vendu, le classement dans l\u2019\u00c9quipe Magazine est encore plus mauvais qu\u2019en 2016\u2026 S\u00e9bastien Ogier joue son va-tout m\u00e9diatique en octobre 2017 en faisant une apparition tr\u00e8s remarqu\u00e9e dans Danse avec les Stars. Aux c\u00f4t\u00e9s, de Candice Pascal et avec ses tablettes de chocolat, il fait un carton chez la m\u00e9nag\u00e8re de moins de 50 ans tandis que les hommes s\u2019int\u00e9ressent enfin au programme de TF1. La presse people se demande s\u2019il n\u2019y a pas anguille sous roche. <\/p>\n<p style=\"text-align: justify;\">Probabilit\u00e9 que \u00e7a arrive : 1%<\/p>\n<h2>Le Dakar avec Peugeot<\/h2>\n<p style=\"text-align: justify;\">D\u00e9sireux de s\u2019occuper davantage des affaires de  son fils, Carlos Sainz annonce mettre un terme \u00e0 sa carri\u00e8re de pilote automobile. Pris au d\u00e9pourvu, Peugeot parvient \u00e0 retomber sur ses pattes en recrutant S\u00e9bastien Ogier. L\u2019affaire m\u00e9diatise grandement le Dakar 2017 avec une \u00e9tonnante photo de famille o\u00f9 S\u00e9bastien Loeb et S\u00e9bastien Ogier sont minutieusement s\u00e9par\u00e9s par Cyril Despr\u00e8s et St\u00e9phane Peterhansel. Les deux adversaires ne prononcent jamais le nom de l&#8217;autre&#8230; ambiance.<\/p>\n<p style=\"text-align: justify;\">Probabilit\u00e9 que \u00e7a arrive : 5%<\/p>\n<h2>Fort Boyard<\/h2>\n<p style=\"text-align: justify;\">Mari\u00e9 \u00e0 une c\u00e9l\u00e8bre animatrice TV allemande, qui pr\u00e9senta notamment la version allemande de Fort Boyard, S\u00e9bastien Ogier se lance \u00e0 la conqu\u00eate des pi\u00e8ces d&#8217;or pour le compte de l\u2019association Make a Wish avec qui il collabore depuis 2013.<\/p>\n<p style=\"text-align: justify;\">Probabilit\u00e9 que \u00e7a arrive : 25%<\/p>\n<h2>Il prend sa retraite<\/h2>\n<p style=\"text-align: justify;\">Papa d\u2019un petit Tim depuis le 13 juin 2016, S\u00e9bastien Ogier d\u00e9cide d\u2019appliquer \u00e0 la lettre sa d\u00e9claration de l\u2019\u00e9t\u00e9 dernier : &#8220;<em>C\u2019est devenu ma priorit\u00e9 n\u00b01<\/em>&#8220;. \u00c0 bient\u00f4t 33 ans (le 17 d\u00e9cembre), S\u00e9bastien Ogier est un jeune retrait\u00e9 fortun\u00e9 (7,7 millions d\u2019euros de revenus rien qu\u2019en 2015). Gare \u00e0 l\u2019ennui !<\/p>\n<p style=\"text-align: justify;\">Probabilit\u00e9 que \u00e7a arrive : 10%<\/p>\n<\/div>\n","protected":false},"excerpt":{"rendered":"<p>Laiss\u00e9 libre par Volkswagen du fait de son retrait du WRC d\u00e8s la fin du championnat, S\u00e9bastien Ogier ne devrait pas manquer de sollicitations en 2017. Nous nous sommes amus\u00e9s \u00e0 en lister 10, plus ou moins s\u00e9rieuses. Rebondir chez Toyota Quadruple champion du monde WRC, S\u00e9bastien Ogier peut toujours nourrir l\u2019ambition de se rapprocher [&hellip;]<\/p>\n","protected":false},"author":3,"featured_media":2141,"comment_status":"open","ping_status":"open","sticky":false,"template":"","format":"standard","meta":{"_acf_changed":false,"footnotes":""},"categories":[2],"tags":[],"marque":[],"class_list":["post-2140","post","type-post","status-publish","format-standard","has-post-thumbnail","hentry","category-actualites"],"acf":[],"yoast_head":"<!-- This site is optimized with the Yoast SEO plugin v27.2 - https:\/\/yoast.com\/product\/yoast-seo-wordpress\/ -->\n<title>S\u00e9bastien Ogier, 10 id\u00e9es pour occuper 2017 - Blog Autosphere<\/title>\n<meta name=\"robots\" content=\"index, follow, max-snippet:-1, max-image-preview:large, max-video-preview:-1\" \/>\n<link rel=\"canonical\" href=\"https:\/\/www.autosphere.fr\/blog\/sebastien-ogier-10-idees-pour-occuper-2017\/\" \/>\n<meta property=\"og:locale\" content=\"fr_FR\" \/>\n<meta property=\"og:type\" content=\"article\" \/>\n<meta property=\"og:title\" content=\"S\u00e9bastien Ogier, 10 id\u00e9es pour occuper 2017 - Blog Autosphere\" \/>\n<meta property=\"og:description\" content=\"Laiss\u00e9 libre par Volkswagen du fait de son retrait du WRC d\u00e8s la fin du championnat, S\u00e9bastien Ogier ne devrait pas manquer de sollicitations en 2017. Nous nous sommes amus\u00e9s \u00e0 en lister 10, plus ou moins s\u00e9rieuses. Rebondir chez Toyota Quadruple champion du monde WRC, S\u00e9bastien Ogier peut toujours nourrir l\u2019ambition de se rapprocher [&hellip;]\" \/>\n<meta property=\"og:url\" content=\"https:\/\/www.autosphere.fr\/blog\/sebastien-ogier-10-idees-pour-occuper-2017\/\" \/>\n<meta property=\"og:site_name\" content=\"Blog Autosphere\" \/>\n<meta property=\"article:publisher\" content=\"https:\/\/www.facebook.com\/autosphere\" \/>\n<meta property=\"article:published_time\" content=\"2016-11-03T13:30:29+00:00\" \/>\n<meta property=\"article:modified_time\" content=\"2022-11-22T09:16:31+00:00\" \/>\n<meta property=\"og:image\" content=\"https:\/\/www.autosphere.fr\/blog\/wp-content\/uploads\/2022\/11\/e9e671d983e3f715298a2aac43a66064.jpg\" \/>\n\t<meta property=\"og:image:width\" content=\"400\" \/>\n\t<meta property=\"og:image:height\" content=\"210\" \/>\n\t<meta property=\"og:image:type\" content=\"image\/jpeg\" \/>\n<meta name=\"author\" content=\"Florent CHEDOZEAU\" \/>\n<meta name=\"twitter:card\" content=\"summary_large_image\" \/>\n<meta name=\"twitter:label1\" content=\"\u00c9crit par\" \/>\n\t<meta name=\"twitter:data1\" content=\"Florent CHEDOZEAU\" \/>\n\t<meta name=\"twitter:label2\" content=\"Dur\u00e9e de lecture estim\u00e9e\" \/>\n\t<meta name=\"twitter:data2\" content=\"5 minutes\" \/>\n<!-- \/ Yoast SEO plugin. -->","yoast_head_json":{"title":"S\u00e9bastien Ogier, 10 id\u00e9es pour occuper 2017 - Blog Autosphere","robots":{"index":"index","follow":"follow","max-snippet":"max-snippet:-1","max-image-preview":"max-image-preview:large","max-video-preview":"max-video-preview:-1"},"canonical":"https:\/\/www.autosphere.fr\/blog\/sebastien-ogier-10-idees-pour-occuper-2017\/","og_locale":"fr_FR","og_type":"article","og_title":"S\u00e9bastien Ogier, 10 id\u00e9es pour occuper 2017 - Blog Autosphere","og_description":"Laiss\u00e9 libre par Volkswagen du fait de son retrait du WRC d\u00e8s la fin du championnat, S\u00e9bastien Ogier ne devrait pas manquer de sollicitations en 2017. Nous nous sommes amus\u00e9s \u00e0 en lister 10, plus ou moins s\u00e9rieuses. Rebondir chez Toyota Quadruple champion du monde WRC, S\u00e9bastien Ogier peut toujours nourrir l\u2019ambition de se rapprocher [&hellip;]","og_url":"https:\/\/www.autosphere.fr\/blog\/sebastien-ogier-10-idees-pour-occuper-2017\/","og_site_name":"Blog Autosphere","article_publisher":"https:\/\/www.facebook.com\/autosphere","article_published_time":"2016-11-03T13:30:29+00:00","article_modified_time":"2022-11-22T09:16:31+00:00","og_image":[{"width":400,"height":210,"url":"https:\/\/www.autosphere.fr\/blog\/wp-content\/uploads\/2022\/11\/e9e671d983e3f715298a2aac43a66064.jpg","type":"image\/jpeg"}],"author":"Florent CHEDOZEAU","twitter_card":"summary_large_image","twitter_misc":{"\u00c9crit par":"Florent CHEDOZEAU","Dur\u00e9e de lecture estim\u00e9e":"5 minutes"},"schema":{"@context":"https:\/\/schema.org","@graph":[{"@type":"Article","@id":"https:\/\/www.autosphere.fr\/blog\/sebastien-ogier-10-idees-pour-occuper-2017\/#article","isPartOf":{"@id":"https:\/\/www.autosphere.fr\/blog\/sebastien-ogier-10-idees-pour-occuper-2017\/"},"author":{"name":"Florent CHEDOZEAU","@id":"https:\/\/www.autosphere.fr\/blog\/#\/schema\/person\/157d3ac8c260cc43fa708dbfa8fe558d"},"headline":"S\u00e9bastien Ogier, 10 id\u00e9es pour occuper 2017","datePublished":"2016-11-03T13:30:29+00:00","dateModified":"2022-11-22T09:16:31+00:00","mainEntityOfPage":{"@id":"https:\/\/www.autosphere.fr\/blog\/sebastien-ogier-10-idees-pour-occuper-2017\/"},"wordCount":949,"commentCount":0,"publisher":{"@id":"https:\/\/www.autosphere.fr\/blog\/#organization"},"image":{"@id":"https:\/\/www.autosphere.fr\/blog\/sebastien-ogier-10-idees-pour-occuper-2017\/#primaryimage"},"thumbnailUrl":"https:\/\/www.autosphere.fr\/blog\/wp-content\/uploads\/2022\/11\/e9e671d983e3f715298a2aac43a66064.jpg","articleSection":["Actualit\u00e9s"],"inLanguage":"fr-FR","potentialAction":[{"@type":"CommentAction","name":"Comment","target":["https:\/\/www.autosphere.fr\/blog\/sebastien-ogier-10-idees-pour-occuper-2017\/#respond"]}]},{"@type":"WebPage","@id":"https:\/\/www.autosphere.fr\/blog\/sebastien-ogier-10-idees-pour-occuper-2017\/","url":"https:\/\/www.autosphere.fr\/blog\/sebastien-ogier-10-idees-pour-occuper-2017\/","name":"S\u00e9bastien Ogier, 10 id\u00e9es pour occuper 2017 - Blog Autosphere","isPartOf":{"@id":"https:\/\/www.autosphere.fr\/blog\/#website"},"primaryImageOfPage":{"@id":"https:\/\/www.autosphere.fr\/blog\/sebastien-ogier-10-idees-pour-occuper-2017\/#primaryimage"},"image":{"@id":"https:\/\/www.autosphere.fr\/blog\/sebastien-ogier-10-idees-pour-occuper-2017\/#primaryimage"},"thumbnailUrl":"https:\/\/www.autosphere.fr\/blog\/wp-content\/uploads\/2022\/11\/e9e671d983e3f715298a2aac43a66064.jpg","datePublished":"2016-11-03T13:30:29+00:00","dateModified":"2022-11-22T09:16:31+00:00","breadcrumb":{"@id":"https:\/\/www.autosphere.fr\/blog\/sebastien-ogier-10-idees-pour-occuper-2017\/#breadcrumb"},"inLanguage":"fr-FR","potentialAction":[{"@type":"ReadAction","target":["https:\/\/www.autosphere.fr\/blog\/sebastien-ogier-10-idees-pour-occuper-2017\/"]}]},{"@type":"ImageObject","inLanguage":"fr-FR","@id":"https:\/\/www.autosphere.fr\/blog\/sebastien-ogier-10-idees-pour-occuper-2017\/#primaryimage","url":"https:\/\/www.autosphere.fr\/blog\/wp-content\/uploads\/2022\/11\/e9e671d983e3f715298a2aac43a66064.jpg","contentUrl":"https:\/\/www.autosphere.fr\/blog\/wp-content\/uploads\/2022\/11\/e9e671d983e3f715298a2aac43a66064.jpg","width":400,"height":210},{"@type":"BreadcrumbList","@id":"https:\/\/www.autosphere.fr\/blog\/sebastien-ogier-10-idees-pour-occuper-2017\/#breadcrumb","itemListElement":[{"@type":"ListItem","position":1,"name":"Accueil","item":"https:\/\/www.autosphere.fr\/blog\/"},{"@type":"ListItem","position":2,"name":"S\u00e9bastien Ogier, 10 id\u00e9es pour occuper 2017"}]},{"@type":"WebSite","@id":"https:\/\/www.autosphere.fr\/blog\/#website","url":"https:\/\/www.autosphere.fr\/blog\/","name":"Blog Autosphere","description":"","publisher":{"@id":"https:\/\/www.autosphere.fr\/blog\/#organization"},"potentialAction":[{"@type":"SearchAction","target":{"@type":"EntryPoint","urlTemplate":"https:\/\/www.autosphere.fr\/blog\/?s={search_term_string}"},"query-input":{"@type":"PropertyValueSpecification","valueRequired":true,"valueName":"search_term_string"}}],"inLanguage":"fr-FR"},{"@type":"Organization","@id":"https:\/\/www.autosphere.fr\/blog\/#organization","name":"Blog Autosphere","url":"https:\/\/www.autosphere.fr\/blog\/","logo":{"@type":"ImageObject","inLanguage":"fr-FR","@id":"https:\/\/www.autosphere.fr\/blog\/#\/schema\/logo\/image\/","url":"https:\/\/www.autosphere.fr\/blog\/wp-content\/uploads\/2022\/11\/le-blog-autosphere.png","contentUrl":"https:\/\/www.autosphere.fr\/blog\/wp-content\/uploads\/2022\/11\/le-blog-autosphere.png","width":241,"height":35,"caption":"Blog Autosphere"},"image":{"@id":"https:\/\/www.autosphere.fr\/blog\/#\/schema\/logo\/image\/"},"sameAs":["https:\/\/www.facebook.com\/autosphere","https:\/\/www.instagram.com\/autosphere"]},{"@type":"Person","@id":"https:\/\/www.autosphere.fr\/blog\/#\/schema\/person\/157d3ac8c260cc43fa708dbfa8fe558d","name":"Florent CHEDOZEAU","url":"https:\/\/www.autosphere.fr\/blog\/author\/florent-chedozeau\/"}]}},"_links":{"self":[{"href":"https:\/\/www.autosphere.fr\/blog\/wp-json\/wp\/v2\/posts\/2140","targetHints":{"allow":["GET"]}}],"collection":[{"href":"https:\/\/www.autosphere.fr\/blog\/wp-json\/wp\/v2\/posts"}],"about":[{"href":"https:\/\/www.autosphere.fr\/blog\/wp-json\/wp\/v2\/types\/post"}],"author":[{"embeddable":true,"href":"https:\/\/www.autosphere.fr\/blog\/wp-json\/wp\/v2\/users\/3"}],"replies":[{"embeddable":true,"href":"https:\/\/www.autosphere.fr\/blog\/wp-json\/wp\/v2\/comments?post=2140"}],"version-history":[{"count":1,"href":"https:\/\/www.autosphere.fr\/blog\/wp-json\/wp\/v2\/posts\/2140\/revisions"}],"predecessor-version":[{"id":3471,"href":"https:\/\/www.autosphere.fr\/blog\/wp-json\/wp\/v2\/posts\/2140\/revisions\/3471"}],"wp:featuredmedia":[{"embeddable":true,"href":"https:\/\/www.autosphere.fr\/blog\/wp-json\/wp\/v2\/media\/2141"}],"wp:attachment":[{"href":"https:\/\/www.autosphere.fr\/blog\/wp-json\/wp\/v2\/media?parent=2140"}],"wp:term":[{"taxonomy":"category","embeddable":true,"href":"https:\/\/www.autosphere.fr\/blog\/wp-json\/wp\/v2\/categories?post=2140"},{"taxonomy":"post_tag","embeddable":true,"href":"https:\/\/www.autosphere.fr\/blog\/wp-json\/wp\/v2\/tags?post=2140"},{"taxonomy":"marque","embeddable":true,"href":"https:\/\/www.autosphere.fr\/blog\/wp-json\/wp\/v2\/marque?post=2140"}],"curies":[{"name":"wp","href":"https:\/\/api.w.org\/{rel}","templated":true}]}}