{"id":2144,"date":"2016-11-10T17:57:54","date_gmt":"2016-11-10T15:57:54","guid":{"rendered":"https:\/\/blogautosphere.creatic-agency.fr\/rien-que-pour-le-bresil-un-renault-duster-extreme\/"},"modified":"2022-11-22T11:16:31","modified_gmt":"2022-11-22T09:16:31","slug":"rien-que-pour-le-bresil-un-renault-duster-extreme","status":"publish","type":"post","link":"https:\/\/www.autosphere.fr\/blog\/rien-que-pour-le-bresil-un-renault-duster-extreme\/","title":{"rendered":"Rien que pour le Br\u00e9sil, un Renault Duster Extreme !"},"content":{"rendered":"<div class=\"custom-post-container\">\n<p style=\"text-align: justify;\">\u00c0 l\u2019occasion du salon de Sao Paulo, Renault d\u00e9cline son Duster \u00e0 l\u2019extr\u00eame en collaboration avec l\u2019\u00e9quipementier RDAL.<\/p>\n<p style=\"text-align: justify;\">Au Br\u00e9sil, le Duster est commercialis\u00e9 avec le badge Renault et le moins que l\u2019on puisse dire c&#8217;est que le changement d\u2019identit\u00e9 n\u2019alt\u00e8re en rien le succ\u00e8s du baroudeur vendu chez nous sous la marque Dacia. D\u2019ailleurs, une version pick-up existe l\u00e0-bas : Le Duster Oroch. Du coup, la firme au losange s\u2019amuse \u00e0 pr\u00e9senter une version de r\u00eave de son v\u00e9hicule en collaboration avec l\u2019\u00e9quipementier RDAL.<\/p>\n<p style=\"text-align: justify;\">Avec ses rappels rouges sur fond gris fonc\u00e9, ce concept Duster Extreme nous \u00e9voque un v\u00e9hicule d\u2019intervention digne des secours en montagne br\u00e9siliens. Ses jantes mono-\u00e9crou, ses treuils, sa rampe lumineuse \u00e0 LED, ses garde-boues, ses renforts de carrosserie et m\u00eame son schnorchel vont en ce sens. Absolument pas destin\u00e9 \u00e0 rouler \u00e0 110 km\/h avec le r\u00e9gulateur de vitesse sur autoroute, ce v\u00e9hicule technique sur\u00e9lev\u00e9 se chausse des pneus tout-terrain de rigueur. La transmission int\u00e9grale est \u00e9videmment associ\u00e9e au moteur essence 2,0l d\u00e9livrant jusqu\u2019\u00e0 143 chevaux sous le capot d\u2019un Duster Oroch. <\/p>\n<p style=\"text-align: justify;\">Il parait peu probl\u00e8me de voir un jour ce mod\u00e8le d\u00e9clin\u00e9 en s\u00e9rie, m\u00eame petite. Ce qui l\u2019est un peu, c\u2019est de voir tous ces \u00e9quipements \u00eatre propos\u00e9s en option.<\/p>\n<\/div>\n","protected":false},"excerpt":{"rendered":"<p>\u00c0 l\u2019occasion du salon de Sao Paulo, Renault d\u00e9cline son Duster \u00e0 l\u2019extr\u00eame en collaboration avec l\u2019\u00e9quipementier RDAL. Au Br\u00e9sil, le Duster est commercialis\u00e9 avec le badge Renault et le moins que l\u2019on puisse dire c&#8217;est que le changement d\u2019identit\u00e9 n\u2019alt\u00e8re en rien le succ\u00e8s du baroudeur vendu chez nous sous la marque Dacia. D\u2019ailleurs, [&hellip;]<\/p>\n","protected":false},"author":3,"featured_media":2145,"comment_status":"open","ping_status":"open","sticky":false,"template":"","format":"standard","meta":{"_acf_changed":false,"footnotes":""},"categories":[2],"tags":[],"marque":[57],"class_list":["post-2144","post","type-post","status-publish","format-standard","has-post-thumbnail","hentry","category-actualites","marque-renault"],"acf":[],"yoast_head":"<!-- This site is optimized with the Yoast SEO plugin v27.2 - https:\/\/yoast.com\/product\/yoast-seo-wordpress\/ -->\n<title>Rien que pour le Br\u00e9sil, un Renault Duster Extreme ! - Blog Autosphere<\/title>\n<meta name=\"robots\" content=\"index, follow, max-snippet:-1, max-image-preview:large, max-video-preview:-1\" \/>\n<link rel=\"canonical\" href=\"https:\/\/www.autosphere.fr\/blog\/rien-que-pour-le-bresil-un-renault-duster-extreme\/\" \/>\n<meta property=\"og:locale\" content=\"fr_FR\" \/>\n<meta property=\"og:type\" content=\"article\" \/>\n<meta property=\"og:title\" content=\"Rien que pour le Br\u00e9sil, un Renault Duster Extreme ! - Blog Autosphere\" \/>\n<meta property=\"og:description\" content=\"\u00c0 l\u2019occasion du salon de Sao Paulo, Renault d\u00e9cline son Duster \u00e0 l\u2019extr\u00eame en collaboration avec l\u2019\u00e9quipementier RDAL. Au Br\u00e9sil, le Duster est commercialis\u00e9 avec le badge Renault et le moins que l\u2019on puisse dire c&#8217;est que le changement d\u2019identit\u00e9 n\u2019alt\u00e8re en rien le succ\u00e8s du baroudeur vendu chez nous sous la marque Dacia. D\u2019ailleurs, [&hellip;]\" \/>\n<meta property=\"og:url\" content=\"https:\/\/www.autosphere.fr\/blog\/rien-que-pour-le-bresil-un-renault-duster-extreme\/\" \/>\n<meta property=\"og:site_name\" content=\"Blog Autosphere\" \/>\n<meta property=\"article:publisher\" content=\"https:\/\/www.facebook.com\/autosphere\" \/>\n<meta property=\"article:published_time\" content=\"2016-11-10T15:57:54+00:00\" \/>\n<meta property=\"article:modified_time\" content=\"2022-11-22T09:16:31+00:00\" \/>\n<meta property=\"og:image\" content=\"https:\/\/www.autosphere.fr\/blog\/wp-content\/uploads\/2022\/11\/5a79a660f95e65b8a49851342c3c3676.jpg\" \/>\n\t<meta property=\"og:image:width\" content=\"400\" \/>\n\t<meta property=\"og:image:height\" content=\"210\" \/>\n\t<meta property=\"og:image:type\" content=\"image\/jpeg\" \/>\n<meta name=\"author\" content=\"Florent CHEDOZEAU\" \/>\n<meta name=\"twitter:card\" content=\"summary_large_image\" \/>\n<meta name=\"twitter:label1\" content=\"\u00c9crit par\" \/>\n\t<meta name=\"twitter:data1\" content=\"Florent CHEDOZEAU\" \/>\n\t<meta name=\"twitter:label2\" content=\"Dur\u00e9e de lecture estim\u00e9e\" \/>\n\t<meta name=\"twitter:data2\" content=\"1 minute\" \/>\n<!-- \/ Yoast SEO plugin. -->","yoast_head_json":{"title":"Rien que pour le Br\u00e9sil, un Renault Duster Extreme ! - Blog Autosphere","robots":{"index":"index","follow":"follow","max-snippet":"max-snippet:-1","max-image-preview":"max-image-preview:large","max-video-preview":"max-video-preview:-1"},"canonical":"https:\/\/www.autosphere.fr\/blog\/rien-que-pour-le-bresil-un-renault-duster-extreme\/","og_locale":"fr_FR","og_type":"article","og_title":"Rien que pour le Br\u00e9sil, un Renault Duster Extreme ! - Blog Autosphere","og_description":"\u00c0 l\u2019occasion du salon de Sao Paulo, Renault d\u00e9cline son Duster \u00e0 l\u2019extr\u00eame en collaboration avec l\u2019\u00e9quipementier RDAL. Au Br\u00e9sil, le Duster est commercialis\u00e9 avec le badge Renault et le moins que l\u2019on puisse dire c&#8217;est que le changement d\u2019identit\u00e9 n\u2019alt\u00e8re en rien le succ\u00e8s du baroudeur vendu chez nous sous la marque Dacia. D\u2019ailleurs, [&hellip;]","og_url":"https:\/\/www.autosphere.fr\/blog\/rien-que-pour-le-bresil-un-renault-duster-extreme\/","og_site_name":"Blog Autosphere","article_publisher":"https:\/\/www.facebook.com\/autosphere","article_published_time":"2016-11-10T15:57:54+00:00","article_modified_time":"2022-11-22T09:16:31+00:00","og_image":[{"width":400,"height":210,"url":"https:\/\/www.autosphere.fr\/blog\/wp-content\/uploads\/2022\/11\/5a79a660f95e65b8a49851342c3c3676.jpg","type":"image\/jpeg"}],"author":"Florent CHEDOZEAU","twitter_card":"summary_large_image","twitter_misc":{"\u00c9crit par":"Florent CHEDOZEAU","Dur\u00e9e de lecture estim\u00e9e":"1 minute"},"schema":{"@context":"https:\/\/schema.org","@graph":[{"@type":"Article","@id":"https:\/\/www.autosphere.fr\/blog\/rien-que-pour-le-bresil-un-renault-duster-extreme\/#article","isPartOf":{"@id":"https:\/\/www.autosphere.fr\/blog\/rien-que-pour-le-bresil-un-renault-duster-extreme\/"},"author":{"name":"Florent CHEDOZEAU","@id":"https:\/\/www.autosphere.fr\/blog\/#\/schema\/person\/157d3ac8c260cc43fa708dbfa8fe558d"},"headline":"Rien que pour le Br\u00e9sil, un Renault Duster Extreme !","datePublished":"2016-11-10T15:57:54+00:00","dateModified":"2022-11-22T09:16:31+00:00","mainEntityOfPage":{"@id":"https:\/\/www.autosphere.fr\/blog\/rien-que-pour-le-bresil-un-renault-duster-extreme\/"},"wordCount":249,"commentCount":0,"publisher":{"@id":"https:\/\/www.autosphere.fr\/blog\/#organization"},"image":{"@id":"https:\/\/www.autosphere.fr\/blog\/rien-que-pour-le-bresil-un-renault-duster-extreme\/#primaryimage"},"thumbnailUrl":"https:\/\/www.autosphere.fr\/blog\/wp-content\/uploads\/2022\/11\/5a79a660f95e65b8a49851342c3c3676.jpg","articleSection":["Actualit\u00e9s"],"inLanguage":"fr-FR","potentialAction":[{"@type":"CommentAction","name":"Comment","target":["https:\/\/www.autosphere.fr\/blog\/rien-que-pour-le-bresil-un-renault-duster-extreme\/#respond"]}]},{"@type":"WebPage","@id":"https:\/\/www.autosphere.fr\/blog\/rien-que-pour-le-bresil-un-renault-duster-extreme\/","url":"https:\/\/www.autosphere.fr\/blog\/rien-que-pour-le-bresil-un-renault-duster-extreme\/","name":"Rien que pour le Br\u00e9sil, un Renault Duster Extreme ! - Blog Autosphere","isPartOf":{"@id":"https:\/\/www.autosphere.fr\/blog\/#website"},"primaryImageOfPage":{"@id":"https:\/\/www.autosphere.fr\/blog\/rien-que-pour-le-bresil-un-renault-duster-extreme\/#primaryimage"},"image":{"@id":"https:\/\/www.autosphere.fr\/blog\/rien-que-pour-le-bresil-un-renault-duster-extreme\/#primaryimage"},"thumbnailUrl":"https:\/\/www.autosphere.fr\/blog\/wp-content\/uploads\/2022\/11\/5a79a660f95e65b8a49851342c3c3676.jpg","datePublished":"2016-11-10T15:57:54+00:00","dateModified":"2022-11-22T09:16:31+00:00","breadcrumb":{"@id":"https:\/\/www.autosphere.fr\/blog\/rien-que-pour-le-bresil-un-renault-duster-extreme\/#breadcrumb"},"inLanguage":"fr-FR","potentialAction":[{"@type":"ReadAction","target":["https:\/\/www.autosphere.fr\/blog\/rien-que-pour-le-bresil-un-renault-duster-extreme\/"]}]},{"@type":"ImageObject","inLanguage":"fr-FR","@id":"https:\/\/www.autosphere.fr\/blog\/rien-que-pour-le-bresil-un-renault-duster-extreme\/#primaryimage","url":"https:\/\/www.autosphere.fr\/blog\/wp-content\/uploads\/2022\/11\/5a79a660f95e65b8a49851342c3c3676.jpg","contentUrl":"https:\/\/www.autosphere.fr\/blog\/wp-content\/uploads\/2022\/11\/5a79a660f95e65b8a49851342c3c3676.jpg","width":400,"height":210},{"@type":"BreadcrumbList","@id":"https:\/\/www.autosphere.fr\/blog\/rien-que-pour-le-bresil-un-renault-duster-extreme\/#breadcrumb","itemListElement":[{"@type":"ListItem","position":1,"name":"Accueil","item":"https:\/\/www.autosphere.fr\/blog\/"},{"@type":"ListItem","position":2,"name":"Rien que pour le Br\u00e9sil, un Renault Duster Extreme !"}]},{"@type":"WebSite","@id":"https:\/\/www.autosphere.fr\/blog\/#website","url":"https:\/\/www.autosphere.fr\/blog\/","name":"Blog Autosphere","description":"","publisher":{"@id":"https:\/\/www.autosphere.fr\/blog\/#organization"},"potentialAction":[{"@type":"SearchAction","target":{"@type":"EntryPoint","urlTemplate":"https:\/\/www.autosphere.fr\/blog\/?s={search_term_string}"},"query-input":{"@type":"PropertyValueSpecification","valueRequired":true,"valueName":"search_term_string"}}],"inLanguage":"fr-FR"},{"@type":"Organization","@id":"https:\/\/www.autosphere.fr\/blog\/#organization","name":"Blog Autosphere","url":"https:\/\/www.autosphere.fr\/blog\/","logo":{"@type":"ImageObject","inLanguage":"fr-FR","@id":"https:\/\/www.autosphere.fr\/blog\/#\/schema\/logo\/image\/","url":"https:\/\/www.autosphere.fr\/blog\/wp-content\/uploads\/2022\/11\/le-blog-autosphere.png","contentUrl":"https:\/\/www.autosphere.fr\/blog\/wp-content\/uploads\/2022\/11\/le-blog-autosphere.png","width":241,"height":35,"caption":"Blog Autosphere"},"image":{"@id":"https:\/\/www.autosphere.fr\/blog\/#\/schema\/logo\/image\/"},"sameAs":["https:\/\/www.facebook.com\/autosphere","https:\/\/www.instagram.com\/autosphere"]},{"@type":"Person","@id":"https:\/\/www.autosphere.fr\/blog\/#\/schema\/person\/157d3ac8c260cc43fa708dbfa8fe558d","name":"Florent CHEDOZEAU","url":"https:\/\/www.autosphere.fr\/blog\/author\/florent-chedozeau\/"}]}},"_links":{"self":[{"href":"https:\/\/www.autosphere.fr\/blog\/wp-json\/wp\/v2\/posts\/2144","targetHints":{"allow":["GET"]}}],"collection":[{"href":"https:\/\/www.autosphere.fr\/blog\/wp-json\/wp\/v2\/posts"}],"about":[{"href":"https:\/\/www.autosphere.fr\/blog\/wp-json\/wp\/v2\/types\/post"}],"author":[{"embeddable":true,"href":"https:\/\/www.autosphere.fr\/blog\/wp-json\/wp\/v2\/users\/3"}],"replies":[{"embeddable":true,"href":"https:\/\/www.autosphere.fr\/blog\/wp-json\/wp\/v2\/comments?post=2144"}],"version-history":[{"count":1,"href":"https:\/\/www.autosphere.fr\/blog\/wp-json\/wp\/v2\/posts\/2144\/revisions"}],"predecessor-version":[{"id":3469,"href":"https:\/\/www.autosphere.fr\/blog\/wp-json\/wp\/v2\/posts\/2144\/revisions\/3469"}],"wp:featuredmedia":[{"embeddable":true,"href":"https:\/\/www.autosphere.fr\/blog\/wp-json\/wp\/v2\/media\/2145"}],"wp:attachment":[{"href":"https:\/\/www.autosphere.fr\/blog\/wp-json\/wp\/v2\/media?parent=2144"}],"wp:term":[{"taxonomy":"category","embeddable":true,"href":"https:\/\/www.autosphere.fr\/blog\/wp-json\/wp\/v2\/categories?post=2144"},{"taxonomy":"post_tag","embeddable":true,"href":"https:\/\/www.autosphere.fr\/blog\/wp-json\/wp\/v2\/tags?post=2144"},{"taxonomy":"marque","embeddable":true,"href":"https:\/\/www.autosphere.fr\/blog\/wp-json\/wp\/v2\/marque?post=2144"}],"curies":[{"name":"wp","href":"https:\/\/api.w.org\/{rel}","templated":true}]}}