{"id":2167,"date":"2016-12-05T14:40:44","date_gmt":"2016-12-05T12:40:44","guid":{"rendered":"https:\/\/blogautosphere.creatic-agency.fr\/les-dos-dane-plus-dangereux-quon-le-croit\/"},"modified":"2022-11-22T11:16:32","modified_gmt":"2022-11-22T09:16:32","slug":"les-dos-dane-plus-dangereux-quon-le-croit","status":"publish","type":"post","link":"https:\/\/www.autosphere.fr\/blog\/les-dos-dane-plus-dangereux-quon-le-croit\/","title":{"rendered":"Les dos d\u2019\u00e2ne plus dangereux qu\u2019on le croit"},"content":{"rendered":"<div class=\"custom-post-container\">\n<p style=\"text-align: justify;\">On les appelle ralentisseurs, dos d\u2019\u00e2ne, gendarmes allong\u00e9s\u2026 En plus d\u2019\u00eatre laids pour nos yeux et dangereux pour nos voitures, ils seraient lourdement responsables de la pollution de l\u2019air en centre-ville. C\u2019est du moins les conclusions d\u2019une \u00e9tude anglaise sur le sujet.<\/p>\n<p style=\"text-align: justify;\">25 000 morts par an. Le chiffre est litt\u00e9ralement ahurissant m\u00eame s\u2019il convient, comme le nombre des morts que le diesel provoquerait, de contextualiser avec les modes de vie. Pour autant, ce sont les conclusions de l\u2019Institut National pour la Sant\u00e9 et la Qualit\u00e9 des Soins au Royaume-Uni (NICE en anglais) apr\u00e8s avoir \u00e9tudi\u00e9 le pouvoir de nuisance des ralentisseurs. Leur surpression pure et simple des routes du royaume pourrait r\u00e9duire jusqu\u2019\u00e0 64% de la pollution des zones urbaines. Cela parait dingue au regard des 1 732 morts sur les routes du royaume en 2015.<\/p>\n<h2>Fluidifier le trafic et \u00e9largir les zones 30<\/h2>\n<p style=\"text-align: justify;\">Quel est l\u2019argumentaire qui permet d\u2019arriver \u00e0 cette conclusion ? Les ralentisseurs contribuent fortement aux ralentissements qui g\u00e9n\u00e8rent ensuite des embouteillages. Autant de voitures qui doivent freiner (lib\u00e9rant des poussi\u00e8res), puis acc\u00e9l\u00e9rer (sans pour autant que les pi\u00e8ges \u00e0 NOx fonctionnent efficacement). En les supprimant, le trafic gagnerait en fluidit\u00e9, sous certaines conditions. Afin d\u2019\u00e9viter les variations de vitesse qui g\u00e9n\u00e8rent de la pollution, le NICE pr\u00e9conise un \u00e9largissement consid\u00e9rable des zones 30, de d\u00e9velopper les \u00ab Congestion Charge \u00bb (le p\u00e9age urbain autour de Londres) aux grandes villes du Royaume-Uni mais \u00e9galement d\u2019interdire de laisser tourner le moteur lors d\u2019un bref arr\u00eat comme lorsqu\u2019un parent d\u00e9pose un enfant \u00e0 l\u2019\u00e9cole. Apr\u00e8s tout, le Stop &#038; Start est d\u00e9mocratis\u00e9 de nos jours. Le tout permettrait de limiter les bouchons en roulant \u00e0 une vitesse constante. Moins de consommations, moins de pollutions. Vous y croyez ?<\/p>\n<\/div>\n","protected":false},"excerpt":{"rendered":"<p>On les appelle ralentisseurs, dos d\u2019\u00e2ne, gendarmes allong\u00e9s\u2026 En plus d\u2019\u00eatre laids pour nos yeux et dangereux pour nos voitures, ils seraient lourdement responsables de la pollution de l\u2019air en centre-ville. C\u2019est du moins les conclusions d\u2019une \u00e9tude anglaise sur le sujet. 25 000 morts par an. Le chiffre est litt\u00e9ralement ahurissant m\u00eame s\u2019il convient, [&hellip;]<\/p>\n","protected":false},"author":3,"featured_media":2168,"comment_status":"open","ping_status":"open","sticky":false,"template":"","format":"standard","meta":{"_acf_changed":false,"footnotes":""},"categories":[2],"tags":[],"marque":[],"class_list":["post-2167","post","type-post","status-publish","format-standard","has-post-thumbnail","hentry","category-actualites"],"acf":[],"yoast_head":"<!-- This site is optimized with the Yoast SEO plugin v27.2 - https:\/\/yoast.com\/product\/yoast-seo-wordpress\/ -->\n<title>Les dos d\u2019\u00e2ne plus dangereux qu\u2019on le croit - Blog Autosphere<\/title>\n<meta name=\"robots\" content=\"index, follow, max-snippet:-1, max-image-preview:large, max-video-preview:-1\" \/>\n<link rel=\"canonical\" href=\"https:\/\/www.autosphere.fr\/blog\/les-dos-dane-plus-dangereux-quon-le-croit\/\" \/>\n<meta property=\"og:locale\" content=\"fr_FR\" \/>\n<meta property=\"og:type\" content=\"article\" \/>\n<meta property=\"og:title\" content=\"Les dos d\u2019\u00e2ne plus dangereux qu\u2019on le croit - Blog Autosphere\" \/>\n<meta property=\"og:description\" content=\"On les appelle ralentisseurs, dos d\u2019\u00e2ne, gendarmes allong\u00e9s\u2026 En plus d\u2019\u00eatre laids pour nos yeux et dangereux pour nos voitures, ils seraient lourdement responsables de la pollution de l\u2019air en centre-ville. C\u2019est du moins les conclusions d\u2019une \u00e9tude anglaise sur le sujet. 25 000 morts par an. Le chiffre est litt\u00e9ralement ahurissant m\u00eame s\u2019il convient, [&hellip;]\" \/>\n<meta property=\"og:url\" content=\"https:\/\/www.autosphere.fr\/blog\/les-dos-dane-plus-dangereux-quon-le-croit\/\" \/>\n<meta property=\"og:site_name\" content=\"Blog Autosphere\" \/>\n<meta property=\"article:publisher\" content=\"https:\/\/www.facebook.com\/autosphere\" \/>\n<meta property=\"article:published_time\" content=\"2016-12-05T12:40:44+00:00\" \/>\n<meta property=\"article:modified_time\" content=\"2022-11-22T09:16:32+00:00\" \/>\n<meta property=\"og:image\" content=\"https:\/\/www.autosphere.fr\/blog\/wp-content\/uploads\/2022\/11\/f6cc07227aca5c197bdcbd87562381e9.jpg\" \/>\n\t<meta property=\"og:image:width\" content=\"400\" \/>\n\t<meta property=\"og:image:height\" content=\"210\" \/>\n\t<meta property=\"og:image:type\" content=\"image\/jpeg\" \/>\n<meta name=\"author\" content=\"Florent CHEDOZEAU\" \/>\n<meta name=\"twitter:card\" content=\"summary_large_image\" \/>\n<meta name=\"twitter:label1\" content=\"\u00c9crit par\" \/>\n\t<meta name=\"twitter:data1\" content=\"Florent CHEDOZEAU\" \/>\n\t<meta name=\"twitter:label2\" content=\"Dur\u00e9e de lecture estim\u00e9e\" \/>\n\t<meta name=\"twitter:data2\" content=\"2 minutes\" \/>\n<!-- \/ Yoast SEO plugin. -->","yoast_head_json":{"title":"Les dos d\u2019\u00e2ne plus dangereux qu\u2019on le croit - Blog Autosphere","robots":{"index":"index","follow":"follow","max-snippet":"max-snippet:-1","max-image-preview":"max-image-preview:large","max-video-preview":"max-video-preview:-1"},"canonical":"https:\/\/www.autosphere.fr\/blog\/les-dos-dane-plus-dangereux-quon-le-croit\/","og_locale":"fr_FR","og_type":"article","og_title":"Les dos d\u2019\u00e2ne plus dangereux qu\u2019on le croit - Blog Autosphere","og_description":"On les appelle ralentisseurs, dos d\u2019\u00e2ne, gendarmes allong\u00e9s\u2026 En plus d\u2019\u00eatre laids pour nos yeux et dangereux pour nos voitures, ils seraient lourdement responsables de la pollution de l\u2019air en centre-ville. C\u2019est du moins les conclusions d\u2019une \u00e9tude anglaise sur le sujet. 25 000 morts par an. Le chiffre est litt\u00e9ralement ahurissant m\u00eame s\u2019il convient, [&hellip;]","og_url":"https:\/\/www.autosphere.fr\/blog\/les-dos-dane-plus-dangereux-quon-le-croit\/","og_site_name":"Blog Autosphere","article_publisher":"https:\/\/www.facebook.com\/autosphere","article_published_time":"2016-12-05T12:40:44+00:00","article_modified_time":"2022-11-22T09:16:32+00:00","og_image":[{"width":400,"height":210,"url":"https:\/\/www.autosphere.fr\/blog\/wp-content\/uploads\/2022\/11\/f6cc07227aca5c197bdcbd87562381e9.jpg","type":"image\/jpeg"}],"author":"Florent CHEDOZEAU","twitter_card":"summary_large_image","twitter_misc":{"\u00c9crit par":"Florent CHEDOZEAU","Dur\u00e9e de lecture estim\u00e9e":"2 minutes"},"schema":{"@context":"https:\/\/schema.org","@graph":[{"@type":"Article","@id":"https:\/\/www.autosphere.fr\/blog\/les-dos-dane-plus-dangereux-quon-le-croit\/#article","isPartOf":{"@id":"https:\/\/www.autosphere.fr\/blog\/les-dos-dane-plus-dangereux-quon-le-croit\/"},"author":{"name":"Florent CHEDOZEAU","@id":"https:\/\/www.autosphere.fr\/blog\/#\/schema\/person\/157d3ac8c260cc43fa708dbfa8fe558d"},"headline":"Les dos d\u2019\u00e2ne plus dangereux qu\u2019on le croit","datePublished":"2016-12-05T12:40:44+00:00","dateModified":"2022-11-22T09:16:32+00:00","mainEntityOfPage":{"@id":"https:\/\/www.autosphere.fr\/blog\/les-dos-dane-plus-dangereux-quon-le-croit\/"},"wordCount":319,"commentCount":0,"publisher":{"@id":"https:\/\/www.autosphere.fr\/blog\/#organization"},"image":{"@id":"https:\/\/www.autosphere.fr\/blog\/les-dos-dane-plus-dangereux-quon-le-croit\/#primaryimage"},"thumbnailUrl":"https:\/\/www.autosphere.fr\/blog\/wp-content\/uploads\/2022\/11\/f6cc07227aca5c197bdcbd87562381e9.jpg","articleSection":["Actualit\u00e9s"],"inLanguage":"fr-FR","potentialAction":[{"@type":"CommentAction","name":"Comment","target":["https:\/\/www.autosphere.fr\/blog\/les-dos-dane-plus-dangereux-quon-le-croit\/#respond"]}]},{"@type":"WebPage","@id":"https:\/\/www.autosphere.fr\/blog\/les-dos-dane-plus-dangereux-quon-le-croit\/","url":"https:\/\/www.autosphere.fr\/blog\/les-dos-dane-plus-dangereux-quon-le-croit\/","name":"Les dos d\u2019\u00e2ne plus dangereux qu\u2019on le croit - Blog Autosphere","isPartOf":{"@id":"https:\/\/www.autosphere.fr\/blog\/#website"},"primaryImageOfPage":{"@id":"https:\/\/www.autosphere.fr\/blog\/les-dos-dane-plus-dangereux-quon-le-croit\/#primaryimage"},"image":{"@id":"https:\/\/www.autosphere.fr\/blog\/les-dos-dane-plus-dangereux-quon-le-croit\/#primaryimage"},"thumbnailUrl":"https:\/\/www.autosphere.fr\/blog\/wp-content\/uploads\/2022\/11\/f6cc07227aca5c197bdcbd87562381e9.jpg","datePublished":"2016-12-05T12:40:44+00:00","dateModified":"2022-11-22T09:16:32+00:00","breadcrumb":{"@id":"https:\/\/www.autosphere.fr\/blog\/les-dos-dane-plus-dangereux-quon-le-croit\/#breadcrumb"},"inLanguage":"fr-FR","potentialAction":[{"@type":"ReadAction","target":["https:\/\/www.autosphere.fr\/blog\/les-dos-dane-plus-dangereux-quon-le-croit\/"]}]},{"@type":"ImageObject","inLanguage":"fr-FR","@id":"https:\/\/www.autosphere.fr\/blog\/les-dos-dane-plus-dangereux-quon-le-croit\/#primaryimage","url":"https:\/\/www.autosphere.fr\/blog\/wp-content\/uploads\/2022\/11\/f6cc07227aca5c197bdcbd87562381e9.jpg","contentUrl":"https:\/\/www.autosphere.fr\/blog\/wp-content\/uploads\/2022\/11\/f6cc07227aca5c197bdcbd87562381e9.jpg","width":400,"height":210},{"@type":"BreadcrumbList","@id":"https:\/\/www.autosphere.fr\/blog\/les-dos-dane-plus-dangereux-quon-le-croit\/#breadcrumb","itemListElement":[{"@type":"ListItem","position":1,"name":"Accueil","item":"https:\/\/www.autosphere.fr\/blog\/"},{"@type":"ListItem","position":2,"name":"Les dos d\u2019\u00e2ne plus dangereux qu\u2019on le croit"}]},{"@type":"WebSite","@id":"https:\/\/www.autosphere.fr\/blog\/#website","url":"https:\/\/www.autosphere.fr\/blog\/","name":"Blog Autosphere","description":"","publisher":{"@id":"https:\/\/www.autosphere.fr\/blog\/#organization"},"potentialAction":[{"@type":"SearchAction","target":{"@type":"EntryPoint","urlTemplate":"https:\/\/www.autosphere.fr\/blog\/?s={search_term_string}"},"query-input":{"@type":"PropertyValueSpecification","valueRequired":true,"valueName":"search_term_string"}}],"inLanguage":"fr-FR"},{"@type":"Organization","@id":"https:\/\/www.autosphere.fr\/blog\/#organization","name":"Blog Autosphere","url":"https:\/\/www.autosphere.fr\/blog\/","logo":{"@type":"ImageObject","inLanguage":"fr-FR","@id":"https:\/\/www.autosphere.fr\/blog\/#\/schema\/logo\/image\/","url":"https:\/\/www.autosphere.fr\/blog\/wp-content\/uploads\/2022\/11\/le-blog-autosphere.png","contentUrl":"https:\/\/www.autosphere.fr\/blog\/wp-content\/uploads\/2022\/11\/le-blog-autosphere.png","width":241,"height":35,"caption":"Blog Autosphere"},"image":{"@id":"https:\/\/www.autosphere.fr\/blog\/#\/schema\/logo\/image\/"},"sameAs":["https:\/\/www.facebook.com\/autosphere","https:\/\/www.instagram.com\/autosphere"]},{"@type":"Person","@id":"https:\/\/www.autosphere.fr\/blog\/#\/schema\/person\/157d3ac8c260cc43fa708dbfa8fe558d","name":"Florent CHEDOZEAU","url":"https:\/\/www.autosphere.fr\/blog\/author\/florent-chedozeau\/"}]}},"_links":{"self":[{"href":"https:\/\/www.autosphere.fr\/blog\/wp-json\/wp\/v2\/posts\/2167","targetHints":{"allow":["GET"]}}],"collection":[{"href":"https:\/\/www.autosphere.fr\/blog\/wp-json\/wp\/v2\/posts"}],"about":[{"href":"https:\/\/www.autosphere.fr\/blog\/wp-json\/wp\/v2\/types\/post"}],"author":[{"embeddable":true,"href":"https:\/\/www.autosphere.fr\/blog\/wp-json\/wp\/v2\/users\/3"}],"replies":[{"embeddable":true,"href":"https:\/\/www.autosphere.fr\/blog\/wp-json\/wp\/v2\/comments?post=2167"}],"version-history":[{"count":1,"href":"https:\/\/www.autosphere.fr\/blog\/wp-json\/wp\/v2\/posts\/2167\/revisions"}],"predecessor-version":[{"id":3865,"href":"https:\/\/www.autosphere.fr\/blog\/wp-json\/wp\/v2\/posts\/2167\/revisions\/3865"}],"wp:featuredmedia":[{"embeddable":true,"href":"https:\/\/www.autosphere.fr\/blog\/wp-json\/wp\/v2\/media\/2168"}],"wp:attachment":[{"href":"https:\/\/www.autosphere.fr\/blog\/wp-json\/wp\/v2\/media?parent=2167"}],"wp:term":[{"taxonomy":"category","embeddable":true,"href":"https:\/\/www.autosphere.fr\/blog\/wp-json\/wp\/v2\/categories?post=2167"},{"taxonomy":"post_tag","embeddable":true,"href":"https:\/\/www.autosphere.fr\/blog\/wp-json\/wp\/v2\/tags?post=2167"},{"taxonomy":"marque","embeddable":true,"href":"https:\/\/www.autosphere.fr\/blog\/wp-json\/wp\/v2\/marque?post=2167"}],"curies":[{"name":"wp","href":"https:\/\/api.w.org\/{rel}","templated":true}]}}