{"id":2334,"date":"2017-07-18T09:43:37","date_gmt":"2017-07-18T07:43:37","guid":{"rendered":"https:\/\/blogautosphere.creatic-agency.fr\/joelle-et-gerard-papy-boomers-et-globe-trotteurs\/"},"modified":"2022-11-22T11:16:36","modified_gmt":"2022-11-22T09:16:36","slug":"joelle-et-gerard-papy-boomers-et-globe-trotteurs","status":"publish","type":"post","link":"https:\/\/www.autosphere.fr\/blog\/joelle-et-gerard-papy-boomers-et-globe-trotteurs\/","title":{"rendered":"Jo\u00eblle et G\u00e9rard : Papy-boomers et globe-trotteurs !"},"content":{"rendered":"<div class=\"custom-post-container\">\n<p style=\"text-align: justify;\">Ils s\u2019appellent G\u00e9rard Guez et Jo\u00eblle Casier. Entre 2016 et 2022, ils sillonnent et sillonneront le monde au volant d\u2019un Toyota Hilux transform\u00e9 en camping-car.<\/p>\n<p style=\"text-align: justify;\">C\u2019est un v\u00e9ritable plan de bataille pr\u00e9vu par Jo\u00eblle et G\u00e9rard. Ces deux attachants retrait\u00e9s vivant entre Paris et Barcelone ont d\u00e9but\u00e9 en 2016 un formidable p\u00e9riple automobile. \u00c0 la diff\u00e9rence des&nbsp;<a href=\"https:\/\/www.autosphere.fr\/blog\/media\/buzz-et-insolite\/le-road-trip-en-4x4-une-belle-idee\/2746\/\">tours du monde auto<\/a> dont nous vous avons d\u00e9j\u00e0 parl\u00e9, ces papy boomers ont choisi de voyager par tranches de 4 mois par an \u00e0 bord de leur Toyota Hulix surplomb\u00e9 d\u2019une cellule Cl\u00e9menson. L\u2019ann\u00e9e derni\u00e8re, le couple s\u2019est pr\u00e9par\u00e9 sur les routes europ\u00e9ennes avant de s\u2019attaquer cette ann\u00e9e \u00e0 l\u2019Am\u00e9rique du Sud. L\u2019hiver prochain, ils retourneront en Am\u00e9rique du Sud avant de se frotter \u00e0 l\u2019Am\u00e9rique du Nord, \u00e0 l\u2019Australie, la Nouvelle-Z\u00e9lande, au sud-Est asiatique, \u00e0 l\u2019Inde\u2026 De quoi voyager jusqu\u2019en 2022 et prouver que rien n&#8217;est termin\u00e9 arriv\u00e9 \u00e0 la soixantaine ains que, une fois encore, le caract\u00e8re indestructible du Hilux. Vous savez ce 4&#215;4 que Jeremy Clarkson, Richard Hammond et James May n\u2019ont pas r\u00e9ussi \u00e0 d\u00e9truire tout en le baladant dans les endroits les plus hostiles de la plan\u00e8te !<\/p>\n<h2>Grand voyageurs<\/h2>\n<p><img decoding=\"async\" src=\"https:\/\/www.autosphere.fr\/blog\/wp-content\/uploads\/2022\/11\/ba3a6603c154bbd5e1fe41b9a0f9a9d3.jpg\"><\/p>\n<p style=\"text-align: justify;\">Jo\u00eblle et G\u00e9rard (respectivement Photographe \/ co-pilote et pilote \/ concepteur du projet) nous montrent que l\u2019on peut toujours voyager \u00e0 travers le monde en voiture en d\u00e9pit des al\u00e9as de la g\u00e9opolitique. Sur leur site, le couple livre la recette de ce qu\u2019ils esp\u00e8rent \u00eatre un succ\u00e8s : \u00ab <em>Avoir une grande forme, un grand mental, quelques moyens financiers et la volont\u00e9 d\u00e9termin\u00e9e de la faire<\/em> \u00bb. On vous recommande ainsi de vous balader sur le&nbsp;<a href=\"http:\/\/www.papyboomglobetrotter.com\/\" target=\"_blank\" rel=\"noopener\">site<\/a> de ces attachants papy boomers.<\/p>\n<p style=\"text-align: justify;\">Via Toyota<\/p>\n<\/div>\n","protected":false},"excerpt":{"rendered":"<p>Ils s\u2019appellent G\u00e9rard Guez et Jo\u00eblle Casier. Entre 2016 et 2022, ils sillonnent et sillonneront le monde au volant d\u2019un Toyota Hilux transform\u00e9 en camping-car. C\u2019est un v\u00e9ritable plan de bataille pr\u00e9vu par Jo\u00eblle et G\u00e9rard. Ces deux attachants retrait\u00e9s vivant entre Paris et Barcelone ont d\u00e9but\u00e9 en 2016 un formidable p\u00e9riple automobile. \u00c0 la [&hellip;]<\/p>\n","protected":false},"author":3,"featured_media":2335,"comment_status":"open","ping_status":"open","sticky":false,"template":"","format":"standard","meta":{"_acf_changed":false,"footnotes":""},"categories":[2],"tags":[],"marque":[56],"class_list":["post-2334","post","type-post","status-publish","format-standard","has-post-thumbnail","hentry","category-actualites","marque-toyota"],"acf":[],"yoast_head":"<!-- This site is optimized with the Yoast SEO plugin v27.2 - https:\/\/yoast.com\/product\/yoast-seo-wordpress\/ -->\n<title>Jo\u00eblle et G\u00e9rard : Papy-boomers et globe-trotteurs ! - Blog Autosphere<\/title>\n<meta name=\"robots\" content=\"index, follow, max-snippet:-1, max-image-preview:large, max-video-preview:-1\" \/>\n<link rel=\"canonical\" href=\"https:\/\/www.autosphere.fr\/blog\/joelle-et-gerard-papy-boomers-et-globe-trotteurs\/\" \/>\n<meta property=\"og:locale\" content=\"fr_FR\" \/>\n<meta property=\"og:type\" content=\"article\" \/>\n<meta property=\"og:title\" content=\"Jo\u00eblle et G\u00e9rard : Papy-boomers et globe-trotteurs ! - Blog Autosphere\" \/>\n<meta property=\"og:description\" content=\"Ils s\u2019appellent G\u00e9rard Guez et Jo\u00eblle Casier. Entre 2016 et 2022, ils sillonnent et sillonneront le monde au volant d\u2019un Toyota Hilux transform\u00e9 en camping-car. C\u2019est un v\u00e9ritable plan de bataille pr\u00e9vu par Jo\u00eblle et G\u00e9rard. Ces deux attachants retrait\u00e9s vivant entre Paris et Barcelone ont d\u00e9but\u00e9 en 2016 un formidable p\u00e9riple automobile. \u00c0 la [&hellip;]\" \/>\n<meta property=\"og:url\" content=\"https:\/\/www.autosphere.fr\/blog\/joelle-et-gerard-papy-boomers-et-globe-trotteurs\/\" \/>\n<meta property=\"og:site_name\" content=\"Blog Autosphere\" \/>\n<meta property=\"article:publisher\" content=\"https:\/\/www.facebook.com\/autosphere\" \/>\n<meta property=\"article:published_time\" content=\"2017-07-18T07:43:37+00:00\" \/>\n<meta property=\"article:modified_time\" content=\"2022-11-22T09:16:36+00:00\" \/>\n<meta property=\"og:image\" content=\"https:\/\/www.autosphere.fr\/blog\/wp-content\/uploads\/2022\/11\/31e7051decb90e54e7c244c3b7baab80.jpg\" \/>\n\t<meta property=\"og:image:width\" content=\"400\" \/>\n\t<meta property=\"og:image:height\" content=\"210\" \/>\n\t<meta property=\"og:image:type\" content=\"image\/jpeg\" \/>\n<meta name=\"author\" content=\"Florent CHEDOZEAU\" \/>\n<meta name=\"twitter:card\" content=\"summary_large_image\" \/>\n<meta name=\"twitter:label1\" content=\"\u00c9crit par\" \/>\n\t<meta name=\"twitter:data1\" content=\"Florent CHEDOZEAU\" \/>\n\t<meta name=\"twitter:label2\" content=\"Dur\u00e9e de lecture estim\u00e9e\" \/>\n\t<meta name=\"twitter:data2\" content=\"2 minutes\" \/>\n<!-- \/ Yoast SEO plugin. -->","yoast_head_json":{"title":"Jo\u00eblle et G\u00e9rard : Papy-boomers et globe-trotteurs ! - Blog Autosphere","robots":{"index":"index","follow":"follow","max-snippet":"max-snippet:-1","max-image-preview":"max-image-preview:large","max-video-preview":"max-video-preview:-1"},"canonical":"https:\/\/www.autosphere.fr\/blog\/joelle-et-gerard-papy-boomers-et-globe-trotteurs\/","og_locale":"fr_FR","og_type":"article","og_title":"Jo\u00eblle et G\u00e9rard : Papy-boomers et globe-trotteurs ! - Blog Autosphere","og_description":"Ils s\u2019appellent G\u00e9rard Guez et Jo\u00eblle Casier. Entre 2016 et 2022, ils sillonnent et sillonneront le monde au volant d\u2019un Toyota Hilux transform\u00e9 en camping-car. C\u2019est un v\u00e9ritable plan de bataille pr\u00e9vu par Jo\u00eblle et G\u00e9rard. Ces deux attachants retrait\u00e9s vivant entre Paris et Barcelone ont d\u00e9but\u00e9 en 2016 un formidable p\u00e9riple automobile. \u00c0 la [&hellip;]","og_url":"https:\/\/www.autosphere.fr\/blog\/joelle-et-gerard-papy-boomers-et-globe-trotteurs\/","og_site_name":"Blog Autosphere","article_publisher":"https:\/\/www.facebook.com\/autosphere","article_published_time":"2017-07-18T07:43:37+00:00","article_modified_time":"2022-11-22T09:16:36+00:00","og_image":[{"width":400,"height":210,"url":"https:\/\/www.autosphere.fr\/blog\/wp-content\/uploads\/2022\/11\/31e7051decb90e54e7c244c3b7baab80.jpg","type":"image\/jpeg"}],"author":"Florent CHEDOZEAU","twitter_card":"summary_large_image","twitter_misc":{"\u00c9crit par":"Florent CHEDOZEAU","Dur\u00e9e de lecture estim\u00e9e":"2 minutes"},"schema":{"@context":"https:\/\/schema.org","@graph":[{"@type":"Article","@id":"https:\/\/www.autosphere.fr\/blog\/joelle-et-gerard-papy-boomers-et-globe-trotteurs\/#article","isPartOf":{"@id":"https:\/\/www.autosphere.fr\/blog\/joelle-et-gerard-papy-boomers-et-globe-trotteurs\/"},"author":{"name":"Florent CHEDOZEAU","@id":"https:\/\/www.autosphere.fr\/blog\/#\/schema\/person\/157d3ac8c260cc43fa708dbfa8fe558d"},"headline":"Jo\u00eblle et G\u00e9rard : Papy-boomers et globe-trotteurs !","datePublished":"2017-07-18T07:43:37+00:00","dateModified":"2022-11-22T09:16:36+00:00","mainEntityOfPage":{"@id":"https:\/\/www.autosphere.fr\/blog\/joelle-et-gerard-papy-boomers-et-globe-trotteurs\/"},"wordCount":319,"commentCount":0,"publisher":{"@id":"https:\/\/www.autosphere.fr\/blog\/#organization"},"image":{"@id":"https:\/\/www.autosphere.fr\/blog\/joelle-et-gerard-papy-boomers-et-globe-trotteurs\/#primaryimage"},"thumbnailUrl":"https:\/\/www.autosphere.fr\/blog\/wp-content\/uploads\/2022\/11\/31e7051decb90e54e7c244c3b7baab80.jpg","articleSection":["Actualit\u00e9s"],"inLanguage":"fr-FR","potentialAction":[{"@type":"CommentAction","name":"Comment","target":["https:\/\/www.autosphere.fr\/blog\/joelle-et-gerard-papy-boomers-et-globe-trotteurs\/#respond"]}]},{"@type":"WebPage","@id":"https:\/\/www.autosphere.fr\/blog\/joelle-et-gerard-papy-boomers-et-globe-trotteurs\/","url":"https:\/\/www.autosphere.fr\/blog\/joelle-et-gerard-papy-boomers-et-globe-trotteurs\/","name":"Jo\u00eblle et G\u00e9rard : Papy-boomers et globe-trotteurs ! - Blog Autosphere","isPartOf":{"@id":"https:\/\/www.autosphere.fr\/blog\/#website"},"primaryImageOfPage":{"@id":"https:\/\/www.autosphere.fr\/blog\/joelle-et-gerard-papy-boomers-et-globe-trotteurs\/#primaryimage"},"image":{"@id":"https:\/\/www.autosphere.fr\/blog\/joelle-et-gerard-papy-boomers-et-globe-trotteurs\/#primaryimage"},"thumbnailUrl":"https:\/\/www.autosphere.fr\/blog\/wp-content\/uploads\/2022\/11\/31e7051decb90e54e7c244c3b7baab80.jpg","datePublished":"2017-07-18T07:43:37+00:00","dateModified":"2022-11-22T09:16:36+00:00","breadcrumb":{"@id":"https:\/\/www.autosphere.fr\/blog\/joelle-et-gerard-papy-boomers-et-globe-trotteurs\/#breadcrumb"},"inLanguage":"fr-FR","potentialAction":[{"@type":"ReadAction","target":["https:\/\/www.autosphere.fr\/blog\/joelle-et-gerard-papy-boomers-et-globe-trotteurs\/"]}]},{"@type":"ImageObject","inLanguage":"fr-FR","@id":"https:\/\/www.autosphere.fr\/blog\/joelle-et-gerard-papy-boomers-et-globe-trotteurs\/#primaryimage","url":"https:\/\/www.autosphere.fr\/blog\/wp-content\/uploads\/2022\/11\/31e7051decb90e54e7c244c3b7baab80.jpg","contentUrl":"https:\/\/www.autosphere.fr\/blog\/wp-content\/uploads\/2022\/11\/31e7051decb90e54e7c244c3b7baab80.jpg","width":400,"height":210},{"@type":"BreadcrumbList","@id":"https:\/\/www.autosphere.fr\/blog\/joelle-et-gerard-papy-boomers-et-globe-trotteurs\/#breadcrumb","itemListElement":[{"@type":"ListItem","position":1,"name":"Accueil","item":"https:\/\/www.autosphere.fr\/blog\/"},{"@type":"ListItem","position":2,"name":"Jo\u00eblle et G\u00e9rard : Papy-boomers et globe-trotteurs !"}]},{"@type":"WebSite","@id":"https:\/\/www.autosphere.fr\/blog\/#website","url":"https:\/\/www.autosphere.fr\/blog\/","name":"Blog Autosphere","description":"","publisher":{"@id":"https:\/\/www.autosphere.fr\/blog\/#organization"},"potentialAction":[{"@type":"SearchAction","target":{"@type":"EntryPoint","urlTemplate":"https:\/\/www.autosphere.fr\/blog\/?s={search_term_string}"},"query-input":{"@type":"PropertyValueSpecification","valueRequired":true,"valueName":"search_term_string"}}],"inLanguage":"fr-FR"},{"@type":"Organization","@id":"https:\/\/www.autosphere.fr\/blog\/#organization","name":"Blog Autosphere","url":"https:\/\/www.autosphere.fr\/blog\/","logo":{"@type":"ImageObject","inLanguage":"fr-FR","@id":"https:\/\/www.autosphere.fr\/blog\/#\/schema\/logo\/image\/","url":"https:\/\/www.autosphere.fr\/blog\/wp-content\/uploads\/2022\/11\/le-blog-autosphere.png","contentUrl":"https:\/\/www.autosphere.fr\/blog\/wp-content\/uploads\/2022\/11\/le-blog-autosphere.png","width":241,"height":35,"caption":"Blog Autosphere"},"image":{"@id":"https:\/\/www.autosphere.fr\/blog\/#\/schema\/logo\/image\/"},"sameAs":["https:\/\/www.facebook.com\/autosphere","https:\/\/www.instagram.com\/autosphere"]},{"@type":"Person","@id":"https:\/\/www.autosphere.fr\/blog\/#\/schema\/person\/157d3ac8c260cc43fa708dbfa8fe558d","name":"Florent CHEDOZEAU","url":"https:\/\/www.autosphere.fr\/blog\/author\/florent-chedozeau\/"}]}},"_links":{"self":[{"href":"https:\/\/www.autosphere.fr\/blog\/wp-json\/wp\/v2\/posts\/2334","targetHints":{"allow":["GET"]}}],"collection":[{"href":"https:\/\/www.autosphere.fr\/blog\/wp-json\/wp\/v2\/posts"}],"about":[{"href":"https:\/\/www.autosphere.fr\/blog\/wp-json\/wp\/v2\/types\/post"}],"author":[{"embeddable":true,"href":"https:\/\/www.autosphere.fr\/blog\/wp-json\/wp\/v2\/users\/3"}],"replies":[{"embeddable":true,"href":"https:\/\/www.autosphere.fr\/blog\/wp-json\/wp\/v2\/comments?post=2334"}],"version-history":[{"count":1,"href":"https:\/\/www.autosphere.fr\/blog\/wp-json\/wp\/v2\/posts\/2334\/revisions"}],"predecessor-version":[{"id":3445,"href":"https:\/\/www.autosphere.fr\/blog\/wp-json\/wp\/v2\/posts\/2334\/revisions\/3445"}],"wp:featuredmedia":[{"embeddable":true,"href":"https:\/\/www.autosphere.fr\/blog\/wp-json\/wp\/v2\/media\/2335"}],"wp:attachment":[{"href":"https:\/\/www.autosphere.fr\/blog\/wp-json\/wp\/v2\/media?parent=2334"}],"wp:term":[{"taxonomy":"category","embeddable":true,"href":"https:\/\/www.autosphere.fr\/blog\/wp-json\/wp\/v2\/categories?post=2334"},{"taxonomy":"post_tag","embeddable":true,"href":"https:\/\/www.autosphere.fr\/blog\/wp-json\/wp\/v2\/tags?post=2334"},{"taxonomy":"marque","embeddable":true,"href":"https:\/\/www.autosphere.fr\/blog\/wp-json\/wp\/v2\/marque?post=2334"}],"curies":[{"name":"wp","href":"https:\/\/api.w.org\/{rel}","templated":true}]}}