{"id":2498,"date":"2017-12-08T10:58:06","date_gmt":"2017-12-08T08:58:06","guid":{"rendered":"https:\/\/blogautosphere.creatic-agency.fr\/la-nostalgie-de-la-volvo-p1800s\/"},"modified":"2022-11-22T11:16:41","modified_gmt":"2022-11-22T09:16:41","slug":"la-nostalgie-de-la-volvo-p1800s","status":"publish","type":"post","link":"https:\/\/www.autosphere.fr\/blog\/la-nostalgie-de-la-volvo-p1800s\/","title":{"rendered":"La nostalgie de la Volvo P1800S"},"content":{"rendered":"<div class=\"custom-post-container\">\n<p style=\"text-align: justify;\">Il a \u00e9t\u00e9 difficile cette semaine de r\u00e9sister \u00e0 la vague de nostalgie apr\u00e8s les d\u00e9c\u00e8s de Jean d\u2019Ormesson et de Johnny Hallyday. Si bien que ce vendredi, j\u2019ai envie d\u2019\u00e9voquer avec vous la Volvo P1800S popularis\u00e9e dans les ann\u00e9es 60 par la s\u00e9rie Le Saint et pilot\u00e9e par un autre grand disparu de l\u2019ann\u00e9e, Roger Moore.<\/p>\n<p style=\"text-align: justify;\">Cette semaine, il a flott\u00e9 une atmosph\u00e8re assez lourde sur la France et la m\u00e9t\u00e9o n\u2019a pas aid\u00e9. A voir les r\u00e9f\u00e9rences et les idoles du XXe si\u00e8cle dispara\u00eetre, on retombe facilement dans le \u00ab <em>c\u2019\u00e9tait mieux avant<\/em> \u00bb. Une maxime qui s\u2019applique parfois (souvent ?) \u00e0 l\u2019automobile m\u00eame si sous certains aspects cela parait en d\u00e9pit du bon sens. Toujours est-il qu\u2019en baignant dans la nostalgie, je me suis rappel\u00e9 la s\u00e9rie <em>Le Saint<\/em>. Roger Moore, autre grand disparu de l\u2019ann\u00e9e 2017, y pilotait une Volvo P1800S. Une voiture que Volvo refusa de cataloguer comme sportive en pr\u00e9f\u00e9rant la consid\u00e9rer comme une voiture de Grand Tourisme. D\u2019ailleurs, le S ne veut pas dire <em>Sport<\/em> mais <em>Sverige<\/em>, <em>Su\u00e8de<\/em> en Fran\u00e7ais. Pour la petite histoire, le premier choix de la production se porta sur une E-Type mais Jaguar refusa. <\/p>\n<p><img decoding=\"async\" src=\"https:\/\/www.autosphere.fr\/blog\/wp-content\/uploads\/2022\/11\/e16199fb57bdb9b538e561ea5ebf79f2.jpg\"><\/p>\n<p style=\"text-align: justify;\">\n<p style=\"text-align: justify;\">Rien qu\u2019a regarder ses lignes, on devine bien l\u2019hypocrisie de Volvo alors. Cette silhouette semble parfaitement dessin\u00e9e pour fendre l\u2019air au rythme des Stooges. Et puis, la P1800 avait vu le jour dans l\u2019optique de rajeunir (d\u00e9j\u00e0) la client\u00e8le de la marque su\u00e9doise !<\/p>\n<p style=\"text-align: justify;\">En cherchant sur internet, je suis tomb\u00e9 sur une annonce du site<a href=\"https:\/\/bringatrailer.com\/listing\/1967-volvo-p1800-2\/\" target=\"_blank\" rel=\"noopener\"> bringatrailer<\/a>. Une P1800S de 1967 y est mise aux ench\u00e8res pour 5 jours encore. L\u2019ench\u00e8re qui l\u2019emporte au moment o\u00f9 j\u2019\u00e9cris ces lignes est de 7 500 dollars, soit environ 6 400 euros. Une bouch\u00e9e de pain pour une voiture bien dans son \u00e9poque des <em>swinging sixties<\/em>. Ses lignes atypiques et son int\u00e9rieur plut\u00f4t kitsch, semble-t-il bien pas trop mal conserv\u00e9, pourrait en faire l\u2019idole d\u2019une nouvelle jeunesse d\u2019autant qu\u2019en 50 ans de carri\u00e8re, elle n\u2019affiche que 111 000 km (69 233 miles). Certes, il y a un peu de rouille, la peinture semble \u00e0 refaire et l\u2019on devine un soucis de fermeture du coffre. Quid de la m\u00e9canique ? Le moteur quatre cylindres de 2,0l offre initialement 118 chevaux. Pour autant, ces moteurs l\u00e0 \u00e9taient particuli\u00e8rement robustes. Pour preuve, en 2013, un certain Irv Gordon a officiellement atteint les 3 000 000 miles (plus de 4,8 millions de km) au volant de sa P1800S. Comme quoi, toutes les l\u00e9gendes sont immortelles.<\/p>\n<\/div>\n","protected":false},"excerpt":{"rendered":"<p>Il a \u00e9t\u00e9 difficile cette semaine de r\u00e9sister \u00e0 la vague de nostalgie apr\u00e8s les d\u00e9c\u00e8s de Jean d\u2019Ormesson et de Johnny Hallyday. Si bien que ce vendredi, j\u2019ai envie d\u2019\u00e9voquer avec vous la Volvo P1800S popularis\u00e9e dans les ann\u00e9es 60 par la s\u00e9rie Le Saint et pilot\u00e9e par un autre grand disparu de l\u2019ann\u00e9e, [&hellip;]<\/p>\n","protected":false},"author":3,"featured_media":2499,"comment_status":"open","ping_status":"open","sticky":false,"template":"","format":"standard","meta":{"_acf_changed":false,"footnotes":""},"categories":[2],"tags":[],"marque":[71],"class_list":["post-2498","post","type-post","status-publish","format-standard","has-post-thumbnail","hentry","category-actualites","marque-volvo"],"acf":[],"yoast_head":"<!-- This site is optimized with the Yoast SEO plugin v27.2 - https:\/\/yoast.com\/product\/yoast-seo-wordpress\/ -->\n<title>La nostalgie de la Volvo P1800S - Blog Autosphere<\/title>\n<meta name=\"robots\" content=\"index, follow, max-snippet:-1, max-image-preview:large, max-video-preview:-1\" \/>\n<link rel=\"canonical\" href=\"https:\/\/www.autosphere.fr\/blog\/la-nostalgie-de-la-volvo-p1800s\/\" \/>\n<meta property=\"og:locale\" content=\"fr_FR\" \/>\n<meta property=\"og:type\" content=\"article\" \/>\n<meta property=\"og:title\" content=\"La nostalgie de la Volvo P1800S - Blog Autosphere\" \/>\n<meta property=\"og:description\" content=\"Il a \u00e9t\u00e9 difficile cette semaine de r\u00e9sister \u00e0 la vague de nostalgie apr\u00e8s les d\u00e9c\u00e8s de Jean d\u2019Ormesson et de Johnny Hallyday. Si bien que ce vendredi, j\u2019ai envie d\u2019\u00e9voquer avec vous la Volvo P1800S popularis\u00e9e dans les ann\u00e9es 60 par la s\u00e9rie Le Saint et pilot\u00e9e par un autre grand disparu de l\u2019ann\u00e9e, [&hellip;]\" \/>\n<meta property=\"og:url\" content=\"https:\/\/www.autosphere.fr\/blog\/la-nostalgie-de-la-volvo-p1800s\/\" \/>\n<meta property=\"og:site_name\" content=\"Blog Autosphere\" \/>\n<meta property=\"article:publisher\" content=\"https:\/\/www.facebook.com\/autosphere\" \/>\n<meta property=\"article:published_time\" content=\"2017-12-08T08:58:06+00:00\" \/>\n<meta property=\"article:modified_time\" content=\"2022-11-22T09:16:41+00:00\" \/>\n<meta property=\"og:image\" content=\"https:\/\/www.autosphere.fr\/blog\/wp-content\/uploads\/2022\/11\/1da6d87e825c6489edf171e5c21444d9.jpg\" \/>\n\t<meta property=\"og:image:width\" content=\"400\" \/>\n\t<meta property=\"og:image:height\" content=\"210\" \/>\n\t<meta property=\"og:image:type\" content=\"image\/jpeg\" \/>\n<meta name=\"author\" content=\"Florent CHEDOZEAU\" \/>\n<meta name=\"twitter:card\" content=\"summary_large_image\" \/>\n<meta name=\"twitter:label1\" content=\"\u00c9crit par\" \/>\n\t<meta name=\"twitter:data1\" content=\"Florent CHEDOZEAU\" \/>\n\t<meta name=\"twitter:label2\" content=\"Dur\u00e9e de lecture estim\u00e9e\" \/>\n\t<meta name=\"twitter:data2\" content=\"2 minutes\" \/>\n<!-- \/ Yoast SEO plugin. -->","yoast_head_json":{"title":"La nostalgie de la Volvo P1800S - Blog Autosphere","robots":{"index":"index","follow":"follow","max-snippet":"max-snippet:-1","max-image-preview":"max-image-preview:large","max-video-preview":"max-video-preview:-1"},"canonical":"https:\/\/www.autosphere.fr\/blog\/la-nostalgie-de-la-volvo-p1800s\/","og_locale":"fr_FR","og_type":"article","og_title":"La nostalgie de la Volvo P1800S - Blog Autosphere","og_description":"Il a \u00e9t\u00e9 difficile cette semaine de r\u00e9sister \u00e0 la vague de nostalgie apr\u00e8s les d\u00e9c\u00e8s de Jean d\u2019Ormesson et de Johnny Hallyday. Si bien que ce vendredi, j\u2019ai envie d\u2019\u00e9voquer avec vous la Volvo P1800S popularis\u00e9e dans les ann\u00e9es 60 par la s\u00e9rie Le Saint et pilot\u00e9e par un autre grand disparu de l\u2019ann\u00e9e, [&hellip;]","og_url":"https:\/\/www.autosphere.fr\/blog\/la-nostalgie-de-la-volvo-p1800s\/","og_site_name":"Blog Autosphere","article_publisher":"https:\/\/www.facebook.com\/autosphere","article_published_time":"2017-12-08T08:58:06+00:00","article_modified_time":"2022-11-22T09:16:41+00:00","og_image":[{"width":400,"height":210,"url":"https:\/\/www.autosphere.fr\/blog\/wp-content\/uploads\/2022\/11\/1da6d87e825c6489edf171e5c21444d9.jpg","type":"image\/jpeg"}],"author":"Florent CHEDOZEAU","twitter_card":"summary_large_image","twitter_misc":{"\u00c9crit par":"Florent CHEDOZEAU","Dur\u00e9e de lecture estim\u00e9e":"2 minutes"},"schema":{"@context":"https:\/\/schema.org","@graph":[{"@type":"Article","@id":"https:\/\/www.autosphere.fr\/blog\/la-nostalgie-de-la-volvo-p1800s\/#article","isPartOf":{"@id":"https:\/\/www.autosphere.fr\/blog\/la-nostalgie-de-la-volvo-p1800s\/"},"author":{"name":"Florent CHEDOZEAU","@id":"https:\/\/www.autosphere.fr\/blog\/#\/schema\/person\/157d3ac8c260cc43fa708dbfa8fe558d"},"headline":"La nostalgie de la Volvo P1800S","datePublished":"2017-12-08T08:58:06+00:00","dateModified":"2022-11-22T09:16:41+00:00","mainEntityOfPage":{"@id":"https:\/\/www.autosphere.fr\/blog\/la-nostalgie-de-la-volvo-p1800s\/"},"wordCount":459,"commentCount":0,"publisher":{"@id":"https:\/\/www.autosphere.fr\/blog\/#organization"},"image":{"@id":"https:\/\/www.autosphere.fr\/blog\/la-nostalgie-de-la-volvo-p1800s\/#primaryimage"},"thumbnailUrl":"https:\/\/www.autosphere.fr\/blog\/wp-content\/uploads\/2022\/11\/1da6d87e825c6489edf171e5c21444d9.jpg","articleSection":["Actualit\u00e9s"],"inLanguage":"fr-FR","potentialAction":[{"@type":"CommentAction","name":"Comment","target":["https:\/\/www.autosphere.fr\/blog\/la-nostalgie-de-la-volvo-p1800s\/#respond"]}]},{"@type":"WebPage","@id":"https:\/\/www.autosphere.fr\/blog\/la-nostalgie-de-la-volvo-p1800s\/","url":"https:\/\/www.autosphere.fr\/blog\/la-nostalgie-de-la-volvo-p1800s\/","name":"La nostalgie de la Volvo P1800S - Blog Autosphere","isPartOf":{"@id":"https:\/\/www.autosphere.fr\/blog\/#website"},"primaryImageOfPage":{"@id":"https:\/\/www.autosphere.fr\/blog\/la-nostalgie-de-la-volvo-p1800s\/#primaryimage"},"image":{"@id":"https:\/\/www.autosphere.fr\/blog\/la-nostalgie-de-la-volvo-p1800s\/#primaryimage"},"thumbnailUrl":"https:\/\/www.autosphere.fr\/blog\/wp-content\/uploads\/2022\/11\/1da6d87e825c6489edf171e5c21444d9.jpg","datePublished":"2017-12-08T08:58:06+00:00","dateModified":"2022-11-22T09:16:41+00:00","breadcrumb":{"@id":"https:\/\/www.autosphere.fr\/blog\/la-nostalgie-de-la-volvo-p1800s\/#breadcrumb"},"inLanguage":"fr-FR","potentialAction":[{"@type":"ReadAction","target":["https:\/\/www.autosphere.fr\/blog\/la-nostalgie-de-la-volvo-p1800s\/"]}]},{"@type":"ImageObject","inLanguage":"fr-FR","@id":"https:\/\/www.autosphere.fr\/blog\/la-nostalgie-de-la-volvo-p1800s\/#primaryimage","url":"https:\/\/www.autosphere.fr\/blog\/wp-content\/uploads\/2022\/11\/1da6d87e825c6489edf171e5c21444d9.jpg","contentUrl":"https:\/\/www.autosphere.fr\/blog\/wp-content\/uploads\/2022\/11\/1da6d87e825c6489edf171e5c21444d9.jpg","width":400,"height":210},{"@type":"BreadcrumbList","@id":"https:\/\/www.autosphere.fr\/blog\/la-nostalgie-de-la-volvo-p1800s\/#breadcrumb","itemListElement":[{"@type":"ListItem","position":1,"name":"Accueil","item":"https:\/\/www.autosphere.fr\/blog\/"},{"@type":"ListItem","position":2,"name":"La nostalgie de la Volvo P1800S"}]},{"@type":"WebSite","@id":"https:\/\/www.autosphere.fr\/blog\/#website","url":"https:\/\/www.autosphere.fr\/blog\/","name":"Blog Autosphere","description":"","publisher":{"@id":"https:\/\/www.autosphere.fr\/blog\/#organization"},"potentialAction":[{"@type":"SearchAction","target":{"@type":"EntryPoint","urlTemplate":"https:\/\/www.autosphere.fr\/blog\/?s={search_term_string}"},"query-input":{"@type":"PropertyValueSpecification","valueRequired":true,"valueName":"search_term_string"}}],"inLanguage":"fr-FR"},{"@type":"Organization","@id":"https:\/\/www.autosphere.fr\/blog\/#organization","name":"Blog Autosphere","url":"https:\/\/www.autosphere.fr\/blog\/","logo":{"@type":"ImageObject","inLanguage":"fr-FR","@id":"https:\/\/www.autosphere.fr\/blog\/#\/schema\/logo\/image\/","url":"https:\/\/www.autosphere.fr\/blog\/wp-content\/uploads\/2022\/11\/le-blog-autosphere.png","contentUrl":"https:\/\/www.autosphere.fr\/blog\/wp-content\/uploads\/2022\/11\/le-blog-autosphere.png","width":241,"height":35,"caption":"Blog Autosphere"},"image":{"@id":"https:\/\/www.autosphere.fr\/blog\/#\/schema\/logo\/image\/"},"sameAs":["https:\/\/www.facebook.com\/autosphere","https:\/\/www.instagram.com\/autosphere"]},{"@type":"Person","@id":"https:\/\/www.autosphere.fr\/blog\/#\/schema\/person\/157d3ac8c260cc43fa708dbfa8fe558d","name":"Florent CHEDOZEAU","url":"https:\/\/www.autosphere.fr\/blog\/author\/florent-chedozeau\/"}]}},"_links":{"self":[{"href":"https:\/\/www.autosphere.fr\/blog\/wp-json\/wp\/v2\/posts\/2498","targetHints":{"allow":["GET"]}}],"collection":[{"href":"https:\/\/www.autosphere.fr\/blog\/wp-json\/wp\/v2\/posts"}],"about":[{"href":"https:\/\/www.autosphere.fr\/blog\/wp-json\/wp\/v2\/types\/post"}],"author":[{"embeddable":true,"href":"https:\/\/www.autosphere.fr\/blog\/wp-json\/wp\/v2\/users\/3"}],"replies":[{"embeddable":true,"href":"https:\/\/www.autosphere.fr\/blog\/wp-json\/wp\/v2\/comments?post=2498"}],"version-history":[{"count":2,"href":"https:\/\/www.autosphere.fr\/blog\/wp-json\/wp\/v2\/posts\/2498\/revisions"}],"predecessor-version":[{"id":3939,"href":"https:\/\/www.autosphere.fr\/blog\/wp-json\/wp\/v2\/posts\/2498\/revisions\/3939"}],"wp:featuredmedia":[{"embeddable":true,"href":"https:\/\/www.autosphere.fr\/blog\/wp-json\/wp\/v2\/media\/2499"}],"wp:attachment":[{"href":"https:\/\/www.autosphere.fr\/blog\/wp-json\/wp\/v2\/media?parent=2498"}],"wp:term":[{"taxonomy":"category","embeddable":true,"href":"https:\/\/www.autosphere.fr\/blog\/wp-json\/wp\/v2\/categories?post=2498"},{"taxonomy":"post_tag","embeddable":true,"href":"https:\/\/www.autosphere.fr\/blog\/wp-json\/wp\/v2\/tags?post=2498"},{"taxonomy":"marque","embeddable":true,"href":"https:\/\/www.autosphere.fr\/blog\/wp-json\/wp\/v2\/marque?post=2498"}],"curies":[{"name":"wp","href":"https:\/\/api.w.org\/{rel}","templated":true}]}}