{"id":2542,"date":"2018-02-01T13:16:06","date_gmt":"2018-02-01T11:16:06","guid":{"rendered":"https:\/\/blogautosphere.creatic-agency.fr\/cupra-la-marque-sportive-de-seat\/"},"modified":"2022-11-22T11:16:42","modified_gmt":"2022-11-22T09:16:42","slug":"cupra-la-marque-sportive-de-seat","status":"publish","type":"post","link":"https:\/\/www.autosphere.fr\/blog\/cupra-la-marque-sportive-de-seat\/","title":{"rendered":"Cupra, la marque sportive de Seat"},"content":{"rendered":"<div class=\"custom-post-container\">\n<p style=\"text-align: justify;\">Depuis le salon de Francfort en septembre dernier, il semblait acquis qu\u2019une marque sportive allait na\u00eetre au sein de Seat. C\u2019est d\u00e9sormais officiel avec Cupra !<\/p>\n<p style=\"text-align: justify;\">Pour l\u2019instant, il ne faudra se contenter que d\u2019une vid\u00e9o, d\u2019un logo et d\u2019un <a href=\"https:\/\/www.cupraofficial.com\/#\" target=\"_blank\" rel=\"noopener\">site officiel<\/a> sur lequel il n\u2019y a pas grand-chose si ce n\u2019est un compte \u00e0 rebours qui s\u2019ach\u00e8ve dans 3 semaines, soit le 22 f\u00e9vrier. On suppose alors un \u00e9v\u00e8nement sp\u00e9cial\u2026 comme la pr\u00e9sentation d\u2019un premier mod\u00e8le m\u00eame si le constructeur pr\u00e9cise que \u00ab<em> les premiers mod\u00e8les Cupra seront pr\u00e9sent\u00e9s au public d\u00e9but mars, lors du salon automobile de Gen\u00e8ve<\/em> \u00bb. <\/p>\n<h2>\u00ab <em>Son propre ADN<\/em> \u00bb ?<\/h2>\n<p style=\"text-align: justify;\">En devenant une marque \u00e0 part enti\u00e8re, la branche sportive de Seat va remplacer le sigle S. Le nouveau logo sugg\u00e8re \u00e9nergie et puissance comme rappel\u00e9s par les communicants de la marque espagnole. Outre la Leon Cupra, on devrait d\u00e9couvrir prochainement un Ateca Cupra. Reste \u00e0 savoir si Cupra sera un constructeur \u00e0 part enti\u00e8re comme <a href=\"https:\/\/www.autosphere.fr\/blog\/media\/actualites\/qui-es-tu-polestar-no1-\/12452\/\" target=\"_blank\" rel=\"noopener\">Polestar<\/a> (ou davantage dans le d\u00e9riv\u00e9 fa\u00e7on Abarth) afin de concr\u00e9tiser la volont\u00e9 d\u2019avoir \u00ab <em>son propre ADN, sa propre identit\u00e9 en devenant une nouvelle entit\u00e9<\/em> \u00bb. Les noms de Bolero, Salsa ou Tango ont d\u00e9j\u00e0 \u00e9t\u00e9 d\u00e9pos\u00e9s dans cette \u00e9ventualit\u00e9. Affaire \u00e0 suivre.<\/p>\n<p><iframe src=\"https:\/\/www.youtube.com\/embed\/omuO2rb31Bo\" allow=\"accelerometer; autoplay; encrypted-media; gyroscope; picture-in-picture\" allowfullscreen=\"\" width=\"560\" height=\"315\" frameborder=\"0\"><\/iframe><\/div>\n","protected":false},"excerpt":{"rendered":"<p>Depuis le salon de Francfort en septembre dernier, il semblait acquis qu\u2019une marque sportive allait na\u00eetre au sein de Seat. C\u2019est d\u00e9sormais officiel avec Cupra ! Pour l\u2019instant, il ne faudra se contenter que d\u2019une vid\u00e9o, d\u2019un logo et d\u2019un site officiel sur lequel il n\u2019y a pas grand-chose si ce n\u2019est un compte \u00e0 [&hellip;]<\/p>\n","protected":false},"author":3,"featured_media":2543,"comment_status":"open","ping_status":"open","sticky":false,"template":"","format":"standard","meta":{"_acf_changed":false,"footnotes":""},"categories":[2],"tags":[],"marque":[60],"class_list":["post-2542","post","type-post","status-publish","format-standard","has-post-thumbnail","hentry","category-actualites","marque-seat"],"acf":[],"yoast_head":"<!-- This site is optimized with the Yoast SEO plugin v27.2 - https:\/\/yoast.com\/product\/yoast-seo-wordpress\/ -->\n<title>Cupra, la marque sportive de Seat - Blog Autosphere<\/title>\n<meta name=\"robots\" content=\"index, follow, max-snippet:-1, max-image-preview:large, max-video-preview:-1\" \/>\n<link rel=\"canonical\" href=\"https:\/\/www.autosphere.fr\/blog\/cupra-la-marque-sportive-de-seat\/\" \/>\n<meta property=\"og:locale\" content=\"fr_FR\" \/>\n<meta property=\"og:type\" content=\"article\" \/>\n<meta property=\"og:title\" content=\"Cupra, la marque sportive de Seat - Blog Autosphere\" \/>\n<meta property=\"og:description\" content=\"Depuis le salon de Francfort en septembre dernier, il semblait acquis qu\u2019une marque sportive allait na\u00eetre au sein de Seat. C\u2019est d\u00e9sormais officiel avec Cupra ! Pour l\u2019instant, il ne faudra se contenter que d\u2019une vid\u00e9o, d\u2019un logo et d\u2019un site officiel sur lequel il n\u2019y a pas grand-chose si ce n\u2019est un compte \u00e0 [&hellip;]\" \/>\n<meta property=\"og:url\" content=\"https:\/\/www.autosphere.fr\/blog\/cupra-la-marque-sportive-de-seat\/\" \/>\n<meta property=\"og:site_name\" content=\"Blog Autosphere\" \/>\n<meta property=\"article:publisher\" content=\"https:\/\/www.facebook.com\/autosphere\" \/>\n<meta property=\"article:published_time\" content=\"2018-02-01T11:16:06+00:00\" \/>\n<meta property=\"article:modified_time\" content=\"2022-11-22T09:16:42+00:00\" \/>\n<meta property=\"og:image\" content=\"https:\/\/www.autosphere.fr\/blog\/wp-content\/uploads\/2022\/11\/39c106e3cb96cea04c9f9f7426743edd.jpg\" \/>\n\t<meta property=\"og:image:width\" content=\"400\" \/>\n\t<meta property=\"og:image:height\" content=\"210\" \/>\n\t<meta property=\"og:image:type\" content=\"image\/jpeg\" \/>\n<meta name=\"author\" content=\"Florent CHEDOZEAU\" \/>\n<meta name=\"twitter:card\" content=\"summary_large_image\" \/>\n<meta name=\"twitter:label1\" content=\"\u00c9crit par\" \/>\n\t<meta name=\"twitter:data1\" content=\"Florent CHEDOZEAU\" \/>\n\t<meta name=\"twitter:label2\" content=\"Dur\u00e9e de lecture estim\u00e9e\" \/>\n\t<meta name=\"twitter:data2\" content=\"1 minute\" \/>\n<!-- \/ Yoast SEO plugin. -->","yoast_head_json":{"title":"Cupra, la marque sportive de Seat - Blog Autosphere","robots":{"index":"index","follow":"follow","max-snippet":"max-snippet:-1","max-image-preview":"max-image-preview:large","max-video-preview":"max-video-preview:-1"},"canonical":"https:\/\/www.autosphere.fr\/blog\/cupra-la-marque-sportive-de-seat\/","og_locale":"fr_FR","og_type":"article","og_title":"Cupra, la marque sportive de Seat - Blog Autosphere","og_description":"Depuis le salon de Francfort en septembre dernier, il semblait acquis qu\u2019une marque sportive allait na\u00eetre au sein de Seat. C\u2019est d\u00e9sormais officiel avec Cupra ! Pour l\u2019instant, il ne faudra se contenter que d\u2019une vid\u00e9o, d\u2019un logo et d\u2019un site officiel sur lequel il n\u2019y a pas grand-chose si ce n\u2019est un compte \u00e0 [&hellip;]","og_url":"https:\/\/www.autosphere.fr\/blog\/cupra-la-marque-sportive-de-seat\/","og_site_name":"Blog Autosphere","article_publisher":"https:\/\/www.facebook.com\/autosphere","article_published_time":"2018-02-01T11:16:06+00:00","article_modified_time":"2022-11-22T09:16:42+00:00","og_image":[{"width":400,"height":210,"url":"https:\/\/www.autosphere.fr\/blog\/wp-content\/uploads\/2022\/11\/39c106e3cb96cea04c9f9f7426743edd.jpg","type":"image\/jpeg"}],"author":"Florent CHEDOZEAU","twitter_card":"summary_large_image","twitter_misc":{"\u00c9crit par":"Florent CHEDOZEAU","Dur\u00e9e de lecture estim\u00e9e":"1 minute"},"schema":{"@context":"https:\/\/schema.org","@graph":[{"@type":"Article","@id":"https:\/\/www.autosphere.fr\/blog\/cupra-la-marque-sportive-de-seat\/#article","isPartOf":{"@id":"https:\/\/www.autosphere.fr\/blog\/cupra-la-marque-sportive-de-seat\/"},"author":{"name":"Florent CHEDOZEAU","@id":"https:\/\/www.autosphere.fr\/blog\/#\/schema\/person\/157d3ac8c260cc43fa708dbfa8fe558d"},"headline":"Cupra, la marque sportive de Seat","datePublished":"2018-02-01T11:16:06+00:00","dateModified":"2022-11-22T09:16:42+00:00","mainEntityOfPage":{"@id":"https:\/\/www.autosphere.fr\/blog\/cupra-la-marque-sportive-de-seat\/"},"wordCount":236,"commentCount":0,"publisher":{"@id":"https:\/\/www.autosphere.fr\/blog\/#organization"},"image":{"@id":"https:\/\/www.autosphere.fr\/blog\/cupra-la-marque-sportive-de-seat\/#primaryimage"},"thumbnailUrl":"https:\/\/www.autosphere.fr\/blog\/wp-content\/uploads\/2022\/11\/39c106e3cb96cea04c9f9f7426743edd.jpg","articleSection":["Actualit\u00e9s"],"inLanguage":"fr-FR","potentialAction":[{"@type":"CommentAction","name":"Comment","target":["https:\/\/www.autosphere.fr\/blog\/cupra-la-marque-sportive-de-seat\/#respond"]}]},{"@type":"WebPage","@id":"https:\/\/www.autosphere.fr\/blog\/cupra-la-marque-sportive-de-seat\/","url":"https:\/\/www.autosphere.fr\/blog\/cupra-la-marque-sportive-de-seat\/","name":"Cupra, la marque sportive de Seat - Blog Autosphere","isPartOf":{"@id":"https:\/\/www.autosphere.fr\/blog\/#website"},"primaryImageOfPage":{"@id":"https:\/\/www.autosphere.fr\/blog\/cupra-la-marque-sportive-de-seat\/#primaryimage"},"image":{"@id":"https:\/\/www.autosphere.fr\/blog\/cupra-la-marque-sportive-de-seat\/#primaryimage"},"thumbnailUrl":"https:\/\/www.autosphere.fr\/blog\/wp-content\/uploads\/2022\/11\/39c106e3cb96cea04c9f9f7426743edd.jpg","datePublished":"2018-02-01T11:16:06+00:00","dateModified":"2022-11-22T09:16:42+00:00","breadcrumb":{"@id":"https:\/\/www.autosphere.fr\/blog\/cupra-la-marque-sportive-de-seat\/#breadcrumb"},"inLanguage":"fr-FR","potentialAction":[{"@type":"ReadAction","target":["https:\/\/www.autosphere.fr\/blog\/cupra-la-marque-sportive-de-seat\/"]}]},{"@type":"ImageObject","inLanguage":"fr-FR","@id":"https:\/\/www.autosphere.fr\/blog\/cupra-la-marque-sportive-de-seat\/#primaryimage","url":"https:\/\/www.autosphere.fr\/blog\/wp-content\/uploads\/2022\/11\/39c106e3cb96cea04c9f9f7426743edd.jpg","contentUrl":"https:\/\/www.autosphere.fr\/blog\/wp-content\/uploads\/2022\/11\/39c106e3cb96cea04c9f9f7426743edd.jpg","width":400,"height":210},{"@type":"BreadcrumbList","@id":"https:\/\/www.autosphere.fr\/blog\/cupra-la-marque-sportive-de-seat\/#breadcrumb","itemListElement":[{"@type":"ListItem","position":1,"name":"Accueil","item":"https:\/\/www.autosphere.fr\/blog\/"},{"@type":"ListItem","position":2,"name":"Cupra, la marque sportive de Seat"}]},{"@type":"WebSite","@id":"https:\/\/www.autosphere.fr\/blog\/#website","url":"https:\/\/www.autosphere.fr\/blog\/","name":"Blog Autosphere","description":"","publisher":{"@id":"https:\/\/www.autosphere.fr\/blog\/#organization"},"potentialAction":[{"@type":"SearchAction","target":{"@type":"EntryPoint","urlTemplate":"https:\/\/www.autosphere.fr\/blog\/?s={search_term_string}"},"query-input":{"@type":"PropertyValueSpecification","valueRequired":true,"valueName":"search_term_string"}}],"inLanguage":"fr-FR"},{"@type":"Organization","@id":"https:\/\/www.autosphere.fr\/blog\/#organization","name":"Blog Autosphere","url":"https:\/\/www.autosphere.fr\/blog\/","logo":{"@type":"ImageObject","inLanguage":"fr-FR","@id":"https:\/\/www.autosphere.fr\/blog\/#\/schema\/logo\/image\/","url":"https:\/\/www.autosphere.fr\/blog\/wp-content\/uploads\/2022\/11\/le-blog-autosphere.png","contentUrl":"https:\/\/www.autosphere.fr\/blog\/wp-content\/uploads\/2022\/11\/le-blog-autosphere.png","width":241,"height":35,"caption":"Blog Autosphere"},"image":{"@id":"https:\/\/www.autosphere.fr\/blog\/#\/schema\/logo\/image\/"},"sameAs":["https:\/\/www.facebook.com\/autosphere","https:\/\/www.instagram.com\/autosphere"]},{"@type":"Person","@id":"https:\/\/www.autosphere.fr\/blog\/#\/schema\/person\/157d3ac8c260cc43fa708dbfa8fe558d","name":"Florent CHEDOZEAU","url":"https:\/\/www.autosphere.fr\/blog\/author\/florent-chedozeau\/"}]}},"_links":{"self":[{"href":"https:\/\/www.autosphere.fr\/blog\/wp-json\/wp\/v2\/posts\/2542","targetHints":{"allow":["GET"]}}],"collection":[{"href":"https:\/\/www.autosphere.fr\/blog\/wp-json\/wp\/v2\/posts"}],"about":[{"href":"https:\/\/www.autosphere.fr\/blog\/wp-json\/wp\/v2\/types\/post"}],"author":[{"embeddable":true,"href":"https:\/\/www.autosphere.fr\/blog\/wp-json\/wp\/v2\/users\/3"}],"replies":[{"embeddable":true,"href":"https:\/\/www.autosphere.fr\/blog\/wp-json\/wp\/v2\/comments?post=2542"}],"version-history":[{"count":1,"href":"https:\/\/www.autosphere.fr\/blog\/wp-json\/wp\/v2\/posts\/2542\/revisions"}],"predecessor-version":[{"id":3956,"href":"https:\/\/www.autosphere.fr\/blog\/wp-json\/wp\/v2\/posts\/2542\/revisions\/3956"}],"wp:featuredmedia":[{"embeddable":true,"href":"https:\/\/www.autosphere.fr\/blog\/wp-json\/wp\/v2\/media\/2543"}],"wp:attachment":[{"href":"https:\/\/www.autosphere.fr\/blog\/wp-json\/wp\/v2\/media?parent=2542"}],"wp:term":[{"taxonomy":"category","embeddable":true,"href":"https:\/\/www.autosphere.fr\/blog\/wp-json\/wp\/v2\/categories?post=2542"},{"taxonomy":"post_tag","embeddable":true,"href":"https:\/\/www.autosphere.fr\/blog\/wp-json\/wp\/v2\/tags?post=2542"},{"taxonomy":"marque","embeddable":true,"href":"https:\/\/www.autosphere.fr\/blog\/wp-json\/wp\/v2\/marque?post=2542"}],"curies":[{"name":"wp","href":"https:\/\/api.w.org\/{rel}","templated":true}]}}