{"id":2572,"date":"2018-03-01T13:48:30","date_gmt":"2018-03-01T11:48:30","guid":{"rendered":"https:\/\/blogautosphere.creatic-agency.fr\/et-si-bmw-se-mettait-au-pick-up\/"},"modified":"2022-11-22T11:16:43","modified_gmt":"2022-11-22T09:16:43","slug":"et-si-bmw-se-mettait-au-pick-up","status":"publish","type":"post","link":"https:\/\/www.autosphere.fr\/blog\/et-si-bmw-se-mettait-au-pick-up\/","title":{"rendered":"Et si BMW se mettait au pick-up ?"},"content":{"rendered":"<div class=\"custom-post-container\">\n<p style=\"text-align: justify;\">En Australie, on aimerait beaucoup que BMW commercialise un UTE, un Utility Vehicle que l\u2019on appelle pick-up ou truck chez nous et aux Etats-Unis. Le constructeur allemand doit-il s\u2019engager sur le segment du pick-up premium d\u00e9frich\u00e9 par le Mercedes Classe X ?<\/p>\n<p style=\"text-align: justify;\">L\u2019info nous vient de l\u2019autre bout du monde par l\u2019interm\u00e9diaire du site <a href=\"http:\/\/www.caradvice.com.au\/625779\/bmw-cannot-neglect-ute-segment\/\" target=\"_blank\" rel=\"noopener\">CarAdvice<\/a>. Il y est rapport\u00e9 la d\u00e9claration du patron de BMW Australia, Marc Werner, pour qui le constructeur aurait tort <em>\u00ab d\u2019ignorer les tendances du march\u00e9<\/em> \u00bb. En l\u2019occurrence, qu\u2019il y a une demande en Australie pour un pick-up BMW. Le march\u00e9 australien a repr\u00e9sent\u00e9 1 189 116 v\u00e9hicules en 2017 et les deux mod\u00e8les les plus vendus sont le Toyota Hilux (47 093 exemplaires, en progression de 11,8% par rapport \u00e0 2016) et le Ford Ranger (42 728 exemplaires, en progression de 15,7% par rapport \u00e0 2016). Les deux vedettes d\u2019un segment qui repr\u00e9sente pr\u00e8s de 20% des parts de march\u00e9. Dans ce contexte, Marc Werner l\u2019assure : Il y a de la place pour un pick-up premium qui ornerait fi\u00e8rement le badge bavarois. Certainement qu\u2019un tel v\u00e9hicule aurait toutes ses chances en Am\u00e9rique du Nord, en Europe centrale, en Russie, au Moyen-Orient et dans une multitude de march\u00e9s \u00e9mergents.<\/p>\n<h2>L\u2019exemple du Classe X<\/h2>\n<p style=\"text-align: justify;\">Cela fait des ann\u00e9es que les marques premium allemandes \u00e9largissent leurs activit\u00e9s sur presque tous les segments\u2026 quand ils ne les cr\u00e9ent pas ! Ainsi, depuis 2017 Mercedes s\u2019est lanc\u00e9 dans le pick-up premium avec le Classe X. V\u00e9hicule qui re\u00e7oit d\u2019ailleurs une motorisation V6 3,0l diesel de 258 chevaux \u00e0 l\u2019occasion du salon de Gen\u00e8ve. Pour autant, Mercedes n\u2019a d\u00e9velopp\u00e9 de A \u00e0 Z un v\u00e9hicule aux volumes modeste par rapport \u00e0 l\u2019ensemble de sa gamme. La firme \u00e0 l\u2019\u00e9toile a fait comme Renault et avec son Alaskan en adaptant le Nissan Navara par le jeu du rapprochement entre Daimler et Renault-Nissan.<\/p>\n<p style=\"text-align: justify;\">Nul doute que si BMW se lan\u00e7ait dans ce projet (rien ne l\u2019indique pour le moment), il faudrait trouver un partenaire technique. Il pourrait s\u2019appeler Toyota. Le constructeur japonais travaille d\u00e9j\u00e0 avec BMW sur d\u2019autres projets (comme le duo Z4\/Supra) et pourrait n\u00e9gocier l\u2019architecture de l\u2019Hilux ou m\u00eame du Toundra. Les deux peuvent se pr\u00e9senter dans une version double cabine avec un volume de charge approchant les 1 000 kg.<\/p>\n<p style=\"text-align: justify;\">Reste \u00e0 savoir s\u2019il y a une volont\u00e9 de la part de BMW de proposer un tel v\u00e9hicule et dans quelle mesure il pourrait \u00eatre commercialis\u00e9. La carri\u00e8re du Classe X devrait aider \u00e0 la r\u00e9flexion selon une logique \u00e9conomique \u00e9vidente de ne pas laisser un concurrent seul sur un march\u00e9 rentable, quitte \u00e0 froisser les esprits les plus romantiques. Toujours est-il que de nombreux designers sur le web se sont pench\u00e9s sur le sujet (illustrant aussi cet article) avec plus ou moins de talent.<\/p>\n<p><iframe src=\"https:\/\/www.youtube.com\/embed\/76a9nXZ8wjs\" allow=\"autoplay; encrypted-media\" allowfullscreen=\"\" width=\"560\" height=\"315\" frameborder=\"0\"><\/iframe><\/div>\n","protected":false},"excerpt":{"rendered":"<p>En Australie, on aimerait beaucoup que BMW commercialise un UTE, un Utility Vehicle que l\u2019on appelle pick-up ou truck chez nous et aux Etats-Unis. Le constructeur allemand doit-il s\u2019engager sur le segment du pick-up premium d\u00e9frich\u00e9 par le Mercedes Classe X ? L\u2019info nous vient de l\u2019autre bout du monde par l\u2019interm\u00e9diaire du site CarAdvice. [&hellip;]<\/p>\n","protected":false},"author":3,"featured_media":2573,"comment_status":"open","ping_status":"open","sticky":false,"template":"","format":"standard","meta":{"_acf_changed":false,"footnotes":""},"categories":[2],"tags":[],"marque":[50],"class_list":["post-2572","post","type-post","status-publish","format-standard","has-post-thumbnail","hentry","category-actualites","marque-bmw"],"acf":[],"yoast_head":"<!-- This site is optimized with the Yoast SEO plugin v27.2 - https:\/\/yoast.com\/product\/yoast-seo-wordpress\/ -->\n<title>Et si BMW se mettait au pick-up ? - Blog Autosphere<\/title>\n<meta name=\"robots\" content=\"index, follow, max-snippet:-1, max-image-preview:large, max-video-preview:-1\" \/>\n<link rel=\"canonical\" href=\"https:\/\/www.autosphere.fr\/blog\/et-si-bmw-se-mettait-au-pick-up\/\" \/>\n<meta property=\"og:locale\" content=\"fr_FR\" \/>\n<meta property=\"og:type\" content=\"article\" \/>\n<meta property=\"og:title\" content=\"Et si BMW se mettait au pick-up ? - Blog Autosphere\" \/>\n<meta property=\"og:description\" content=\"En Australie, on aimerait beaucoup que BMW commercialise un UTE, un Utility Vehicle que l\u2019on appelle pick-up ou truck chez nous et aux Etats-Unis. Le constructeur allemand doit-il s\u2019engager sur le segment du pick-up premium d\u00e9frich\u00e9 par le Mercedes Classe X ? L\u2019info nous vient de l\u2019autre bout du monde par l\u2019interm\u00e9diaire du site CarAdvice. [&hellip;]\" \/>\n<meta property=\"og:url\" content=\"https:\/\/www.autosphere.fr\/blog\/et-si-bmw-se-mettait-au-pick-up\/\" \/>\n<meta property=\"og:site_name\" content=\"Blog Autosphere\" \/>\n<meta property=\"article:publisher\" content=\"https:\/\/www.facebook.com\/autosphere\" \/>\n<meta property=\"article:published_time\" content=\"2018-03-01T11:48:30+00:00\" \/>\n<meta property=\"article:modified_time\" content=\"2022-11-22T09:16:43+00:00\" \/>\n<meta property=\"og:image\" content=\"https:\/\/www.autosphere.fr\/blog\/wp-content\/uploads\/2022\/11\/8f663372628c5c422a669596036131d9.jpg\" \/>\n\t<meta property=\"og:image:width\" content=\"400\" \/>\n\t<meta property=\"og:image:height\" content=\"210\" \/>\n\t<meta property=\"og:image:type\" content=\"image\/jpeg\" \/>\n<meta name=\"author\" content=\"Florent CHEDOZEAU\" \/>\n<meta name=\"twitter:card\" content=\"summary_large_image\" \/>\n<meta name=\"twitter:label1\" content=\"\u00c9crit par\" \/>\n\t<meta name=\"twitter:data1\" content=\"Florent CHEDOZEAU\" \/>\n\t<meta name=\"twitter:label2\" content=\"Dur\u00e9e de lecture estim\u00e9e\" \/>\n\t<meta name=\"twitter:data2\" content=\"2 minutes\" \/>\n<!-- \/ Yoast SEO plugin. -->","yoast_head_json":{"title":"Et si BMW se mettait au pick-up ? - Blog Autosphere","robots":{"index":"index","follow":"follow","max-snippet":"max-snippet:-1","max-image-preview":"max-image-preview:large","max-video-preview":"max-video-preview:-1"},"canonical":"https:\/\/www.autosphere.fr\/blog\/et-si-bmw-se-mettait-au-pick-up\/","og_locale":"fr_FR","og_type":"article","og_title":"Et si BMW se mettait au pick-up ? - Blog Autosphere","og_description":"En Australie, on aimerait beaucoup que BMW commercialise un UTE, un Utility Vehicle que l\u2019on appelle pick-up ou truck chez nous et aux Etats-Unis. Le constructeur allemand doit-il s\u2019engager sur le segment du pick-up premium d\u00e9frich\u00e9 par le Mercedes Classe X ? L\u2019info nous vient de l\u2019autre bout du monde par l\u2019interm\u00e9diaire du site CarAdvice. [&hellip;]","og_url":"https:\/\/www.autosphere.fr\/blog\/et-si-bmw-se-mettait-au-pick-up\/","og_site_name":"Blog Autosphere","article_publisher":"https:\/\/www.facebook.com\/autosphere","article_published_time":"2018-03-01T11:48:30+00:00","article_modified_time":"2022-11-22T09:16:43+00:00","og_image":[{"width":400,"height":210,"url":"https:\/\/www.autosphere.fr\/blog\/wp-content\/uploads\/2022\/11\/8f663372628c5c422a669596036131d9.jpg","type":"image\/jpeg"}],"author":"Florent CHEDOZEAU","twitter_card":"summary_large_image","twitter_misc":{"\u00c9crit par":"Florent CHEDOZEAU","Dur\u00e9e de lecture estim\u00e9e":"2 minutes"},"schema":{"@context":"https:\/\/schema.org","@graph":[{"@type":"Article","@id":"https:\/\/www.autosphere.fr\/blog\/et-si-bmw-se-mettait-au-pick-up\/#article","isPartOf":{"@id":"https:\/\/www.autosphere.fr\/blog\/et-si-bmw-se-mettait-au-pick-up\/"},"author":{"name":"Florent CHEDOZEAU","@id":"https:\/\/www.autosphere.fr\/blog\/#\/schema\/person\/157d3ac8c260cc43fa708dbfa8fe558d"},"headline":"Et si BMW se mettait au pick-up ?","datePublished":"2018-03-01T11:48:30+00:00","dateModified":"2022-11-22T09:16:43+00:00","mainEntityOfPage":{"@id":"https:\/\/www.autosphere.fr\/blog\/et-si-bmw-se-mettait-au-pick-up\/"},"wordCount":497,"commentCount":0,"publisher":{"@id":"https:\/\/www.autosphere.fr\/blog\/#organization"},"image":{"@id":"https:\/\/www.autosphere.fr\/blog\/et-si-bmw-se-mettait-au-pick-up\/#primaryimage"},"thumbnailUrl":"https:\/\/www.autosphere.fr\/blog\/wp-content\/uploads\/2022\/11\/8f663372628c5c422a669596036131d9.jpg","articleSection":["Actualit\u00e9s"],"inLanguage":"fr-FR","potentialAction":[{"@type":"CommentAction","name":"Comment","target":["https:\/\/www.autosphere.fr\/blog\/et-si-bmw-se-mettait-au-pick-up\/#respond"]}]},{"@type":"WebPage","@id":"https:\/\/www.autosphere.fr\/blog\/et-si-bmw-se-mettait-au-pick-up\/","url":"https:\/\/www.autosphere.fr\/blog\/et-si-bmw-se-mettait-au-pick-up\/","name":"Et si BMW se mettait au pick-up ? - Blog Autosphere","isPartOf":{"@id":"https:\/\/www.autosphere.fr\/blog\/#website"},"primaryImageOfPage":{"@id":"https:\/\/www.autosphere.fr\/blog\/et-si-bmw-se-mettait-au-pick-up\/#primaryimage"},"image":{"@id":"https:\/\/www.autosphere.fr\/blog\/et-si-bmw-se-mettait-au-pick-up\/#primaryimage"},"thumbnailUrl":"https:\/\/www.autosphere.fr\/blog\/wp-content\/uploads\/2022\/11\/8f663372628c5c422a669596036131d9.jpg","datePublished":"2018-03-01T11:48:30+00:00","dateModified":"2022-11-22T09:16:43+00:00","breadcrumb":{"@id":"https:\/\/www.autosphere.fr\/blog\/et-si-bmw-se-mettait-au-pick-up\/#breadcrumb"},"inLanguage":"fr-FR","potentialAction":[{"@type":"ReadAction","target":["https:\/\/www.autosphere.fr\/blog\/et-si-bmw-se-mettait-au-pick-up\/"]}]},{"@type":"ImageObject","inLanguage":"fr-FR","@id":"https:\/\/www.autosphere.fr\/blog\/et-si-bmw-se-mettait-au-pick-up\/#primaryimage","url":"https:\/\/www.autosphere.fr\/blog\/wp-content\/uploads\/2022\/11\/8f663372628c5c422a669596036131d9.jpg","contentUrl":"https:\/\/www.autosphere.fr\/blog\/wp-content\/uploads\/2022\/11\/8f663372628c5c422a669596036131d9.jpg","width":400,"height":210},{"@type":"BreadcrumbList","@id":"https:\/\/www.autosphere.fr\/blog\/et-si-bmw-se-mettait-au-pick-up\/#breadcrumb","itemListElement":[{"@type":"ListItem","position":1,"name":"Accueil","item":"https:\/\/www.autosphere.fr\/blog\/"},{"@type":"ListItem","position":2,"name":"Et si BMW se mettait au pick-up ?"}]},{"@type":"WebSite","@id":"https:\/\/www.autosphere.fr\/blog\/#website","url":"https:\/\/www.autosphere.fr\/blog\/","name":"Blog Autosphere","description":"","publisher":{"@id":"https:\/\/www.autosphere.fr\/blog\/#organization"},"potentialAction":[{"@type":"SearchAction","target":{"@type":"EntryPoint","urlTemplate":"https:\/\/www.autosphere.fr\/blog\/?s={search_term_string}"},"query-input":{"@type":"PropertyValueSpecification","valueRequired":true,"valueName":"search_term_string"}}],"inLanguage":"fr-FR"},{"@type":"Organization","@id":"https:\/\/www.autosphere.fr\/blog\/#organization","name":"Blog Autosphere","url":"https:\/\/www.autosphere.fr\/blog\/","logo":{"@type":"ImageObject","inLanguage":"fr-FR","@id":"https:\/\/www.autosphere.fr\/blog\/#\/schema\/logo\/image\/","url":"https:\/\/www.autosphere.fr\/blog\/wp-content\/uploads\/2022\/11\/le-blog-autosphere.png","contentUrl":"https:\/\/www.autosphere.fr\/blog\/wp-content\/uploads\/2022\/11\/le-blog-autosphere.png","width":241,"height":35,"caption":"Blog Autosphere"},"image":{"@id":"https:\/\/www.autosphere.fr\/blog\/#\/schema\/logo\/image\/"},"sameAs":["https:\/\/www.facebook.com\/autosphere","https:\/\/www.instagram.com\/autosphere"]},{"@type":"Person","@id":"https:\/\/www.autosphere.fr\/blog\/#\/schema\/person\/157d3ac8c260cc43fa708dbfa8fe558d","name":"Florent CHEDOZEAU","url":"https:\/\/www.autosphere.fr\/blog\/author\/florent-chedozeau\/"}]}},"_links":{"self":[{"href":"https:\/\/www.autosphere.fr\/blog\/wp-json\/wp\/v2\/posts\/2572","targetHints":{"allow":["GET"]}}],"collection":[{"href":"https:\/\/www.autosphere.fr\/blog\/wp-json\/wp\/v2\/posts"}],"about":[{"href":"https:\/\/www.autosphere.fr\/blog\/wp-json\/wp\/v2\/types\/post"}],"author":[{"embeddable":true,"href":"https:\/\/www.autosphere.fr\/blog\/wp-json\/wp\/v2\/users\/3"}],"replies":[{"embeddable":true,"href":"https:\/\/www.autosphere.fr\/blog\/wp-json\/wp\/v2\/comments?post=2572"}],"version-history":[{"count":1,"href":"https:\/\/www.autosphere.fr\/blog\/wp-json\/wp\/v2\/posts\/2572\/revisions"}],"predecessor-version":[{"id":3967,"href":"https:\/\/www.autosphere.fr\/blog\/wp-json\/wp\/v2\/posts\/2572\/revisions\/3967"}],"wp:featuredmedia":[{"embeddable":true,"href":"https:\/\/www.autosphere.fr\/blog\/wp-json\/wp\/v2\/media\/2573"}],"wp:attachment":[{"href":"https:\/\/www.autosphere.fr\/blog\/wp-json\/wp\/v2\/media?parent=2572"}],"wp:term":[{"taxonomy":"category","embeddable":true,"href":"https:\/\/www.autosphere.fr\/blog\/wp-json\/wp\/v2\/categories?post=2572"},{"taxonomy":"post_tag","embeddable":true,"href":"https:\/\/www.autosphere.fr\/blog\/wp-json\/wp\/v2\/tags?post=2572"},{"taxonomy":"marque","embeddable":true,"href":"https:\/\/www.autosphere.fr\/blog\/wp-json\/wp\/v2\/marque?post=2572"}],"curies":[{"name":"wp","href":"https:\/\/api.w.org\/{rel}","templated":true}]}}