{"id":2725,"date":"2018-07-16T13:42:55","date_gmt":"2018-07-16T11:42:55","guid":{"rendered":"https:\/\/blogautosphere.creatic-agency.fr\/chez-fiat-on-prend-tres-mal-larrivee-de-ronaldo-a-la-juventus\/"},"modified":"2022-11-22T11:16:46","modified_gmt":"2022-11-22T09:16:46","slug":"chez-fiat-on-prend-tres-mal-larrivee-de-ronaldo-a-la-juventus","status":"publish","type":"post","link":"https:\/\/www.autosphere.fr\/blog\/chez-fiat-on-prend-tres-mal-larrivee-de-ronaldo-a-la-juventus\/","title":{"rendered":"Chez Fiat, on prend tr\u00e8s mal l\u2019arriv\u00e9e de Ronaldo \u00e0 la Juventus"},"content":{"rendered":"<div class=\"custom-post-container\">\n<p style=\"text-align: justify;\">Tandis que le peuple fran\u00e7ais nage dans le bonheur d\u2019un deuxi\u00e8me sacre mondial, en Italie certains grincent des dents chez Fiat en voyant d\u00e9barquer Cristiano Ronaldo \u00e0 la Juventus Turin. Quel est le rapport vous d\u00eetes-vous peut-\u00eatre ? On vous explique tout. <\/p>\n<p style=\"text-align: justify;\">Du 15 au 17 juillet, un mouvement de gr\u00e8ve perturbe le fonctionnement de l\u2019usine Fiat de Melfi, petite ville italienne, situ\u00e9e dans la r\u00e9gion Basilicate. L\u2019objet de la protestation ? La signature \u00e0 la Juventus Turin de Cristiano Ronaldo. Pour s\u2019octroyer les services de la star portugaise, le club turinois aurait d\u00e9bours\u00e9 dans les 112 millions d\u2019euros. Une situation \u00ab <em>inacceptable<\/em> \u00bb pour un syndicat estimant que \u00ab <em>l\u2019entreprise demande aux salari\u00e9s de faire d\u2019\u00e9normes sacrifices financiers et que dans le m\u00eame temps elle d\u00e9cide d\u00e9penser des centaines de millions d\u2019euros pour un joueur de football<\/em> \u00bb. La suite du communiqu\u00e9 ressemble \u00e0 un condens\u00e9 dans la doctrine communiste : \u00ab <em>Nous sommes les salari\u00e9s du m\u00eame propri\u00e9taire, mais en cette p\u00e9riode d\u2019importantes difficult\u00e9s sociales, cette diff\u00e9rence de traitement ne peut et ne doit \u00eatre accept\u00e9e. L\u2019entreprise devrait plut\u00f4t investir dans des mod\u00e8les de voiture qui garantissent le futur de milliers de personnes plut\u00f4t que d\u2019enrichir seulement une autre<\/em> \u00bb. Dans la vid\u00e9o qui suit, il est \u00e9voqu\u00e9 la somme de 400 millions, cela correspond (en arrondissant \u00e0 la centaine sup\u00e9rieure) \u00e0 l\u2019indemnit\u00e9 de transfert ainsi que les salaires suppos\u00e9s du joueur. Ce m\u00eame syndicat s\u2019est-il indign\u00e9 lorsque Paul Pogba quitta la Juventus Turin pour Manchester United contre une somme \u00e9quivalente ? Certes, le club bianconero n\u2019a pas pour habitude d\u2019acheter des joueurs pour des sommes records*. Cela parait \u00e9vident aussi que John Elkmann (Pr\u00e9sident de FCA) et Andrea Agnelli (Pr\u00e9sident de la Juventus) ne discutent pas de comment la Juventus doit programmer ses investissements afin de pr\u00e9server la sant\u00e9 de Fiat. Ce serait le monde \u00e0 l\u2019avers qu\u2019un club de foot vole au secours d\u2019un constructeur d&#8217;automobiles !<\/p>\n<p><iframe src=\"https:\/\/www.youtube.com\/embed\/SoYdyneKu00\" allow=\"autoplay; encrypted-media\" allowfullscreen=\"\" width=\"560\" height=\"315\" frameborder=\"0\"><\/iframe><\/p>\n<h2>M\u00eame actionnaire, pas la m\u00eame situation.<\/h2>\n<p style=\"text-align: justify;\">En hurlant \u00e0 peu de frais sur une immense star du foot, ce syndicat s\u2019offre un joli coup de projecteur. Cependant, le raisonnement est \u00e0 minima simpliste. Si la famille Agnelli demeure tr\u00e8s pr\u00e9sente dans l\u2019organigramme de Fiat Chrysler Automobiles tout en \u00e9tant propri\u00e9taire de la Juventus, la question du transfert de CR7 \u00e0 la Vieille Dame ne devrait pas \u00eatre m\u00eal\u00e9e \u00e0 la situation financi\u00e8re de Fiat et tout particuli\u00e8rement du site proche de Naples. En effet, l\u2019arr\u00eat de la Punto fabriqu\u00e9 l\u00e0-bas entrainera une rotation d\u2019effectifs qui devrait g\u00e9n\u00e9rer du ch\u00f4mage technique pour les 1 700 employ\u00e9s qui n\u2019ont par ailleurs eu aucune augmentation de salaire depuis 10 ans. Aucun nouveau mod\u00e8le pour le moment n\u2019est pr\u00e9vu d\u2019y \u00eatre assembler. On comprend l\u2019inqui\u00e9tude des employ\u00e9s de Melfi et peut-\u00eatre la frustration de certains en voyant la situation financi\u00e8re enviable de la Juventus Turin. Depuis quelques ann\u00e9es, le club turinois a pris le virage de la modernit\u00e9, lui donnant une avance consid\u00e9rable sur ses concurrents italiens avec son propre stade. Gr\u00e2ce \u00e0 la hausse de ses revenus (droits TV, sponsoring, merchandising, billetterie, vente de joueurs\u2026), le r\u00e9sultat net est dans le vert depuis l\u2019exercice 2014-2015 en plus des r\u00e9sultats sportifs. La Juventus peut ainsi se permettre \u00ab une folie \u00bb sur le march\u00e9 des transferts. D\u2019autant, que la venue du Ronaldo sera synonyme de fortes retomb\u00e9es merchandising. La Juventus Turin est l\u2019un des clubs les plus support\u00e9s dans le monde. 14 millions rien qu\u2019en Italie et dans les 170 millions dans le monde (en tout cas 33 millions sur sa page Facebook) ! <\/p>\n<h2>Un flop !&nbsp;<\/h2>\n<p style=\"text-align: justify;\">Le mouvement de gr\u00e8ve dans l&#8217;usine de Melfi a \u00e9t\u00e9 peu suivi. C&#8217;est un euph\u00e9misme ! Seul 5 salari\u00e9s sur 1 700 ont r\u00e9pondu \u00e0 l&#8217;appel soit un taux de 0,3%. <\/p>\n<p style=\"text-align: justify;\">*Avant Ronaldo, le transfert le plus \u00e9lev\u00e9 pour un joueur signant \u00e0 la Juventus \u00e9tait celui de Gonzalo Higuain en 2016 pour 90 millions d&#8217;euros. Avant cela : Gianluigi Buffon (de Parme) pour une somme de 54 millions d\u2019euros lors de l\u2019\u00e9t\u00e9 2001. Ce m\u00eame \u00e9t\u00e9 l\u00e0, la Juve signe \u00e9galement Pavel Nedved pour 41 millions d\u2019euros, Lilian Thuram pour la somme et Marcelo Salas pour 21 millions d\u2019euros mais avait \u00e9galement vendu Zin\u00e9dine Zidane au Real Madrid pour 76 millions d\u2019euros.<\/p>\n<\/div>\n","protected":false},"excerpt":{"rendered":"<p>Tandis que le peuple fran\u00e7ais nage dans le bonheur d\u2019un deuxi\u00e8me sacre mondial, en Italie certains grincent des dents chez Fiat en voyant d\u00e9barquer Cristiano Ronaldo \u00e0 la Juventus Turin. Quel est le rapport vous d\u00eetes-vous peut-\u00eatre ? On vous explique tout. Du 15 au 17 juillet, un mouvement de gr\u00e8ve perturbe le fonctionnement de [&hellip;]<\/p>\n","protected":false},"author":3,"featured_media":2726,"comment_status":"open","ping_status":"open","sticky":false,"template":"","format":"standard","meta":{"_acf_changed":false,"footnotes":""},"categories":[2],"tags":[],"marque":[48],"class_list":["post-2725","post","type-post","status-publish","format-standard","has-post-thumbnail","hentry","category-actualites","marque-fiat"],"acf":[],"yoast_head":"<!-- This site is optimized with the Yoast SEO plugin v27.2 - https:\/\/yoast.com\/product\/yoast-seo-wordpress\/ -->\n<title>Chez Fiat, on prend tr\u00e8s mal l\u2019arriv\u00e9e de Ronaldo \u00e0 la Juventus - Blog Autosphere<\/title>\n<meta name=\"robots\" content=\"index, follow, max-snippet:-1, max-image-preview:large, max-video-preview:-1\" \/>\n<link rel=\"canonical\" href=\"https:\/\/www.autosphere.fr\/blog\/chez-fiat-on-prend-tres-mal-larrivee-de-ronaldo-a-la-juventus\/\" \/>\n<meta property=\"og:locale\" content=\"fr_FR\" \/>\n<meta property=\"og:type\" content=\"article\" \/>\n<meta property=\"og:title\" content=\"Chez Fiat, on prend tr\u00e8s mal l\u2019arriv\u00e9e de Ronaldo \u00e0 la Juventus - Blog Autosphere\" \/>\n<meta property=\"og:description\" content=\"Tandis que le peuple fran\u00e7ais nage dans le bonheur d\u2019un deuxi\u00e8me sacre mondial, en Italie certains grincent des dents chez Fiat en voyant d\u00e9barquer Cristiano Ronaldo \u00e0 la Juventus Turin. Quel est le rapport vous d\u00eetes-vous peut-\u00eatre ? On vous explique tout. Du 15 au 17 juillet, un mouvement de gr\u00e8ve perturbe le fonctionnement de [&hellip;]\" \/>\n<meta property=\"og:url\" content=\"https:\/\/www.autosphere.fr\/blog\/chez-fiat-on-prend-tres-mal-larrivee-de-ronaldo-a-la-juventus\/\" \/>\n<meta property=\"og:site_name\" content=\"Blog Autosphere\" \/>\n<meta property=\"article:publisher\" content=\"https:\/\/www.facebook.com\/autosphere\" \/>\n<meta property=\"article:published_time\" content=\"2018-07-16T11:42:55+00:00\" \/>\n<meta property=\"article:modified_time\" content=\"2022-11-22T09:16:46+00:00\" \/>\n<meta property=\"og:image\" content=\"https:\/\/www.autosphere.fr\/blog\/wp-content\/uploads\/2022\/11\/e770cd990b97c9fec6b4437e1562421c.jpg\" \/>\n\t<meta property=\"og:image:width\" content=\"400\" \/>\n\t<meta property=\"og:image:height\" content=\"210\" \/>\n\t<meta property=\"og:image:type\" content=\"image\/jpeg\" \/>\n<meta name=\"author\" content=\"Florent CHEDOZEAU\" \/>\n<meta name=\"twitter:card\" content=\"summary_large_image\" \/>\n<meta name=\"twitter:label1\" content=\"\u00c9crit par\" \/>\n\t<meta name=\"twitter:data1\" content=\"Florent CHEDOZEAU\" \/>\n\t<meta name=\"twitter:label2\" content=\"Dur\u00e9e de lecture estim\u00e9e\" \/>\n\t<meta name=\"twitter:data2\" content=\"4 minutes\" \/>\n<!-- \/ Yoast SEO plugin. -->","yoast_head_json":{"title":"Chez Fiat, on prend tr\u00e8s mal l\u2019arriv\u00e9e de Ronaldo \u00e0 la Juventus - Blog Autosphere","robots":{"index":"index","follow":"follow","max-snippet":"max-snippet:-1","max-image-preview":"max-image-preview:large","max-video-preview":"max-video-preview:-1"},"canonical":"https:\/\/www.autosphere.fr\/blog\/chez-fiat-on-prend-tres-mal-larrivee-de-ronaldo-a-la-juventus\/","og_locale":"fr_FR","og_type":"article","og_title":"Chez Fiat, on prend tr\u00e8s mal l\u2019arriv\u00e9e de Ronaldo \u00e0 la Juventus - Blog Autosphere","og_description":"Tandis que le peuple fran\u00e7ais nage dans le bonheur d\u2019un deuxi\u00e8me sacre mondial, en Italie certains grincent des dents chez Fiat en voyant d\u00e9barquer Cristiano Ronaldo \u00e0 la Juventus Turin. Quel est le rapport vous d\u00eetes-vous peut-\u00eatre ? On vous explique tout. Du 15 au 17 juillet, un mouvement de gr\u00e8ve perturbe le fonctionnement de [&hellip;]","og_url":"https:\/\/www.autosphere.fr\/blog\/chez-fiat-on-prend-tres-mal-larrivee-de-ronaldo-a-la-juventus\/","og_site_name":"Blog Autosphere","article_publisher":"https:\/\/www.facebook.com\/autosphere","article_published_time":"2018-07-16T11:42:55+00:00","article_modified_time":"2022-11-22T09:16:46+00:00","og_image":[{"width":400,"height":210,"url":"https:\/\/www.autosphere.fr\/blog\/wp-content\/uploads\/2022\/11\/e770cd990b97c9fec6b4437e1562421c.jpg","type":"image\/jpeg"}],"author":"Florent CHEDOZEAU","twitter_card":"summary_large_image","twitter_misc":{"\u00c9crit par":"Florent CHEDOZEAU","Dur\u00e9e de lecture estim\u00e9e":"4 minutes"},"schema":{"@context":"https:\/\/schema.org","@graph":[{"@type":"Article","@id":"https:\/\/www.autosphere.fr\/blog\/chez-fiat-on-prend-tres-mal-larrivee-de-ronaldo-a-la-juventus\/#article","isPartOf":{"@id":"https:\/\/www.autosphere.fr\/blog\/chez-fiat-on-prend-tres-mal-larrivee-de-ronaldo-a-la-juventus\/"},"author":{"name":"Florent CHEDOZEAU","@id":"https:\/\/www.autosphere.fr\/blog\/#\/schema\/person\/157d3ac8c260cc43fa708dbfa8fe558d"},"headline":"Chez Fiat, on prend tr\u00e8s mal l\u2019arriv\u00e9e de Ronaldo \u00e0 la Juventus","datePublished":"2018-07-16T11:42:55+00:00","dateModified":"2022-11-22T09:16:46+00:00","mainEntityOfPage":{"@id":"https:\/\/www.autosphere.fr\/blog\/chez-fiat-on-prend-tres-mal-larrivee-de-ronaldo-a-la-juventus\/"},"wordCount":775,"commentCount":0,"publisher":{"@id":"https:\/\/www.autosphere.fr\/blog\/#organization"},"image":{"@id":"https:\/\/www.autosphere.fr\/blog\/chez-fiat-on-prend-tres-mal-larrivee-de-ronaldo-a-la-juventus\/#primaryimage"},"thumbnailUrl":"https:\/\/www.autosphere.fr\/blog\/wp-content\/uploads\/2022\/11\/e770cd990b97c9fec6b4437e1562421c.jpg","articleSection":["Actualit\u00e9s"],"inLanguage":"fr-FR","potentialAction":[{"@type":"CommentAction","name":"Comment","target":["https:\/\/www.autosphere.fr\/blog\/chez-fiat-on-prend-tres-mal-larrivee-de-ronaldo-a-la-juventus\/#respond"]}]},{"@type":"WebPage","@id":"https:\/\/www.autosphere.fr\/blog\/chez-fiat-on-prend-tres-mal-larrivee-de-ronaldo-a-la-juventus\/","url":"https:\/\/www.autosphere.fr\/blog\/chez-fiat-on-prend-tres-mal-larrivee-de-ronaldo-a-la-juventus\/","name":"Chez Fiat, on prend tr\u00e8s mal l\u2019arriv\u00e9e de Ronaldo \u00e0 la Juventus - Blog Autosphere","isPartOf":{"@id":"https:\/\/www.autosphere.fr\/blog\/#website"},"primaryImageOfPage":{"@id":"https:\/\/www.autosphere.fr\/blog\/chez-fiat-on-prend-tres-mal-larrivee-de-ronaldo-a-la-juventus\/#primaryimage"},"image":{"@id":"https:\/\/www.autosphere.fr\/blog\/chez-fiat-on-prend-tres-mal-larrivee-de-ronaldo-a-la-juventus\/#primaryimage"},"thumbnailUrl":"https:\/\/www.autosphere.fr\/blog\/wp-content\/uploads\/2022\/11\/e770cd990b97c9fec6b4437e1562421c.jpg","datePublished":"2018-07-16T11:42:55+00:00","dateModified":"2022-11-22T09:16:46+00:00","breadcrumb":{"@id":"https:\/\/www.autosphere.fr\/blog\/chez-fiat-on-prend-tres-mal-larrivee-de-ronaldo-a-la-juventus\/#breadcrumb"},"inLanguage":"fr-FR","potentialAction":[{"@type":"ReadAction","target":["https:\/\/www.autosphere.fr\/blog\/chez-fiat-on-prend-tres-mal-larrivee-de-ronaldo-a-la-juventus\/"]}]},{"@type":"ImageObject","inLanguage":"fr-FR","@id":"https:\/\/www.autosphere.fr\/blog\/chez-fiat-on-prend-tres-mal-larrivee-de-ronaldo-a-la-juventus\/#primaryimage","url":"https:\/\/www.autosphere.fr\/blog\/wp-content\/uploads\/2022\/11\/e770cd990b97c9fec6b4437e1562421c.jpg","contentUrl":"https:\/\/www.autosphere.fr\/blog\/wp-content\/uploads\/2022\/11\/e770cd990b97c9fec6b4437e1562421c.jpg","width":400,"height":210},{"@type":"BreadcrumbList","@id":"https:\/\/www.autosphere.fr\/blog\/chez-fiat-on-prend-tres-mal-larrivee-de-ronaldo-a-la-juventus\/#breadcrumb","itemListElement":[{"@type":"ListItem","position":1,"name":"Accueil","item":"https:\/\/www.autosphere.fr\/blog\/"},{"@type":"ListItem","position":2,"name":"Chez Fiat, on prend tr\u00e8s mal l\u2019arriv\u00e9e de Ronaldo \u00e0 la Juventus"}]},{"@type":"WebSite","@id":"https:\/\/www.autosphere.fr\/blog\/#website","url":"https:\/\/www.autosphere.fr\/blog\/","name":"Blog Autosphere","description":"","publisher":{"@id":"https:\/\/www.autosphere.fr\/blog\/#organization"},"potentialAction":[{"@type":"SearchAction","target":{"@type":"EntryPoint","urlTemplate":"https:\/\/www.autosphere.fr\/blog\/?s={search_term_string}"},"query-input":{"@type":"PropertyValueSpecification","valueRequired":true,"valueName":"search_term_string"}}],"inLanguage":"fr-FR"},{"@type":"Organization","@id":"https:\/\/www.autosphere.fr\/blog\/#organization","name":"Blog Autosphere","url":"https:\/\/www.autosphere.fr\/blog\/","logo":{"@type":"ImageObject","inLanguage":"fr-FR","@id":"https:\/\/www.autosphere.fr\/blog\/#\/schema\/logo\/image\/","url":"https:\/\/www.autosphere.fr\/blog\/wp-content\/uploads\/2022\/11\/le-blog-autosphere.png","contentUrl":"https:\/\/www.autosphere.fr\/blog\/wp-content\/uploads\/2022\/11\/le-blog-autosphere.png","width":241,"height":35,"caption":"Blog Autosphere"},"image":{"@id":"https:\/\/www.autosphere.fr\/blog\/#\/schema\/logo\/image\/"},"sameAs":["https:\/\/www.facebook.com\/autosphere","https:\/\/www.instagram.com\/autosphere"]},{"@type":"Person","@id":"https:\/\/www.autosphere.fr\/blog\/#\/schema\/person\/157d3ac8c260cc43fa708dbfa8fe558d","name":"Florent CHEDOZEAU","url":"https:\/\/www.autosphere.fr\/blog\/author\/florent-chedozeau\/"}]}},"_links":{"self":[{"href":"https:\/\/www.autosphere.fr\/blog\/wp-json\/wp\/v2\/posts\/2725","targetHints":{"allow":["GET"]}}],"collection":[{"href":"https:\/\/www.autosphere.fr\/blog\/wp-json\/wp\/v2\/posts"}],"about":[{"href":"https:\/\/www.autosphere.fr\/blog\/wp-json\/wp\/v2\/types\/post"}],"author":[{"embeddable":true,"href":"https:\/\/www.autosphere.fr\/blog\/wp-json\/wp\/v2\/users\/3"}],"replies":[{"embeddable":true,"href":"https:\/\/www.autosphere.fr\/blog\/wp-json\/wp\/v2\/comments?post=2725"}],"version-history":[{"count":1,"href":"https:\/\/www.autosphere.fr\/blog\/wp-json\/wp\/v2\/posts\/2725\/revisions"}],"predecessor-version":[{"id":4006,"href":"https:\/\/www.autosphere.fr\/blog\/wp-json\/wp\/v2\/posts\/2725\/revisions\/4006"}],"wp:featuredmedia":[{"embeddable":true,"href":"https:\/\/www.autosphere.fr\/blog\/wp-json\/wp\/v2\/media\/2726"}],"wp:attachment":[{"href":"https:\/\/www.autosphere.fr\/blog\/wp-json\/wp\/v2\/media?parent=2725"}],"wp:term":[{"taxonomy":"category","embeddable":true,"href":"https:\/\/www.autosphere.fr\/blog\/wp-json\/wp\/v2\/categories?post=2725"},{"taxonomy":"post_tag","embeddable":true,"href":"https:\/\/www.autosphere.fr\/blog\/wp-json\/wp\/v2\/tags?post=2725"},{"taxonomy":"marque","embeddable":true,"href":"https:\/\/www.autosphere.fr\/blog\/wp-json\/wp\/v2\/marque?post=2725"}],"curies":[{"name":"wp","href":"https:\/\/api.w.org\/{rel}","templated":true}]}}