{"id":2747,"date":"2018-08-09T16:58:08","date_gmt":"2018-08-09T14:58:08","guid":{"rendered":"https:\/\/blogautosphere.creatic-agency.fr\/vinfast-un-vietnamien-a-paris\/"},"modified":"2022-11-22T11:16:46","modified_gmt":"2022-11-22T09:16:46","slug":"vinfast-un-vietnamien-a-paris","status":"publish","type":"post","link":"https:\/\/www.autosphere.fr\/blog\/vinfast-un-vietnamien-a-paris\/","title":{"rendered":"VinFast, un Vietnamien \u00e0 Paris."},"content":{"rendered":"<div class=\"custom-post-container\">\n<p style=\"text-align: justify;\">Si les grands constructeurs automobiles boudent les salons automobiles, d\u2019autres plus modestes vont tenter de s\u2019y faire conna\u00eetre. Prenons l\u2019exemple de VinFast, un constructeur vietnamien qui pr\u00e9sentera son SUV et sa berline pour la premi\u00e8re fois \u00e0 l\u2019occasion du Mondial de l\u2019Automobile de Paris (4-14 octobre). On vous fait les pr\u00e9sentations.<\/p>\n<p style=\"text-align: justify;\">Sans un passeport japonais ou sud-cor\u00e9en, un constructeur asiatique a toutes les chances d\u2019\u00e9chouer en Europe, aussi qualitatif soit-il. Demandez \u00e0 <a href=\"https:\/\/www.autosphere.fr\/blog\/media\/actualites\/lreurope-boude-qoros\/5184\/ \">Qoros<\/a> ! Toujours est-il que VinFast croit en ses chances et tiendra un stand au Mondial de l\u2019Automobile de Paris en octobre. Dans un premier temps, le constructeur essaiera de se faire une place sur son march\u00e9 domestique (presque 100 millions d\u2019habitants) avant de d\u00e9barquer chez nous \u00e0 compter de septembre 2019. L\u2019objectif est ambitieux, tr\u00e8s ambitieux : 500 000 voitures \u00e9coul\u00e9es en 2015. Voil\u00e0 qui placerait le constructeur au niveau 2015 de Volvo. C\u2019est dire.<\/p>\n<h2><a href=\"https:\/\/www.admin-social-pga.fr\/comment\/#\"> \t\t\t\t\t\t\t\t\t\t\t \t\t\t\t\t\t\t\t\t\t<\/a>L\u2019avis des futurs clients<\/h2>\n<p><img decoding=\"async\" src=\"https:\/\/www.autosphere.fr\/blog\/wp-content\/uploads\/2022\/11\/5efcfa1e57f497f333771211f89f3d11.jpg\"><\/p>\n<p style=\"text-align: justify;\">\n<p style=\"text-align: justify;\">Comment VinFast compte parvenir \u00e0 ses fins ? En \u00e9coutant ses potentiels clients. En effet, avant de d\u00e9voiler le SUV et la berline qui poseront les bases de la gamme, le constructeur a fait appel \u00e0 ses futurs clients. 62 000 votes ont ainsi d\u00e9partag\u00e9 une vingtaine de concepts en mettant \u00e0 l\u2019honneur les travaux d\u2019Italdesign. Mieux, afin de s\u2019assurer une oreille attentive de la part des Europ\u00e9ens, le d\u00e9veloppement a \u00e9t\u00e9 confi\u00e9 \u00e0 Pininfarina. Pour autant, les voitures ne seront pas fabriqu\u00e9es en Italie mais au Vi\u00eat Nam, sur un site flambant neuf situ\u00e9 \u00e0 Hai Phong. Le projet est financ\u00e9 par Vingroup, un conglom\u00e9rat particuli\u00e8rement important dans le pays. Ce qui apparait certain, c&#8217;est que Vinfast se donne les moyens de r\u00e9ussir. \u00cates-vous pr\u00eats \u00e0 lui donner sa chance ?<\/p>\n<\/div>\n","protected":false},"excerpt":{"rendered":"<p>Si les grands constructeurs automobiles boudent les salons automobiles, d\u2019autres plus modestes vont tenter de s\u2019y faire conna\u00eetre. Prenons l\u2019exemple de VinFast, un constructeur vietnamien qui pr\u00e9sentera son SUV et sa berline pour la premi\u00e8re fois \u00e0 l\u2019occasion du Mondial de l\u2019Automobile de Paris (4-14 octobre). On vous fait les pr\u00e9sentations. Sans un passeport japonais [&hellip;]<\/p>\n","protected":false},"author":3,"featured_media":2748,"comment_status":"open","ping_status":"open","sticky":false,"template":"","format":"standard","meta":{"_acf_changed":false,"footnotes":""},"categories":[2],"tags":[],"marque":[],"class_list":["post-2747","post","type-post","status-publish","format-standard","has-post-thumbnail","hentry","category-actualites"],"acf":[],"yoast_head":"<!-- This site is optimized with the Yoast SEO plugin v27.2 - https:\/\/yoast.com\/product\/yoast-seo-wordpress\/ -->\n<title>VinFast, un Vietnamien \u00e0 Paris. - Blog Autosphere<\/title>\n<meta name=\"robots\" content=\"index, follow, max-snippet:-1, max-image-preview:large, max-video-preview:-1\" \/>\n<link rel=\"canonical\" href=\"https:\/\/www.autosphere.fr\/blog\/vinfast-un-vietnamien-a-paris\/\" \/>\n<meta property=\"og:locale\" content=\"fr_FR\" \/>\n<meta property=\"og:type\" content=\"article\" \/>\n<meta property=\"og:title\" content=\"VinFast, un Vietnamien \u00e0 Paris. - Blog Autosphere\" \/>\n<meta property=\"og:description\" content=\"Si les grands constructeurs automobiles boudent les salons automobiles, d\u2019autres plus modestes vont tenter de s\u2019y faire conna\u00eetre. Prenons l\u2019exemple de VinFast, un constructeur vietnamien qui pr\u00e9sentera son SUV et sa berline pour la premi\u00e8re fois \u00e0 l\u2019occasion du Mondial de l\u2019Automobile de Paris (4-14 octobre). On vous fait les pr\u00e9sentations. Sans un passeport japonais [&hellip;]\" \/>\n<meta property=\"og:url\" content=\"https:\/\/www.autosphere.fr\/blog\/vinfast-un-vietnamien-a-paris\/\" \/>\n<meta property=\"og:site_name\" content=\"Blog Autosphere\" \/>\n<meta property=\"article:publisher\" content=\"https:\/\/www.facebook.com\/autosphere\" \/>\n<meta property=\"article:published_time\" content=\"2018-08-09T14:58:08+00:00\" \/>\n<meta property=\"article:modified_time\" content=\"2022-11-22T09:16:46+00:00\" \/>\n<meta property=\"og:image\" content=\"https:\/\/www.autosphere.fr\/blog\/wp-content\/uploads\/2022\/11\/b103c1e864bb6d5bfdec4bf20b428bd1.jpg\" \/>\n\t<meta property=\"og:image:width\" content=\"400\" \/>\n\t<meta property=\"og:image:height\" content=\"210\" \/>\n\t<meta property=\"og:image:type\" content=\"image\/jpeg\" \/>\n<meta name=\"author\" content=\"Florent CHEDOZEAU\" \/>\n<meta name=\"twitter:card\" content=\"summary_large_image\" \/>\n<meta name=\"twitter:label1\" content=\"\u00c9crit par\" \/>\n\t<meta name=\"twitter:data1\" content=\"Florent CHEDOZEAU\" \/>\n\t<meta name=\"twitter:label2\" content=\"Dur\u00e9e de lecture estim\u00e9e\" \/>\n\t<meta name=\"twitter:data2\" content=\"1 minute\" \/>\n<!-- \/ Yoast SEO plugin. -->","yoast_head_json":{"title":"VinFast, un Vietnamien \u00e0 Paris. - Blog Autosphere","robots":{"index":"index","follow":"follow","max-snippet":"max-snippet:-1","max-image-preview":"max-image-preview:large","max-video-preview":"max-video-preview:-1"},"canonical":"https:\/\/www.autosphere.fr\/blog\/vinfast-un-vietnamien-a-paris\/","og_locale":"fr_FR","og_type":"article","og_title":"VinFast, un Vietnamien \u00e0 Paris. - Blog Autosphere","og_description":"Si les grands constructeurs automobiles boudent les salons automobiles, d\u2019autres plus modestes vont tenter de s\u2019y faire conna\u00eetre. Prenons l\u2019exemple de VinFast, un constructeur vietnamien qui pr\u00e9sentera son SUV et sa berline pour la premi\u00e8re fois \u00e0 l\u2019occasion du Mondial de l\u2019Automobile de Paris (4-14 octobre). On vous fait les pr\u00e9sentations. Sans un passeport japonais [&hellip;]","og_url":"https:\/\/www.autosphere.fr\/blog\/vinfast-un-vietnamien-a-paris\/","og_site_name":"Blog Autosphere","article_publisher":"https:\/\/www.facebook.com\/autosphere","article_published_time":"2018-08-09T14:58:08+00:00","article_modified_time":"2022-11-22T09:16:46+00:00","og_image":[{"width":400,"height":210,"url":"https:\/\/www.autosphere.fr\/blog\/wp-content\/uploads\/2022\/11\/b103c1e864bb6d5bfdec4bf20b428bd1.jpg","type":"image\/jpeg"}],"author":"Florent CHEDOZEAU","twitter_card":"summary_large_image","twitter_misc":{"\u00c9crit par":"Florent CHEDOZEAU","Dur\u00e9e de lecture estim\u00e9e":"1 minute"},"schema":{"@context":"https:\/\/schema.org","@graph":[{"@type":"Article","@id":"https:\/\/www.autosphere.fr\/blog\/vinfast-un-vietnamien-a-paris\/#article","isPartOf":{"@id":"https:\/\/www.autosphere.fr\/blog\/vinfast-un-vietnamien-a-paris\/"},"author":{"name":"Florent CHEDOZEAU","@id":"https:\/\/www.autosphere.fr\/blog\/#\/schema\/person\/157d3ac8c260cc43fa708dbfa8fe558d"},"headline":"VinFast, un Vietnamien \u00e0 Paris.","datePublished":"2018-08-09T14:58:08+00:00","dateModified":"2022-11-22T09:16:46+00:00","mainEntityOfPage":{"@id":"https:\/\/www.autosphere.fr\/blog\/vinfast-un-vietnamien-a-paris\/"},"wordCount":300,"commentCount":0,"publisher":{"@id":"https:\/\/www.autosphere.fr\/blog\/#organization"},"image":{"@id":"https:\/\/www.autosphere.fr\/blog\/vinfast-un-vietnamien-a-paris\/#primaryimage"},"thumbnailUrl":"https:\/\/www.autosphere.fr\/blog\/wp-content\/uploads\/2022\/11\/b103c1e864bb6d5bfdec4bf20b428bd1.jpg","articleSection":["Actualit\u00e9s"],"inLanguage":"fr-FR","potentialAction":[{"@type":"CommentAction","name":"Comment","target":["https:\/\/www.autosphere.fr\/blog\/vinfast-un-vietnamien-a-paris\/#respond"]}]},{"@type":"WebPage","@id":"https:\/\/www.autosphere.fr\/blog\/vinfast-un-vietnamien-a-paris\/","url":"https:\/\/www.autosphere.fr\/blog\/vinfast-un-vietnamien-a-paris\/","name":"VinFast, un Vietnamien \u00e0 Paris. - Blog Autosphere","isPartOf":{"@id":"https:\/\/www.autosphere.fr\/blog\/#website"},"primaryImageOfPage":{"@id":"https:\/\/www.autosphere.fr\/blog\/vinfast-un-vietnamien-a-paris\/#primaryimage"},"image":{"@id":"https:\/\/www.autosphere.fr\/blog\/vinfast-un-vietnamien-a-paris\/#primaryimage"},"thumbnailUrl":"https:\/\/www.autosphere.fr\/blog\/wp-content\/uploads\/2022\/11\/b103c1e864bb6d5bfdec4bf20b428bd1.jpg","datePublished":"2018-08-09T14:58:08+00:00","dateModified":"2022-11-22T09:16:46+00:00","breadcrumb":{"@id":"https:\/\/www.autosphere.fr\/blog\/vinfast-un-vietnamien-a-paris\/#breadcrumb"},"inLanguage":"fr-FR","potentialAction":[{"@type":"ReadAction","target":["https:\/\/www.autosphere.fr\/blog\/vinfast-un-vietnamien-a-paris\/"]}]},{"@type":"ImageObject","inLanguage":"fr-FR","@id":"https:\/\/www.autosphere.fr\/blog\/vinfast-un-vietnamien-a-paris\/#primaryimage","url":"https:\/\/www.autosphere.fr\/blog\/wp-content\/uploads\/2022\/11\/b103c1e864bb6d5bfdec4bf20b428bd1.jpg","contentUrl":"https:\/\/www.autosphere.fr\/blog\/wp-content\/uploads\/2022\/11\/b103c1e864bb6d5bfdec4bf20b428bd1.jpg","width":400,"height":210},{"@type":"BreadcrumbList","@id":"https:\/\/www.autosphere.fr\/blog\/vinfast-un-vietnamien-a-paris\/#breadcrumb","itemListElement":[{"@type":"ListItem","position":1,"name":"Accueil","item":"https:\/\/www.autosphere.fr\/blog\/"},{"@type":"ListItem","position":2,"name":"VinFast, un Vietnamien \u00e0 Paris."}]},{"@type":"WebSite","@id":"https:\/\/www.autosphere.fr\/blog\/#website","url":"https:\/\/www.autosphere.fr\/blog\/","name":"Blog Autosphere","description":"","publisher":{"@id":"https:\/\/www.autosphere.fr\/blog\/#organization"},"potentialAction":[{"@type":"SearchAction","target":{"@type":"EntryPoint","urlTemplate":"https:\/\/www.autosphere.fr\/blog\/?s={search_term_string}"},"query-input":{"@type":"PropertyValueSpecification","valueRequired":true,"valueName":"search_term_string"}}],"inLanguage":"fr-FR"},{"@type":"Organization","@id":"https:\/\/www.autosphere.fr\/blog\/#organization","name":"Blog Autosphere","url":"https:\/\/www.autosphere.fr\/blog\/","logo":{"@type":"ImageObject","inLanguage":"fr-FR","@id":"https:\/\/www.autosphere.fr\/blog\/#\/schema\/logo\/image\/","url":"https:\/\/www.autosphere.fr\/blog\/wp-content\/uploads\/2022\/11\/le-blog-autosphere.png","contentUrl":"https:\/\/www.autosphere.fr\/blog\/wp-content\/uploads\/2022\/11\/le-blog-autosphere.png","width":241,"height":35,"caption":"Blog Autosphere"},"image":{"@id":"https:\/\/www.autosphere.fr\/blog\/#\/schema\/logo\/image\/"},"sameAs":["https:\/\/www.facebook.com\/autosphere","https:\/\/www.instagram.com\/autosphere"]},{"@type":"Person","@id":"https:\/\/www.autosphere.fr\/blog\/#\/schema\/person\/157d3ac8c260cc43fa708dbfa8fe558d","name":"Florent CHEDOZEAU","url":"https:\/\/www.autosphere.fr\/blog\/author\/florent-chedozeau\/"}]}},"_links":{"self":[{"href":"https:\/\/www.autosphere.fr\/blog\/wp-json\/wp\/v2\/posts\/2747","targetHints":{"allow":["GET"]}}],"collection":[{"href":"https:\/\/www.autosphere.fr\/blog\/wp-json\/wp\/v2\/posts"}],"about":[{"href":"https:\/\/www.autosphere.fr\/blog\/wp-json\/wp\/v2\/types\/post"}],"author":[{"embeddable":true,"href":"https:\/\/www.autosphere.fr\/blog\/wp-json\/wp\/v2\/users\/3"}],"replies":[{"embeddable":true,"href":"https:\/\/www.autosphere.fr\/blog\/wp-json\/wp\/v2\/comments?post=2747"}],"version-history":[{"count":1,"href":"https:\/\/www.autosphere.fr\/blog\/wp-json\/wp\/v2\/posts\/2747\/revisions"}],"predecessor-version":[{"id":4015,"href":"https:\/\/www.autosphere.fr\/blog\/wp-json\/wp\/v2\/posts\/2747\/revisions\/4015"}],"wp:featuredmedia":[{"embeddable":true,"href":"https:\/\/www.autosphere.fr\/blog\/wp-json\/wp\/v2\/media\/2748"}],"wp:attachment":[{"href":"https:\/\/www.autosphere.fr\/blog\/wp-json\/wp\/v2\/media?parent=2747"}],"wp:term":[{"taxonomy":"category","embeddable":true,"href":"https:\/\/www.autosphere.fr\/blog\/wp-json\/wp\/v2\/categories?post=2747"},{"taxonomy":"post_tag","embeddable":true,"href":"https:\/\/www.autosphere.fr\/blog\/wp-json\/wp\/v2\/tags?post=2747"},{"taxonomy":"marque","embeddable":true,"href":"https:\/\/www.autosphere.fr\/blog\/wp-json\/wp\/v2\/marque?post=2747"}],"curies":[{"name":"wp","href":"https:\/\/api.w.org\/{rel}","templated":true}]}}