{"id":2878,"date":"2019-01-29T10:23:37","date_gmt":"2019-01-29T08:23:37","guid":{"rendered":"https:\/\/blogautosphere.creatic-agency.fr\/il-a-achete-la-bmw-deva-braun\/"},"modified":"2022-11-22T11:16:50","modified_gmt":"2022-11-22T09:16:50","slug":"il-a-achete-la-bmw-deva-braun","status":"publish","type":"post","link":"https:\/\/www.autosphere.fr\/blog\/il-a-achete-la-bmw-deva-braun\/","title":{"rendered":"Il a achet\u00e9 la BMW d\u2019Eva Braun"},"content":{"rendered":"<div class=\"custom-post-container\">\n<p style=\"text-align: justify;\">Quelle fut la surprise de Jan Indencleef lorsqu\u2019il apprend de la part de BMW qu\u2019il a fait l\u2019acquisition d\u2019une BMW 2.0 d\u00e9tenue par Eva Braun entre 1941 et 1944. <\/p>\n<p style=\"text-align: justify;\">En 2012, Jan Indencleef a fait l\u2019acquisition d\u2019une BMW 2.0 six cylindres aupr\u00e8s d\u2019un garagiste n\u00e9erlandais dont l\u2019entrep\u00f4t avait en partie br\u00fbl\u00e9. \u00c0 la recherche du pedigree de cette auto, ce garagiste belge, collectionneur passionn\u00e9, contacte le bureau classique de BMW. Apr\u00e8s avoir brass\u00e9 leurs archives, les Munichois a tout d\u2019abord demand\u00e9 confirmation du num\u00e9ro de s\u00e9rie avant de surprendre l\u2019homme de 64 ans aujourd\u2019hui en lui annon\u00e7ant que cette voiture fut propri\u00e9t\u00e9 d\u2019Eva Braun au cours de la seconde guerre mondiale. Dans le journal belge La Libre, l\u2019int\u00e9ress\u00e9 fait part de sa r\u00e9action : \u00ab <em>J\u2019ai pens\u00e9 \u00e0 l\u2019histoire de cette voiture. Croyez-moi, cela ne m\u2019a pas fait du tout plaisir <\/em>\u00bb. <\/p>\n<h2>Une voiture \u00ab ex de \u00bb comme une autre ?<\/h2>\n<p style=\"text-align: justify;\">Si l\u2019historique de cette BMW n\u2019est pas clair entre 1948 et l\u2019acquisition par le pr\u00e9c\u00e9dent collectionneur n\u00e9erlandais, le constructeur allemand est formel. Il s\u2019agit bien d\u2019une BMW ex Eva Braun, la pas si na\u00efve maitresse d\u2019Adolf Hitler. Depuis 2013, Jan Indencleef cherche \u00e0 vendre cette voiture. Pour deux raisons principales. La premi\u00e8re est administrative, le collectionneur est en prise avec la justice belge eu \u00e9gard \u00e0 diverses infractions sur la gestion d\u2019une collection de 150 \u00e0 160 voitures. La seconde est que cette BMW 2,0l six cylindres demande un investissement cons\u00e9quent pour \u00eatre remise en l\u2019\u00e9tat. Jan Indencleef l\u2019assure, \u00ab<em> il y a quatre ans, une BMW identique, mais en bon \u00e9tat, a \u00e9t\u00e9 vendue 175 000 euros. La mienne, il y aura du boulot mais la restaurer est possible. J\u2019en demande 22 000 euros <\/em>\u00bb. Selon BMW, seules 464 BMW 328 ont vu le jour en 1937 et 1941. Le mod\u00e8le ci-dessous, carross\u00e9 par Autenrieth, a \u00e9t\u00e9 adjug\u00e9 500 640 dollars en f\u00e9vrier 2018 lors de la <a href=\"https:\/\/www.artcurial.com\/sites\/default\/files\/styles\/840_width\/public\/lots-images\/2018-01-11-12\/3279_10625279_1.jpg?itok=8M-Sy2qM\" target=\"_blank\" rel=\"noopener\">vente Artcurial<\/a> en marge de R\u00e9tromobile.<\/p>\n<p style=\"text-align: justify;\">\n<p><img decoding=\"async\" src=\"https:\/\/www.autosphere.fr\/blog\/wp-content\/uploads\/2022\/11\/6fd5bfb67bbf475d46fa8ae3e7b5b64d.jpg\"><\/p>\n<p style=\"text-align: justify;\">\n<p style=\"text-align: justify;\">\n<p style=\"text-align: justify;\">Reste \u00e0 savoir qui peut bien \u00eatre int\u00e9ress\u00e9 par un tel v\u00e9hicule. Si l\u2019on comprend la passion de certains collectionneurs pour acheter \u00e0 prix d\u2019or des v\u00e9hicules ayant appartenu \u00e0 des c\u00e9l\u00e9brit\u00e9s comme <a href=\"https:\/\/www.autosphere.fr\/blog\/media\/actualites\/acheter-la-jaguar-de-coluche-pour-la-bonne-cause-\/14048\/\">la Jaguar de Coluche<\/a>, <a href=\"https:\/\/www.autosphere.fr\/blog\/media\/buzz-et-insolite\/combien-pour-la-ford-escort-de-jean-paul-ii-\/13818\/\">la Ford de Jean-Paul II<\/a>, <a href=\"https:\/\/www.autosphere.fr\/blog\/media\/buzz-et-insolite\/envie-de-lraudi-cabriolet-de-lady-di-\/10823\/\">l&#8217;Audi de Lady Di<\/a> ou m\u00eame <a href=\"https:\/\/www.autosphere.fr\/blog\/media\/buzz-et-insolite\/envie-de-la-volvo-derich-honecker-\/10807\/\">la Volvo d&#8217;Erich Honecker<\/a>. Constatons-le aussi, il y a une fascination certaine pour les voitures de dictateurs. Une fascination pour le troisi\u00e8me reich aussi.<\/p>\n<p style=\"text-align: justify;\">Source : <a href=\"https:\/\/www.lalibre.be\/actu\/belgique\/l-incroyable-histoire-d-un-garagiste-belge-il-vend-la-bmw-1938-d-eva-braun-la-maitresse-d-adolf-hitler-5c4ecbd3d8ad5878f03d4d0b\" target=\"_blank\" rel=\"noopener\">LaLibre.be<\/a>, illustrations : Getty et Artcurial.<\/p>\n<\/div>\n","protected":false},"excerpt":{"rendered":"<p>Quelle fut la surprise de Jan Indencleef lorsqu\u2019il apprend de la part de BMW qu\u2019il a fait l\u2019acquisition d\u2019une BMW 2.0 d\u00e9tenue par Eva Braun entre 1941 et 1944. En 2012, Jan Indencleef a fait l\u2019acquisition d\u2019une BMW 2.0 six cylindres aupr\u00e8s d\u2019un garagiste n\u00e9erlandais dont l\u2019entrep\u00f4t avait en partie br\u00fbl\u00e9. \u00c0 la recherche du [&hellip;]<\/p>\n","protected":false},"author":3,"featured_media":2879,"comment_status":"open","ping_status":"open","sticky":false,"template":"","format":"standard","meta":{"_acf_changed":false,"footnotes":""},"categories":[2],"tags":[],"marque":[50],"class_list":["post-2878","post","type-post","status-publish","format-standard","has-post-thumbnail","hentry","category-actualites","marque-bmw"],"acf":[],"yoast_head":"<!-- This site is optimized with the Yoast SEO plugin v27.2 - https:\/\/yoast.com\/product\/yoast-seo-wordpress\/ -->\n<title>Il a achet\u00e9 la BMW d\u2019Eva Braun - Blog Autosphere<\/title>\n<meta name=\"robots\" content=\"index, follow, max-snippet:-1, max-image-preview:large, max-video-preview:-1\" \/>\n<link rel=\"canonical\" href=\"https:\/\/www.autosphere.fr\/blog\/il-a-achete-la-bmw-deva-braun\/\" \/>\n<meta property=\"og:locale\" content=\"fr_FR\" \/>\n<meta property=\"og:type\" content=\"article\" \/>\n<meta property=\"og:title\" content=\"Il a achet\u00e9 la BMW d\u2019Eva Braun - Blog Autosphere\" \/>\n<meta property=\"og:description\" content=\"Quelle fut la surprise de Jan Indencleef lorsqu\u2019il apprend de la part de BMW qu\u2019il a fait l\u2019acquisition d\u2019une BMW 2.0 d\u00e9tenue par Eva Braun entre 1941 et 1944. En 2012, Jan Indencleef a fait l\u2019acquisition d\u2019une BMW 2.0 six cylindres aupr\u00e8s d\u2019un garagiste n\u00e9erlandais dont l\u2019entrep\u00f4t avait en partie br\u00fbl\u00e9. \u00c0 la recherche du [&hellip;]\" \/>\n<meta property=\"og:url\" content=\"https:\/\/www.autosphere.fr\/blog\/il-a-achete-la-bmw-deva-braun\/\" \/>\n<meta property=\"og:site_name\" content=\"Blog Autosphere\" \/>\n<meta property=\"article:publisher\" content=\"https:\/\/www.facebook.com\/autosphere\" \/>\n<meta property=\"article:published_time\" content=\"2019-01-29T08:23:37+00:00\" \/>\n<meta property=\"article:modified_time\" content=\"2022-11-22T09:16:50+00:00\" \/>\n<meta property=\"og:image\" content=\"https:\/\/www.autosphere.fr\/blog\/wp-content\/uploads\/2022\/11\/f4e37d6cb7b372c1bdc17cc30d09a0af.jpg\" \/>\n\t<meta property=\"og:image:width\" content=\"400\" \/>\n\t<meta property=\"og:image:height\" content=\"210\" \/>\n\t<meta property=\"og:image:type\" content=\"image\/jpeg\" \/>\n<meta name=\"author\" content=\"Florent CHEDOZEAU\" \/>\n<meta name=\"twitter:card\" content=\"summary_large_image\" \/>\n<meta name=\"twitter:label1\" content=\"\u00c9crit par\" \/>\n\t<meta name=\"twitter:data1\" content=\"Florent CHEDOZEAU\" \/>\n\t<meta name=\"twitter:label2\" content=\"Dur\u00e9e de lecture estim\u00e9e\" \/>\n\t<meta name=\"twitter:data2\" content=\"2 minutes\" \/>\n<!-- \/ Yoast SEO plugin. -->","yoast_head_json":{"title":"Il a achet\u00e9 la BMW d\u2019Eva Braun - Blog Autosphere","robots":{"index":"index","follow":"follow","max-snippet":"max-snippet:-1","max-image-preview":"max-image-preview:large","max-video-preview":"max-video-preview:-1"},"canonical":"https:\/\/www.autosphere.fr\/blog\/il-a-achete-la-bmw-deva-braun\/","og_locale":"fr_FR","og_type":"article","og_title":"Il a achet\u00e9 la BMW d\u2019Eva Braun - Blog Autosphere","og_description":"Quelle fut la surprise de Jan Indencleef lorsqu\u2019il apprend de la part de BMW qu\u2019il a fait l\u2019acquisition d\u2019une BMW 2.0 d\u00e9tenue par Eva Braun entre 1941 et 1944. En 2012, Jan Indencleef a fait l\u2019acquisition d\u2019une BMW 2.0 six cylindres aupr\u00e8s d\u2019un garagiste n\u00e9erlandais dont l\u2019entrep\u00f4t avait en partie br\u00fbl\u00e9. \u00c0 la recherche du [&hellip;]","og_url":"https:\/\/www.autosphere.fr\/blog\/il-a-achete-la-bmw-deva-braun\/","og_site_name":"Blog Autosphere","article_publisher":"https:\/\/www.facebook.com\/autosphere","article_published_time":"2019-01-29T08:23:37+00:00","article_modified_time":"2022-11-22T09:16:50+00:00","og_image":[{"width":400,"height":210,"url":"https:\/\/www.autosphere.fr\/blog\/wp-content\/uploads\/2022\/11\/f4e37d6cb7b372c1bdc17cc30d09a0af.jpg","type":"image\/jpeg"}],"author":"Florent CHEDOZEAU","twitter_card":"summary_large_image","twitter_misc":{"\u00c9crit par":"Florent CHEDOZEAU","Dur\u00e9e de lecture estim\u00e9e":"2 minutes"},"schema":{"@context":"https:\/\/schema.org","@graph":[{"@type":"Article","@id":"https:\/\/www.autosphere.fr\/blog\/il-a-achete-la-bmw-deva-braun\/#article","isPartOf":{"@id":"https:\/\/www.autosphere.fr\/blog\/il-a-achete-la-bmw-deva-braun\/"},"author":{"name":"Florent CHEDOZEAU","@id":"https:\/\/www.autosphere.fr\/blog\/#\/schema\/person\/157d3ac8c260cc43fa708dbfa8fe558d"},"headline":"Il a achet\u00e9 la BMW d\u2019Eva Braun","datePublished":"2019-01-29T08:23:37+00:00","dateModified":"2022-11-22T09:16:50+00:00","mainEntityOfPage":{"@id":"https:\/\/www.autosphere.fr\/blog\/il-a-achete-la-bmw-deva-braun\/"},"wordCount":435,"commentCount":0,"publisher":{"@id":"https:\/\/www.autosphere.fr\/blog\/#organization"},"image":{"@id":"https:\/\/www.autosphere.fr\/blog\/il-a-achete-la-bmw-deva-braun\/#primaryimage"},"thumbnailUrl":"https:\/\/www.autosphere.fr\/blog\/wp-content\/uploads\/2022\/11\/f4e37d6cb7b372c1bdc17cc30d09a0af.jpg","articleSection":["Actualit\u00e9s"],"inLanguage":"fr-FR","potentialAction":[{"@type":"CommentAction","name":"Comment","target":["https:\/\/www.autosphere.fr\/blog\/il-a-achete-la-bmw-deva-braun\/#respond"]}]},{"@type":"WebPage","@id":"https:\/\/www.autosphere.fr\/blog\/il-a-achete-la-bmw-deva-braun\/","url":"https:\/\/www.autosphere.fr\/blog\/il-a-achete-la-bmw-deva-braun\/","name":"Il a achet\u00e9 la BMW d\u2019Eva Braun - Blog Autosphere","isPartOf":{"@id":"https:\/\/www.autosphere.fr\/blog\/#website"},"primaryImageOfPage":{"@id":"https:\/\/www.autosphere.fr\/blog\/il-a-achete-la-bmw-deva-braun\/#primaryimage"},"image":{"@id":"https:\/\/www.autosphere.fr\/blog\/il-a-achete-la-bmw-deva-braun\/#primaryimage"},"thumbnailUrl":"https:\/\/www.autosphere.fr\/blog\/wp-content\/uploads\/2022\/11\/f4e37d6cb7b372c1bdc17cc30d09a0af.jpg","datePublished":"2019-01-29T08:23:37+00:00","dateModified":"2022-11-22T09:16:50+00:00","breadcrumb":{"@id":"https:\/\/www.autosphere.fr\/blog\/il-a-achete-la-bmw-deva-braun\/#breadcrumb"},"inLanguage":"fr-FR","potentialAction":[{"@type":"ReadAction","target":["https:\/\/www.autosphere.fr\/blog\/il-a-achete-la-bmw-deva-braun\/"]}]},{"@type":"ImageObject","inLanguage":"fr-FR","@id":"https:\/\/www.autosphere.fr\/blog\/il-a-achete-la-bmw-deva-braun\/#primaryimage","url":"https:\/\/www.autosphere.fr\/blog\/wp-content\/uploads\/2022\/11\/f4e37d6cb7b372c1bdc17cc30d09a0af.jpg","contentUrl":"https:\/\/www.autosphere.fr\/blog\/wp-content\/uploads\/2022\/11\/f4e37d6cb7b372c1bdc17cc30d09a0af.jpg","width":400,"height":210},{"@type":"BreadcrumbList","@id":"https:\/\/www.autosphere.fr\/blog\/il-a-achete-la-bmw-deva-braun\/#breadcrumb","itemListElement":[{"@type":"ListItem","position":1,"name":"Accueil","item":"https:\/\/www.autosphere.fr\/blog\/"},{"@type":"ListItem","position":2,"name":"Il a achet\u00e9 la BMW d\u2019Eva Braun"}]},{"@type":"WebSite","@id":"https:\/\/www.autosphere.fr\/blog\/#website","url":"https:\/\/www.autosphere.fr\/blog\/","name":"Blog Autosphere","description":"","publisher":{"@id":"https:\/\/www.autosphere.fr\/blog\/#organization"},"potentialAction":[{"@type":"SearchAction","target":{"@type":"EntryPoint","urlTemplate":"https:\/\/www.autosphere.fr\/blog\/?s={search_term_string}"},"query-input":{"@type":"PropertyValueSpecification","valueRequired":true,"valueName":"search_term_string"}}],"inLanguage":"fr-FR"},{"@type":"Organization","@id":"https:\/\/www.autosphere.fr\/blog\/#organization","name":"Blog Autosphere","url":"https:\/\/www.autosphere.fr\/blog\/","logo":{"@type":"ImageObject","inLanguage":"fr-FR","@id":"https:\/\/www.autosphere.fr\/blog\/#\/schema\/logo\/image\/","url":"https:\/\/www.autosphere.fr\/blog\/wp-content\/uploads\/2022\/11\/le-blog-autosphere.png","contentUrl":"https:\/\/www.autosphere.fr\/blog\/wp-content\/uploads\/2022\/11\/le-blog-autosphere.png","width":241,"height":35,"caption":"Blog Autosphere"},"image":{"@id":"https:\/\/www.autosphere.fr\/blog\/#\/schema\/logo\/image\/"},"sameAs":["https:\/\/www.facebook.com\/autosphere","https:\/\/www.instagram.com\/autosphere"]},{"@type":"Person","@id":"https:\/\/www.autosphere.fr\/blog\/#\/schema\/person\/157d3ac8c260cc43fa708dbfa8fe558d","name":"Florent CHEDOZEAU","url":"https:\/\/www.autosphere.fr\/blog\/author\/florent-chedozeau\/"}]}},"_links":{"self":[{"href":"https:\/\/www.autosphere.fr\/blog\/wp-json\/wp\/v2\/posts\/2878","targetHints":{"allow":["GET"]}}],"collection":[{"href":"https:\/\/www.autosphere.fr\/blog\/wp-json\/wp\/v2\/posts"}],"about":[{"href":"https:\/\/www.autosphere.fr\/blog\/wp-json\/wp\/v2\/types\/post"}],"author":[{"embeddable":true,"href":"https:\/\/www.autosphere.fr\/blog\/wp-json\/wp\/v2\/users\/3"}],"replies":[{"embeddable":true,"href":"https:\/\/www.autosphere.fr\/blog\/wp-json\/wp\/v2\/comments?post=2878"}],"version-history":[{"count":2,"href":"https:\/\/www.autosphere.fr\/blog\/wp-json\/wp\/v2\/posts\/2878\/revisions"}],"predecessor-version":[{"id":4052,"href":"https:\/\/www.autosphere.fr\/blog\/wp-json\/wp\/v2\/posts\/2878\/revisions\/4052"}],"wp:featuredmedia":[{"embeddable":true,"href":"https:\/\/www.autosphere.fr\/blog\/wp-json\/wp\/v2\/media\/2879"}],"wp:attachment":[{"href":"https:\/\/www.autosphere.fr\/blog\/wp-json\/wp\/v2\/media?parent=2878"}],"wp:term":[{"taxonomy":"category","embeddable":true,"href":"https:\/\/www.autosphere.fr\/blog\/wp-json\/wp\/v2\/categories?post=2878"},{"taxonomy":"post_tag","embeddable":true,"href":"https:\/\/www.autosphere.fr\/blog\/wp-json\/wp\/v2\/tags?post=2878"},{"taxonomy":"marque","embeddable":true,"href":"https:\/\/www.autosphere.fr\/blog\/wp-json\/wp\/v2\/marque?post=2878"}],"curies":[{"name":"wp","href":"https:\/\/api.w.org\/{rel}","templated":true}]}}