{"id":2890,"date":"2019-02-18T09:28:55","date_gmt":"2019-02-18T07:28:55","guid":{"rendered":"https:\/\/blogautosphere.creatic-agency.fr\/le-concept-peugeot-e-legend-sans-suite\/"},"modified":"2022-11-22T11:16:50","modified_gmt":"2022-11-22T09:16:50","slug":"le-concept-peugeot-e-legend-sans-suite","status":"publish","type":"post","link":"https:\/\/www.autosphere.fr\/blog\/le-concept-peugeot-e-legend-sans-suite\/","title":{"rendered":"Le concept Peugeot e-Legend sans suite"},"content":{"rendered":"<div class=\"custom-post-container\">\n<p style=\"text-align: justify;\">Pr\u00e9sent\u00e9 \u00e0 l\u2019occasion du Paris Motor Show l\u2019automne dernier, le concept Peugeot \u00e9lectrique et autonome e-Legend n\u2019entrera pas en production. Une surprise ? Pas vraiment.<\/p>\n<p style=\"text-align: justify;\">En octobre dernier, Peugeot \u00e9merveillait le Paris Motor Show avec le <a href=\"https:\/\/www.autosphere.fr\/blog\/media\/actualites\/e-legend-concept-la-surprise-de-peugeot-pour-le-mondial\/13955\/\">concept e-Legend<\/a>. \u00c9lectrique et autonome, le concept rendait malicieusement hommage \u00e0 la 504 coup\u00e9 dans un style r\u00e9tro maitris\u00e9 \u00e0 la perfection tout en propulsant le passionn\u00e9 d\u2019automobiles dans le futur avec 462 chevaux offerts par les deux moteurs \u00e9lectriques. Depuis, le concept a fait la tourn\u00e9e des \u00e9v\u00e8nements de la marque, fut mis en avant dans une publicit\u00e9 institutionnelle de la marque avant de faire son retour \u00e0 Paris Expo pour le salon R\u00e9tromobile. Pour ainsi dire, le concept futuriste de Peugeot est pass\u00e9 \u00e0 la post\u00e9rit\u00e9. Au Mondial, le concept \u00e9tait inaccessible. S\u2019il n\u2019\u00e9tait toujours pas question d\u2019y toucher, son exposition \u00e0 R\u00e9tromobile se voulait bien plus banal. De l\u00e0 \u00e0 penser que le concept se conjugue au pass\u00e9, il n\u2019y qu\u2019un pas.<\/p>\n<h2>\u00c9chec de la p\u00e9tition<\/h2>\n<p><img decoding=\"async\" src=\"https:\/\/www.autosphere.fr\/blog\/wp-content\/uploads\/2022\/11\/d66c0fe27d9a9ef0642b44f8f02d1605.jpg\"><\/p>\n<p style=\"text-align: justify;\">\n<p style=\"text-align: justify;\">Une p\u00e9tition pour un passage \u00e0 la production fut lanc\u00e9e \u00e0 l\u2019initiative d\u2019Autonews dans la foul\u00e9e du Mondial. Son objectif, ambitieux, fut de rassembler 500 000 signatures. De quoi laisser entendre un d\u00e9lai de r\u00e9flexion de l\u2019aveu m\u00eame de Jean-Philippe Imparato (DG de la marque au Lion). Sauf qu\u2019\u00e0 ce jour, la p\u00e9tition n\u2019a enregistr\u00e9 que 57 000 signatures. Ainsi le couperet est tomb\u00e9 et Jean-Philippe Imparato de confirmer aupr\u00e8s d\u2019<a href=\"https:\/\/www.autocar.co.uk\/car-news\/confidential\/autocar-confidential-no-9-series-bmw-land-rover-eyes-urban-market-and-more\" target=\"_blank\" rel=\"noopener\">Auto-Car<\/a> que la e-Legend ne passera pas \u00e0 la production en s\u00e9rie. M\u00eame s\u2019il aurait aim\u00e9 que cela se fasse, la justification est avant tout \u00e9conomique : <em>\u00ab le coup\u00e9 co\u00fbterait la somme de 250 millions de dollars<\/em> \u00bb, une somme qu\u2019il n\u2019est pas possible <em>\u00ab d\u2019allouer \u00e0 ce segment, \u00e0 ce stade <\/em>\u00bb. La Peugeot e-Legend va donc prochainement \u00eatre remis\u00e9e au rang d\u2019archive, comme tant d\u2019autres concept-cars. <\/p>\n<\/div>\n","protected":false},"excerpt":{"rendered":"<p>Pr\u00e9sent\u00e9 \u00e0 l\u2019occasion du Paris Motor Show l\u2019automne dernier, le concept Peugeot \u00e9lectrique et autonome e-Legend n\u2019entrera pas en production. Une surprise ? Pas vraiment. En octobre dernier, Peugeot \u00e9merveillait le Paris Motor Show avec le concept e-Legend. \u00c9lectrique et autonome, le concept rendait malicieusement hommage \u00e0 la 504 coup\u00e9 dans un style r\u00e9tro maitris\u00e9 [&hellip;]<\/p>\n","protected":false},"author":3,"featured_media":2891,"comment_status":"open","ping_status":"open","sticky":false,"template":"","format":"standard","meta":{"_acf_changed":false,"footnotes":""},"categories":[2],"tags":[],"marque":[54],"class_list":["post-2890","post","type-post","status-publish","format-standard","has-post-thumbnail","hentry","category-actualites","marque-peugeot"],"acf":[],"yoast_head":"<!-- This site is optimized with the Yoast SEO plugin v27.2 - https:\/\/yoast.com\/product\/yoast-seo-wordpress\/ -->\n<title>Le concept Peugeot e-Legend sans suite - Blog Autosphere<\/title>\n<meta name=\"robots\" content=\"index, follow, max-snippet:-1, max-image-preview:large, max-video-preview:-1\" \/>\n<link rel=\"canonical\" href=\"https:\/\/www.autosphere.fr\/blog\/le-concept-peugeot-e-legend-sans-suite\/\" \/>\n<meta property=\"og:locale\" content=\"fr_FR\" \/>\n<meta property=\"og:type\" content=\"article\" \/>\n<meta property=\"og:title\" content=\"Le concept Peugeot e-Legend sans suite - Blog Autosphere\" \/>\n<meta property=\"og:description\" content=\"Pr\u00e9sent\u00e9 \u00e0 l\u2019occasion du Paris Motor Show l\u2019automne dernier, le concept Peugeot \u00e9lectrique et autonome e-Legend n\u2019entrera pas en production. Une surprise ? Pas vraiment. En octobre dernier, Peugeot \u00e9merveillait le Paris Motor Show avec le concept e-Legend. \u00c9lectrique et autonome, le concept rendait malicieusement hommage \u00e0 la 504 coup\u00e9 dans un style r\u00e9tro maitris\u00e9 [&hellip;]\" \/>\n<meta property=\"og:url\" content=\"https:\/\/www.autosphere.fr\/blog\/le-concept-peugeot-e-legend-sans-suite\/\" \/>\n<meta property=\"og:site_name\" content=\"Blog Autosphere\" \/>\n<meta property=\"article:publisher\" content=\"https:\/\/www.facebook.com\/autosphere\" \/>\n<meta property=\"article:published_time\" content=\"2019-02-18T07:28:55+00:00\" \/>\n<meta property=\"article:modified_time\" content=\"2022-11-22T09:16:50+00:00\" \/>\n<meta property=\"og:image\" content=\"https:\/\/www.autosphere.fr\/blog\/wp-content\/uploads\/2022\/11\/7026b62633b30d66753484e1b6ce3193.jpg\" \/>\n\t<meta property=\"og:image:width\" content=\"400\" \/>\n\t<meta property=\"og:image:height\" content=\"210\" \/>\n\t<meta property=\"og:image:type\" content=\"image\/jpeg\" \/>\n<meta name=\"author\" content=\"Florent CHEDOZEAU\" \/>\n<meta name=\"twitter:card\" content=\"summary_large_image\" \/>\n<meta name=\"twitter:label1\" content=\"\u00c9crit par\" \/>\n\t<meta name=\"twitter:data1\" content=\"Florent CHEDOZEAU\" \/>\n\t<meta name=\"twitter:label2\" content=\"Dur\u00e9e de lecture estim\u00e9e\" \/>\n\t<meta name=\"twitter:data2\" content=\"2 minutes\" \/>\n<!-- \/ Yoast SEO plugin. -->","yoast_head_json":{"title":"Le concept Peugeot e-Legend sans suite - Blog Autosphere","robots":{"index":"index","follow":"follow","max-snippet":"max-snippet:-1","max-image-preview":"max-image-preview:large","max-video-preview":"max-video-preview:-1"},"canonical":"https:\/\/www.autosphere.fr\/blog\/le-concept-peugeot-e-legend-sans-suite\/","og_locale":"fr_FR","og_type":"article","og_title":"Le concept Peugeot e-Legend sans suite - Blog Autosphere","og_description":"Pr\u00e9sent\u00e9 \u00e0 l\u2019occasion du Paris Motor Show l\u2019automne dernier, le concept Peugeot \u00e9lectrique et autonome e-Legend n\u2019entrera pas en production. Une surprise ? Pas vraiment. En octobre dernier, Peugeot \u00e9merveillait le Paris Motor Show avec le concept e-Legend. \u00c9lectrique et autonome, le concept rendait malicieusement hommage \u00e0 la 504 coup\u00e9 dans un style r\u00e9tro maitris\u00e9 [&hellip;]","og_url":"https:\/\/www.autosphere.fr\/blog\/le-concept-peugeot-e-legend-sans-suite\/","og_site_name":"Blog Autosphere","article_publisher":"https:\/\/www.facebook.com\/autosphere","article_published_time":"2019-02-18T07:28:55+00:00","article_modified_time":"2022-11-22T09:16:50+00:00","og_image":[{"width":400,"height":210,"url":"https:\/\/www.autosphere.fr\/blog\/wp-content\/uploads\/2022\/11\/7026b62633b30d66753484e1b6ce3193.jpg","type":"image\/jpeg"}],"author":"Florent CHEDOZEAU","twitter_card":"summary_large_image","twitter_misc":{"\u00c9crit par":"Florent CHEDOZEAU","Dur\u00e9e de lecture estim\u00e9e":"2 minutes"},"schema":{"@context":"https:\/\/schema.org","@graph":[{"@type":"Article","@id":"https:\/\/www.autosphere.fr\/blog\/le-concept-peugeot-e-legend-sans-suite\/#article","isPartOf":{"@id":"https:\/\/www.autosphere.fr\/blog\/le-concept-peugeot-e-legend-sans-suite\/"},"author":{"name":"Florent CHEDOZEAU","@id":"https:\/\/www.autosphere.fr\/blog\/#\/schema\/person\/157d3ac8c260cc43fa708dbfa8fe558d"},"headline":"Le concept Peugeot e-Legend sans suite","datePublished":"2019-02-18T07:28:55+00:00","dateModified":"2022-11-22T09:16:50+00:00","mainEntityOfPage":{"@id":"https:\/\/www.autosphere.fr\/blog\/le-concept-peugeot-e-legend-sans-suite\/"},"wordCount":325,"commentCount":0,"publisher":{"@id":"https:\/\/www.autosphere.fr\/blog\/#organization"},"image":{"@id":"https:\/\/www.autosphere.fr\/blog\/le-concept-peugeot-e-legend-sans-suite\/#primaryimage"},"thumbnailUrl":"https:\/\/www.autosphere.fr\/blog\/wp-content\/uploads\/2022\/11\/7026b62633b30d66753484e1b6ce3193.jpg","articleSection":["Actualit\u00e9s"],"inLanguage":"fr-FR","potentialAction":[{"@type":"CommentAction","name":"Comment","target":["https:\/\/www.autosphere.fr\/blog\/le-concept-peugeot-e-legend-sans-suite\/#respond"]}]},{"@type":"WebPage","@id":"https:\/\/www.autosphere.fr\/blog\/le-concept-peugeot-e-legend-sans-suite\/","url":"https:\/\/www.autosphere.fr\/blog\/le-concept-peugeot-e-legend-sans-suite\/","name":"Le concept Peugeot e-Legend sans suite - Blog Autosphere","isPartOf":{"@id":"https:\/\/www.autosphere.fr\/blog\/#website"},"primaryImageOfPage":{"@id":"https:\/\/www.autosphere.fr\/blog\/le-concept-peugeot-e-legend-sans-suite\/#primaryimage"},"image":{"@id":"https:\/\/www.autosphere.fr\/blog\/le-concept-peugeot-e-legend-sans-suite\/#primaryimage"},"thumbnailUrl":"https:\/\/www.autosphere.fr\/blog\/wp-content\/uploads\/2022\/11\/7026b62633b30d66753484e1b6ce3193.jpg","datePublished":"2019-02-18T07:28:55+00:00","dateModified":"2022-11-22T09:16:50+00:00","breadcrumb":{"@id":"https:\/\/www.autosphere.fr\/blog\/le-concept-peugeot-e-legend-sans-suite\/#breadcrumb"},"inLanguage":"fr-FR","potentialAction":[{"@type":"ReadAction","target":["https:\/\/www.autosphere.fr\/blog\/le-concept-peugeot-e-legend-sans-suite\/"]}]},{"@type":"ImageObject","inLanguage":"fr-FR","@id":"https:\/\/www.autosphere.fr\/blog\/le-concept-peugeot-e-legend-sans-suite\/#primaryimage","url":"https:\/\/www.autosphere.fr\/blog\/wp-content\/uploads\/2022\/11\/7026b62633b30d66753484e1b6ce3193.jpg","contentUrl":"https:\/\/www.autosphere.fr\/blog\/wp-content\/uploads\/2022\/11\/7026b62633b30d66753484e1b6ce3193.jpg","width":400,"height":210},{"@type":"BreadcrumbList","@id":"https:\/\/www.autosphere.fr\/blog\/le-concept-peugeot-e-legend-sans-suite\/#breadcrumb","itemListElement":[{"@type":"ListItem","position":1,"name":"Accueil","item":"https:\/\/www.autosphere.fr\/blog\/"},{"@type":"ListItem","position":2,"name":"Le concept Peugeot e-Legend sans suite"}]},{"@type":"WebSite","@id":"https:\/\/www.autosphere.fr\/blog\/#website","url":"https:\/\/www.autosphere.fr\/blog\/","name":"Blog Autosphere","description":"","publisher":{"@id":"https:\/\/www.autosphere.fr\/blog\/#organization"},"potentialAction":[{"@type":"SearchAction","target":{"@type":"EntryPoint","urlTemplate":"https:\/\/www.autosphere.fr\/blog\/?s={search_term_string}"},"query-input":{"@type":"PropertyValueSpecification","valueRequired":true,"valueName":"search_term_string"}}],"inLanguage":"fr-FR"},{"@type":"Organization","@id":"https:\/\/www.autosphere.fr\/blog\/#organization","name":"Blog Autosphere","url":"https:\/\/www.autosphere.fr\/blog\/","logo":{"@type":"ImageObject","inLanguage":"fr-FR","@id":"https:\/\/www.autosphere.fr\/blog\/#\/schema\/logo\/image\/","url":"https:\/\/www.autosphere.fr\/blog\/wp-content\/uploads\/2022\/11\/le-blog-autosphere.png","contentUrl":"https:\/\/www.autosphere.fr\/blog\/wp-content\/uploads\/2022\/11\/le-blog-autosphere.png","width":241,"height":35,"caption":"Blog Autosphere"},"image":{"@id":"https:\/\/www.autosphere.fr\/blog\/#\/schema\/logo\/image\/"},"sameAs":["https:\/\/www.facebook.com\/autosphere","https:\/\/www.instagram.com\/autosphere"]},{"@type":"Person","@id":"https:\/\/www.autosphere.fr\/blog\/#\/schema\/person\/157d3ac8c260cc43fa708dbfa8fe558d","name":"Florent CHEDOZEAU","url":"https:\/\/www.autosphere.fr\/blog\/author\/florent-chedozeau\/"}]}},"_links":{"self":[{"href":"https:\/\/www.autosphere.fr\/blog\/wp-json\/wp\/v2\/posts\/2890","targetHints":{"allow":["GET"]}}],"collection":[{"href":"https:\/\/www.autosphere.fr\/blog\/wp-json\/wp\/v2\/posts"}],"about":[{"href":"https:\/\/www.autosphere.fr\/blog\/wp-json\/wp\/v2\/types\/post"}],"author":[{"embeddable":true,"href":"https:\/\/www.autosphere.fr\/blog\/wp-json\/wp\/v2\/users\/3"}],"replies":[{"embeddable":true,"href":"https:\/\/www.autosphere.fr\/blog\/wp-json\/wp\/v2\/comments?post=2890"}],"version-history":[{"count":1,"href":"https:\/\/www.autosphere.fr\/blog\/wp-json\/wp\/v2\/posts\/2890\/revisions"}],"predecessor-version":[{"id":4057,"href":"https:\/\/www.autosphere.fr\/blog\/wp-json\/wp\/v2\/posts\/2890\/revisions\/4057"}],"wp:featuredmedia":[{"embeddable":true,"href":"https:\/\/www.autosphere.fr\/blog\/wp-json\/wp\/v2\/media\/2891"}],"wp:attachment":[{"href":"https:\/\/www.autosphere.fr\/blog\/wp-json\/wp\/v2\/media?parent=2890"}],"wp:term":[{"taxonomy":"category","embeddable":true,"href":"https:\/\/www.autosphere.fr\/blog\/wp-json\/wp\/v2\/categories?post=2890"},{"taxonomy":"post_tag","embeddable":true,"href":"https:\/\/www.autosphere.fr\/blog\/wp-json\/wp\/v2\/tags?post=2890"},{"taxonomy":"marque","embeddable":true,"href":"https:\/\/www.autosphere.fr\/blog\/wp-json\/wp\/v2\/marque?post=2890"}],"curies":[{"name":"wp","href":"https:\/\/api.w.org\/{rel}","templated":true}]}}