{"id":3038,"date":"2019-07-28T08:43:23","date_gmt":"2019-07-28T06:43:23","guid":{"rendered":"https:\/\/blogautosphere.creatic-agency.fr\/les-8-infos-indispensables-de-la-semaine-automobile-22-28-juillet\/"},"modified":"2022-11-22T11:16:54","modified_gmt":"2022-11-22T09:16:54","slug":"les-8-infos-indispensables-de-la-semaine-automobile-22-28-juillet","status":"publish","type":"post","link":"https:\/\/www.autosphere.fr\/blog\/les-8-infos-indispensables-de-la-semaine-automobile-22-28-juillet\/","title":{"rendered":"Les 8 infos indispensables de la semaine automobile (22 \u2013 28 juillet)"},"content":{"rendered":"<div class=\"custom-post-container\">\n<p style=\"text-align: justify;\">Outre la canicule, de nombreuses actualit\u00e9s ont ponctu\u00e9 la semaine automobile. Voici notre revue de presse avec du bon et du moins bon\u2026<\/p>\n<h2 style=\"text-align: justify;\">Thermom\u00e8tre et absence de climatisation<\/h2>\n<p style=\"text-align: justify;\">Face \u00e0 la torpeur de cette semaine, l\u2019automobiliste fran\u00e7ais a parfois fait comme il a pu, <a href=\"https:\/\/www.autosphere.fr\/blog\/media\/conseils\/5-reflexes-pour-conduire-sans-climatisation\/11853\/ \">parfois sans clim<\/a>, en plus de se demander d\u2019o\u00f9 venait cette angoissante <a href=\"https:\/\/www.autosphere.fr\/blog\/media\/technologie\/comment-est-prise-la-temperature-a-lrexterieur-de-la-voiture-\/11758\/ \">temp\u00e9rature affich\u00e9e sur le tableau de bord<\/a>. Cela tombe bien, on a r\u00e9pondu \u00e0 ces deux questions.<\/p>\n<h2>\u00c0 80 km\/h en trottinette \u00e9lectrique au c\u0153ur de Paris<\/h2>\n<p style=\"text-align: justify;\">Le d\u00e9but de semaine a \u00e9t\u00e9 marqu\u00e9e par le buzz suscit\u00e9e par ce \u00ab pilote \u00bb d\u2019une trottinette \u00e9lectrique lanc\u00e9e \u00e0 80 km\/h dans Paris, sous les yeux d\u2019une patrouille de police. Si la situation peut pr\u00eater \u00e0 la rigolade, on d\u00e9chante en constatant que rien n\u2019est fait par les forces de l\u2019ordre. Pire, les r\u00e9actions recueillies par <a href=\"https:\/\/www.lepoint.fr\/automobile\/une-trottinette-electrique-a-80-km-h-dans-les-rues-de-paris-23-07-2019-2326355_646.php\" target=\"_blank\" rel=\"noopener\">Le Point<\/a> aupr\u00e8s de la Pr\u00e9fecture de Police. <\/p>\n<h2 style=\"text-align: justify;\">C\u2019est la crise chez Nissan<\/h2>\n<p style=\"text-align: justify;\">Ce n\u2019est un secret pour personne, Nissan ne va pas fort. Et si l\u2019affaire Carlos Ghosn n\u2019est y pas directement m\u00eal\u00e9e, elle n\u2019a pas arrang\u00e9 les choses. Un plan de suppression de 12 500 postes dans le monde a \u00e9t\u00e9 annonc\u00e9. <a href=\"https:\/\/bfmbusiness.bfmtv.com\/entreprise\/nissan-les-raisons-d-une-catastrophe-1736902.html\" target=\"_blank\" rel=\"noopener\">BFM TV<\/a> explique en partie comment on e n\u2019est arriv\u00e9 l\u00e0. Le Point se penche pour sa part sur les cons\u00e9quences pour l\u2019autre pilier de l\u2019Alliance, <a href=\"https:\/\/www.lepoint.fr\/economie\/penalise-par-nissan-renault-revoit-ses-objectifs-a-la-baisse-26-07-2019-2326923_28.php\" target=\"_blank\" rel=\"noopener\">Renault<\/a>.<\/p>\n<h2 style=\"text-align: justify;\">Petite sant\u00e9 pour Alfa Romeo<\/h2>\n<p style=\"text-align: justify;\">La renaissance d\u2019Alfa Romeo serait-elle en train de virer au fiasco ? C\u2019est la question tr\u00e8s l\u00e9gitime qui se pose apr\u00e8s la publication des ventes du constructeur italien pour le premier semestre : 29 187 immatriculations en Europe (-40%). C\u2019est peu, tellement peu que c\u2019est moins que Lancia et sa seule Ypsilon vendue uniquement en Italie \u00e0 34 691 exemplaires. L\u2019article de Motor1 se penche tout particuli\u00e8rement sur <a href=\"https:\/\/fr.motor1.com\/news\/361277\/alfa-romeo-lancia-premier-semestre-europe\/\" target=\"_blank\" rel=\"noopener\">les difficult\u00e9s du SUV Stelvio<\/a> face \u00e0 la concurrence.<\/p>\n<h2 style=\"text-align: justify;\">La nouveaut\u00e9 de la semaine : Audi Q3 devient Sportback<\/h2>\n<p><img decoding=\"async\" src=\"https:\/\/www.autosphere.fr\/blog\/wp-content\/uploads\/2022\/11\/1cb793a8d2854045e23af8e06ba69c54.jpg\"><\/p>\n<p style=\"text-align: justify;\">Une ligne de toit fuyante, quelques millim\u00e8tres de plus ici ou l\u00e0 et un style mis \u00e0 jour, voici le nouveau Q3 Sportback avec un minimum de 530 litres de volume de coffre. Preuve que la sur-segmentation a encore de beaux jours devant elle dans le premium allemand. Pour commencer, les motorisations propos\u00e9es seront le 2,0l TFSI 230 chevaux et le 2,0l TDI de 150 chevaux via la boite S tronic \u00e0 7 rapports. Les tarifs allemands communiqu\u00e9s sont de respectivement 46 200 et 40 200 euros. Premi\u00e8res livraisons d\u2019ici la fin de l\u2019ann\u00e9e. Le BMW X2 appr\u00e9ciera.<\/p>\n<h2 style=\"text-align: justify;\">Sur le Lingotto<\/h2>\n<p style=\"text-align: justify;\">Sur Caradisiac, on nous proposa cette semaine de faire <a href=\"https:\/\/www.caradisiac.com\/road-trip-en-italie-visite-du-lingotto-l-incroyable-usine-fiat-au-coeur-de-turin-177739.htm\" target=\"_blank\" rel=\"noopener\">un tour sur le Lingotto<\/a>, le circuit aux virages relev\u00e9s sur le toit de cette ancienne usine Fiat. Sensations garanties.<\/p>\n<h2 style=\"text-align: justify;\">Le Saviez-vous ? Rouler au milieu sans doubler, c\u2019est 35 euros.<\/h2>\n<p style=\"text-align: justify;\">&#8220;Mais tu doubles qui en roulant au milieu de l\u2019autoroute ?&#8221; Et bien sachez que selon l\u2019article R412-9 du code de la route, rouler sur la file du milieu sans doubler personne peut valoir une amende de 35 euros comme rappel\u00e9 par <a href=\"https:\/\/www.varmatin.com\/faits-de-societe\/vous-roulez-sur-la-voie-du-milieu-sur-lautoroute-sans-doubler-cest-interdit-et-voici-lamende-que-vous-encourrez-400246\" target=\"_blank\" rel=\"noopener\">Var Matin<\/a>. <\/p>\n<h2 style=\"text-align: justify;\">La blague de la semaine : Citro\u00ebn devient Zitr\u00f6n en Allemagne<\/h2>\n<p style=\"text-align: justify;\">Un poisson d\u2019avril en retard ? C\u2019est l\u2019id\u00e9e ! Les communicants de Citro\u00ebn Deutschland se sont amus\u00e9s \u00e0 faire croire que la marque aux chevrons changeait de nom afin d\u2019\u00eatre plus facilement pronon\u00e7able outre-rhin. R\u00e9sultat on a cru l\u2019espace de quelques secondes qu\u2019il faudrait dire Zitr\u00f6n au lieu de Citr\u00f6en.<\/p>\n<p><iframe src=\"https:\/\/www.youtube.com\/embed\/2rA-BSuog7o\" allow=\"accelerometer; autoplay; encrypted-media; gyroscope; picture-in-picture\" allowfullscreen=\"\" width=\"560\" height=\"315\" frameborder=\"0\"><\/iframe><\/p>\n<h2 style=\"text-align: justify;\">La route solaire, \u00e7a ne marche pas !<\/h2>\n<p style=\"text-align: justify;\">Si l\u2019on avait encore un doute, les conclusions partag\u00e9es par <a href=\"https:\/\/www.leblogauto.com\/2019\/07\/route-solaire-echec.html\" target=\"_blank\" rel=\"noopener\">Le Blog Auto<\/a> sur l\u2019exp\u00e9rimentation de tron\u00e7on de route solaire dans l\u2019Orne sont limpides. C\u2019est un \u00e9chec suivant. Le co\u00fbt, la d\u00e9gradation et de multiples facteurs font que mettre des panneaux solaires sur les routes se r\u00e9v\u00e8lent une gabegie. Pourtant d\u2019autres exp\u00e9rimentations sont en cours. Histoire d&#8217;\u00eatre un peu plus certain ?<\/p>\n<\/div>\n","protected":false},"excerpt":{"rendered":"<p>Outre la canicule, de nombreuses actualit\u00e9s ont ponctu\u00e9 la semaine automobile. Voici notre revue de presse avec du bon et du moins bon\u2026 Thermom\u00e8tre et absence de climatisation Face \u00e0 la torpeur de cette semaine, l\u2019automobiliste fran\u00e7ais a parfois fait comme il a pu, parfois sans clim, en plus de se demander d\u2019o\u00f9 venait cette [&hellip;]<\/p>\n","protected":false},"author":3,"featured_media":3039,"comment_status":"open","ping_status":"open","sticky":false,"template":"","format":"standard","meta":{"_acf_changed":false,"footnotes":""},"categories":[2],"tags":[],"marque":[],"class_list":["post-3038","post","type-post","status-publish","format-standard","has-post-thumbnail","hentry","category-actualites"],"acf":[],"yoast_head":"<!-- This site is optimized with the Yoast SEO plugin v27.2 - https:\/\/yoast.com\/product\/yoast-seo-wordpress\/ -->\n<title>Les 8 infos indispensables de la semaine automobile (22 \u2013 28 juillet) - Blog Autosphere<\/title>\n<meta name=\"robots\" content=\"index, follow, max-snippet:-1, max-image-preview:large, max-video-preview:-1\" \/>\n<link rel=\"canonical\" href=\"https:\/\/www.autosphere.fr\/blog\/les-8-infos-indispensables-de-la-semaine-automobile-22-28-juillet\/\" \/>\n<meta property=\"og:locale\" content=\"fr_FR\" \/>\n<meta property=\"og:type\" content=\"article\" \/>\n<meta property=\"og:title\" content=\"Les 8 infos indispensables de la semaine automobile (22 \u2013 28 juillet) - Blog Autosphere\" \/>\n<meta property=\"og:description\" content=\"Outre la canicule, de nombreuses actualit\u00e9s ont ponctu\u00e9 la semaine automobile. Voici notre revue de presse avec du bon et du moins bon\u2026 Thermom\u00e8tre et absence de climatisation Face \u00e0 la torpeur de cette semaine, l\u2019automobiliste fran\u00e7ais a parfois fait comme il a pu, parfois sans clim, en plus de se demander d\u2019o\u00f9 venait cette [&hellip;]\" \/>\n<meta property=\"og:url\" content=\"https:\/\/www.autosphere.fr\/blog\/les-8-infos-indispensables-de-la-semaine-automobile-22-28-juillet\/\" \/>\n<meta property=\"og:site_name\" content=\"Blog Autosphere\" \/>\n<meta property=\"article:publisher\" content=\"https:\/\/www.facebook.com\/autosphere\" \/>\n<meta property=\"article:published_time\" content=\"2019-07-28T06:43:23+00:00\" \/>\n<meta property=\"article:modified_time\" content=\"2022-11-22T09:16:54+00:00\" \/>\n<meta property=\"og:image\" content=\"https:\/\/www.autosphere.fr\/blog\/wp-content\/uploads\/2022\/11\/5c7008b9adecce9feff6d3e9f454dac1.png\" \/>\n\t<meta property=\"og:image:width\" content=\"400\" \/>\n\t<meta property=\"og:image:height\" content=\"210\" \/>\n\t<meta property=\"og:image:type\" content=\"image\/png\" \/>\n<meta name=\"author\" content=\"Florent CHEDOZEAU\" \/>\n<meta name=\"twitter:card\" content=\"summary_large_image\" \/>\n<meta name=\"twitter:label1\" content=\"\u00c9crit par\" \/>\n\t<meta name=\"twitter:data1\" content=\"Florent CHEDOZEAU\" \/>\n\t<meta name=\"twitter:label2\" content=\"Dur\u00e9e de lecture estim\u00e9e\" \/>\n\t<meta name=\"twitter:data2\" content=\"3 minutes\" \/>\n<!-- \/ Yoast SEO plugin. -->","yoast_head_json":{"title":"Les 8 infos indispensables de la semaine automobile (22 \u2013 28 juillet) - Blog Autosphere","robots":{"index":"index","follow":"follow","max-snippet":"max-snippet:-1","max-image-preview":"max-image-preview:large","max-video-preview":"max-video-preview:-1"},"canonical":"https:\/\/www.autosphere.fr\/blog\/les-8-infos-indispensables-de-la-semaine-automobile-22-28-juillet\/","og_locale":"fr_FR","og_type":"article","og_title":"Les 8 infos indispensables de la semaine automobile (22 \u2013 28 juillet) - Blog Autosphere","og_description":"Outre la canicule, de nombreuses actualit\u00e9s ont ponctu\u00e9 la semaine automobile. Voici notre revue de presse avec du bon et du moins bon\u2026 Thermom\u00e8tre et absence de climatisation Face \u00e0 la torpeur de cette semaine, l\u2019automobiliste fran\u00e7ais a parfois fait comme il a pu, parfois sans clim, en plus de se demander d\u2019o\u00f9 venait cette [&hellip;]","og_url":"https:\/\/www.autosphere.fr\/blog\/les-8-infos-indispensables-de-la-semaine-automobile-22-28-juillet\/","og_site_name":"Blog Autosphere","article_publisher":"https:\/\/www.facebook.com\/autosphere","article_published_time":"2019-07-28T06:43:23+00:00","article_modified_time":"2022-11-22T09:16:54+00:00","og_image":[{"width":400,"height":210,"url":"https:\/\/www.autosphere.fr\/blog\/wp-content\/uploads\/2022\/11\/5c7008b9adecce9feff6d3e9f454dac1.png","type":"image\/png"}],"author":"Florent CHEDOZEAU","twitter_card":"summary_large_image","twitter_misc":{"\u00c9crit par":"Florent CHEDOZEAU","Dur\u00e9e de lecture estim\u00e9e":"3 minutes"},"schema":{"@context":"https:\/\/schema.org","@graph":[{"@type":"Article","@id":"https:\/\/www.autosphere.fr\/blog\/les-8-infos-indispensables-de-la-semaine-automobile-22-28-juillet\/#article","isPartOf":{"@id":"https:\/\/www.autosphere.fr\/blog\/les-8-infos-indispensables-de-la-semaine-automobile-22-28-juillet\/"},"author":{"name":"Florent CHEDOZEAU","@id":"https:\/\/www.autosphere.fr\/blog\/#\/schema\/person\/157d3ac8c260cc43fa708dbfa8fe558d"},"headline":"Les 8 infos indispensables de la semaine automobile (22 \u2013 28 juillet)","datePublished":"2019-07-28T06:43:23+00:00","dateModified":"2022-11-22T09:16:54+00:00","mainEntityOfPage":{"@id":"https:\/\/www.autosphere.fr\/blog\/les-8-infos-indispensables-de-la-semaine-automobile-22-28-juillet\/"},"wordCount":685,"commentCount":0,"publisher":{"@id":"https:\/\/www.autosphere.fr\/blog\/#organization"},"image":{"@id":"https:\/\/www.autosphere.fr\/blog\/les-8-infos-indispensables-de-la-semaine-automobile-22-28-juillet\/#primaryimage"},"thumbnailUrl":"https:\/\/www.autosphere.fr\/blog\/wp-content\/uploads\/2022\/11\/5c7008b9adecce9feff6d3e9f454dac1.png","articleSection":["Actualit\u00e9s"],"inLanguage":"fr-FR","potentialAction":[{"@type":"CommentAction","name":"Comment","target":["https:\/\/www.autosphere.fr\/blog\/les-8-infos-indispensables-de-la-semaine-automobile-22-28-juillet\/#respond"]}]},{"@type":"WebPage","@id":"https:\/\/www.autosphere.fr\/blog\/les-8-infos-indispensables-de-la-semaine-automobile-22-28-juillet\/","url":"https:\/\/www.autosphere.fr\/blog\/les-8-infos-indispensables-de-la-semaine-automobile-22-28-juillet\/","name":"Les 8 infos indispensables de la semaine automobile (22 \u2013 28 juillet) - Blog Autosphere","isPartOf":{"@id":"https:\/\/www.autosphere.fr\/blog\/#website"},"primaryImageOfPage":{"@id":"https:\/\/www.autosphere.fr\/blog\/les-8-infos-indispensables-de-la-semaine-automobile-22-28-juillet\/#primaryimage"},"image":{"@id":"https:\/\/www.autosphere.fr\/blog\/les-8-infos-indispensables-de-la-semaine-automobile-22-28-juillet\/#primaryimage"},"thumbnailUrl":"https:\/\/www.autosphere.fr\/blog\/wp-content\/uploads\/2022\/11\/5c7008b9adecce9feff6d3e9f454dac1.png","datePublished":"2019-07-28T06:43:23+00:00","dateModified":"2022-11-22T09:16:54+00:00","breadcrumb":{"@id":"https:\/\/www.autosphere.fr\/blog\/les-8-infos-indispensables-de-la-semaine-automobile-22-28-juillet\/#breadcrumb"},"inLanguage":"fr-FR","potentialAction":[{"@type":"ReadAction","target":["https:\/\/www.autosphere.fr\/blog\/les-8-infos-indispensables-de-la-semaine-automobile-22-28-juillet\/"]}]},{"@type":"ImageObject","inLanguage":"fr-FR","@id":"https:\/\/www.autosphere.fr\/blog\/les-8-infos-indispensables-de-la-semaine-automobile-22-28-juillet\/#primaryimage","url":"https:\/\/www.autosphere.fr\/blog\/wp-content\/uploads\/2022\/11\/5c7008b9adecce9feff6d3e9f454dac1.png","contentUrl":"https:\/\/www.autosphere.fr\/blog\/wp-content\/uploads\/2022\/11\/5c7008b9adecce9feff6d3e9f454dac1.png","width":400,"height":210},{"@type":"BreadcrumbList","@id":"https:\/\/www.autosphere.fr\/blog\/les-8-infos-indispensables-de-la-semaine-automobile-22-28-juillet\/#breadcrumb","itemListElement":[{"@type":"ListItem","position":1,"name":"Accueil","item":"https:\/\/www.autosphere.fr\/blog\/"},{"@type":"ListItem","position":2,"name":"Les 8 infos indispensables de la semaine automobile (22 \u2013 28 juillet)"}]},{"@type":"WebSite","@id":"https:\/\/www.autosphere.fr\/blog\/#website","url":"https:\/\/www.autosphere.fr\/blog\/","name":"Blog Autosphere","description":"","publisher":{"@id":"https:\/\/www.autosphere.fr\/blog\/#organization"},"potentialAction":[{"@type":"SearchAction","target":{"@type":"EntryPoint","urlTemplate":"https:\/\/www.autosphere.fr\/blog\/?s={search_term_string}"},"query-input":{"@type":"PropertyValueSpecification","valueRequired":true,"valueName":"search_term_string"}}],"inLanguage":"fr-FR"},{"@type":"Organization","@id":"https:\/\/www.autosphere.fr\/blog\/#organization","name":"Blog Autosphere","url":"https:\/\/www.autosphere.fr\/blog\/","logo":{"@type":"ImageObject","inLanguage":"fr-FR","@id":"https:\/\/www.autosphere.fr\/blog\/#\/schema\/logo\/image\/","url":"https:\/\/www.autosphere.fr\/blog\/wp-content\/uploads\/2022\/11\/le-blog-autosphere.png","contentUrl":"https:\/\/www.autosphere.fr\/blog\/wp-content\/uploads\/2022\/11\/le-blog-autosphere.png","width":241,"height":35,"caption":"Blog Autosphere"},"image":{"@id":"https:\/\/www.autosphere.fr\/blog\/#\/schema\/logo\/image\/"},"sameAs":["https:\/\/www.facebook.com\/autosphere","https:\/\/www.instagram.com\/autosphere"]},{"@type":"Person","@id":"https:\/\/www.autosphere.fr\/blog\/#\/schema\/person\/157d3ac8c260cc43fa708dbfa8fe558d","name":"Florent CHEDOZEAU","url":"https:\/\/www.autosphere.fr\/blog\/author\/florent-chedozeau\/"}]}},"_links":{"self":[{"href":"https:\/\/www.autosphere.fr\/blog\/wp-json\/wp\/v2\/posts\/3038","targetHints":{"allow":["GET"]}}],"collection":[{"href":"https:\/\/www.autosphere.fr\/blog\/wp-json\/wp\/v2\/posts"}],"about":[{"href":"https:\/\/www.autosphere.fr\/blog\/wp-json\/wp\/v2\/types\/post"}],"author":[{"embeddable":true,"href":"https:\/\/www.autosphere.fr\/blog\/wp-json\/wp\/v2\/users\/3"}],"replies":[{"embeddable":true,"href":"https:\/\/www.autosphere.fr\/blog\/wp-json\/wp\/v2\/comments?post=3038"}],"version-history":[{"count":1,"href":"https:\/\/www.autosphere.fr\/blog\/wp-json\/wp\/v2\/posts\/3038\/revisions"}],"predecessor-version":[{"id":4100,"href":"https:\/\/www.autosphere.fr\/blog\/wp-json\/wp\/v2\/posts\/3038\/revisions\/4100"}],"wp:featuredmedia":[{"embeddable":true,"href":"https:\/\/www.autosphere.fr\/blog\/wp-json\/wp\/v2\/media\/3039"}],"wp:attachment":[{"href":"https:\/\/www.autosphere.fr\/blog\/wp-json\/wp\/v2\/media?parent=3038"}],"wp:term":[{"taxonomy":"category","embeddable":true,"href":"https:\/\/www.autosphere.fr\/blog\/wp-json\/wp\/v2\/categories?post=3038"},{"taxonomy":"post_tag","embeddable":true,"href":"https:\/\/www.autosphere.fr\/blog\/wp-json\/wp\/v2\/tags?post=3038"},{"taxonomy":"marque","embeddable":true,"href":"https:\/\/www.autosphere.fr\/blog\/wp-json\/wp\/v2\/marque?post=3038"}],"curies":[{"name":"wp","href":"https:\/\/api.w.org\/{rel}","templated":true}]}}