{"id":3052,"date":"2019-08-06T09:40:40","date_gmt":"2019-08-06T07:40:40","guid":{"rendered":"https:\/\/blogautosphere.creatic-agency.fr\/le-retour-de-la-voiture-solaire\/"},"modified":"2022-11-22T11:16:54","modified_gmt":"2022-11-22T09:16:54","slug":"le-retour-de-la-voiture-solaire","status":"publish","type":"post","link":"https:\/\/www.autosphere.fr\/blog\/le-retour-de-la-voiture-solaire\/","title":{"rendered":"Le retour de la voiture solaire"},"content":{"rendered":"<div class=\"custom-post-container\">\n<p style=\"text-align: justify;\">Oubli\u00e9e durant des ann\u00e9es, l\u2019\u00e9nergie solaire est en train de faire son retour sur le toit et le capot des certains mod\u00e8les. De quoi grapiller quelques kilom\u00e8tres d\u2019autonomie et verdir le discours des constructeurs en attendant peut-\u00eatre mieux.<\/p>\n<p style=\"text-align: justify;\">Durant les ann\u00e9es 80 et 90, on a pens\u00e9 que le solaire serait une alternative de choix aux motorisations thermiques avant de finalement rester bloqu\u00e9 aux courses entre \u00e9tudiants au fin fond de l\u2019Australie. Ce qui apparaissait comme le plafond de verre \u00e9tait alors le rapport poids\/puissance pas assez efficient malgr\u00e9 des conditions d\u2019ensoleillement exceptionnels. Et si dans le monde entier les bureaux des brevets regorgent de plans, les constructeurs automobiles ont pr\u00e9f\u00e9r\u00e9 se tourner sur le downsizing, l\u2019all\u00e9gement des \u00e9l\u00e9ments et l\u2019\u00e9lectrification par batterie. \u00c0 bien y r\u00e9fl\u00e9chir, le seul \u00e9l\u00e9ment de charge solaire vu dans une voiture ces derni\u00e8res ann\u00e9es est un chauffe-biberon dont les panneaux s\u2019\u00e9tendant sur la moiti\u00e9 de la planche de bord et selon un go\u00fbt des plus discutables.<\/p>\n<h2>Toyota en pointe<\/h2>\n<p style=\"text-align: justify;\">La course \u00e0 l\u2019efficience sous fond de prise de conscience \u00e9cologique semble sans fin. Aussi, les constructeurs sont-ils sans cesse challeng\u00e9s pour am\u00e9liorer le bilan carbone de leurs productions. Comme souvent, l\u2019exemple vient d\u2019Asie. Toyota a ainsi \u00e9quip\u00e9 ses Prius PHEV de panneaux solaires \u00e0 compter de 2016. La filiale fran\u00e7aise du constructeur nippon n\u2019a pas manqu\u00e9 de communiquer au sujet des 1 700 Prius PHEV en circulation en France en se basant sur une utilisation annuelle de 200 jours. Depuis septembre 2016, ces v\u00e9hicules auraient parcourus 1,7 million de kilom\u00e8tres par la seule \u00e9nergie solaire. Une r\u00e9ussite (relative) d\u2019une technologie qui d\u00e9pend \u00e9norm\u00e9ment de l\u2019ensoleillement, de l\u2019endroit o\u00f9 stationne l\u2019automobile et m\u00eame de la propret\u00e9 du v\u00e9hicule. <\/p>\n<p><img decoding=\"async\" src=\"https:\/\/www.autosphere.fr\/blog\/wp-content\/uploads\/2022\/11\/a76d3739d840720c791a3db124e19571.jpg\"><\/p>\n<p style=\"text-align: justify;\">Mieux, d\u00e9but juillet, Toyota a annonc\u00e9 une collaboration avec l\u2019agence publique nippone NEDO et le fabricant \u00e9lectronique Sharp pour les essais de v\u00e9hicules \u00e9lectrifi\u00e9s sur la voie publique. Comme le monstre le visuel fourni, les panneaux solaires recouvre l\u2019int\u00e9gralit\u00e9 des surfaces horizontales du v\u00e9hicule. Dans le communiqu\u00e9 de Toyota, il est indiqu\u00e9 que les cellules photovolta\u00efques de Sharp ont \u00ab un rendement de conversion sup\u00e9rieur \u00e0 34% \u00bb. Pr\u00e9cisons par ailleurs que la cellule solaire est \u00e9paisse de 0,03 mm permettant ainsi d\u2019\u00e9pouser au mieux le forme de la voiture. Contrairement \u00e0 la Prius PHEV actuelle, ce prototype permet la recharge en mouvement. Les essais routiers devront d\u00e9terminer l\u2019ordre de grandeur des \u00e9conomies de carburant et donc de CO2.<\/p>\n<h2>Hyundai aussi<\/h2>\n<p><img decoding=\"async\" src=\"https:\/\/www.autosphere.fr\/blog\/wp-content\/uploads\/2022\/11\/376465b15d130179536783219df0e565.jpg\"><\/p>\n<p style=\"text-align: justify;\">De son c\u00f4t\u00e9, le Sud-Cor\u00e9en Hyundai implantera tr\u00e8s prochainement une technologie de panneaux solaires sur le toit de sa berline Sonata hybride. Le constructeur promet que ses cellules photovolta\u00efques pourront recharger de 30 \u00e0 60% de la batterie gr\u00e2ce \u00e0 6 heures d\u2019exposition par jour. L\u2019autonomie gagn\u00e9e sur un an serait d\u2019un peu plus de 1 287 km ou 6,44 km par jour. Si la berline Sonata est absente du march\u00e9 fran\u00e7ais comme europ\u00e9en, Hyundai pourrait\/devrait d\u00e9cliner cette technologie sur la Ioniq et certainement le Kona Electric.<\/p>\n<h2>La Lightyear One n\u00e9erlandaise<\/h2>\n<p style=\"text-align: justify;\">Disponible en pr\u00e9-commande, la Lightyear One est le fruit d\u2019une start-up hollandaise dont le prototype Stella a brill\u00e9 sur les courses de voitures solaires type World Solar Challenge (remport\u00e9 \u00e0 3 reprises). Son fondateur et dirigeant Lex Hoefsloot promet un v\u00e9hicule mu\u00e9 par la seule \u00e9nergie solaire gr\u00e2ce \u00e0 ses 5 m\u00b2 de panneaux solaires recouvert d\u2019une couche protectrice. Cette berline familiale de 5 places avec 780 litres de volume de coffre se rechargerait jusqu\u2019\u00e0 12 km d\u2019autonomie par heure pur alimenter ses 4 moteurs \u00e9lectriques. Un par roue. L\u2019autonomie serait d\u2019un minimum de 400 km et pourrait fr\u00f4ler les 800 km. Le tout factur\u00e9 149 000 euros avant de passer par la case options. Les premi\u00e8res livraisons sont attendues pour 2021. Notez que sur le site de <a href=\"https:\/\/lightyear.one\/\" target=\"_blank\" rel=\"noopener\">Lightyear<\/a>, il est possible de calculer le taux de recharge de sa One en fonction de l\u00e0 o\u00f9 vous habitez. On apprend ainsi qu\u2019\u00e0 Poitiers, on peut compter sur une production d\u2019\u00e9lectricit\u00e9 de 36 km par jour en \u00e9t\u00e9\u2026 mais de seulement 9 km par jour en hiver.<\/p>\n<p><iframe src=\"https:\/\/www.youtube.com\/embed\/bSbWwn_YCr8\" allow=\"accelerometer; autoplay; encrypted-media; gyroscope; picture-in-picture\" allowfullscreen=\"\" width=\"560\" height=\"315\" frameborder=\"0\"><\/iframe><\/p>\n<p>Alors, la voiture \u00e0 \u00e9nergie solaire redevient-elle concr\u00e8te pour vous ?<\/p>\n<p>Sources : Toyota Presse, Lightyear, Challenges et Automobile Propre.<\/p>\n<\/div>\n","protected":false},"excerpt":{"rendered":"<p>Oubli\u00e9e durant des ann\u00e9es, l\u2019\u00e9nergie solaire est en train de faire son retour sur le toit et le capot des certains mod\u00e8les. De quoi grapiller quelques kilom\u00e8tres d\u2019autonomie et verdir le discours des constructeurs en attendant peut-\u00eatre mieux. Durant les ann\u00e9es 80 et 90, on a pens\u00e9 que le solaire serait une alternative de choix [&hellip;]<\/p>\n","protected":false},"author":3,"featured_media":3053,"comment_status":"open","ping_status":"open","sticky":false,"template":"","format":"standard","meta":{"_acf_changed":false,"footnotes":""},"categories":[4],"tags":[],"marque":[],"class_list":["post-3052","post","type-post","status-publish","format-standard","has-post-thumbnail","hentry","category-innovations"],"acf":[],"yoast_head":"<!-- This site is optimized with the Yoast SEO plugin v27.2 - https:\/\/yoast.com\/product\/yoast-seo-wordpress\/ -->\n<title>Le retour de la voiture solaire - Blog Autosphere<\/title>\n<meta name=\"robots\" content=\"index, follow, max-snippet:-1, max-image-preview:large, max-video-preview:-1\" \/>\n<link rel=\"canonical\" href=\"https:\/\/www.autosphere.fr\/blog\/le-retour-de-la-voiture-solaire\/\" \/>\n<meta property=\"og:locale\" content=\"fr_FR\" \/>\n<meta property=\"og:type\" content=\"article\" \/>\n<meta property=\"og:title\" content=\"Le retour de la voiture solaire - Blog Autosphere\" \/>\n<meta property=\"og:description\" content=\"Oubli\u00e9e durant des ann\u00e9es, l\u2019\u00e9nergie solaire est en train de faire son retour sur le toit et le capot des certains mod\u00e8les. De quoi grapiller quelques kilom\u00e8tres d\u2019autonomie et verdir le discours des constructeurs en attendant peut-\u00eatre mieux. Durant les ann\u00e9es 80 et 90, on a pens\u00e9 que le solaire serait une alternative de choix [&hellip;]\" \/>\n<meta property=\"og:url\" content=\"https:\/\/www.autosphere.fr\/blog\/le-retour-de-la-voiture-solaire\/\" \/>\n<meta property=\"og:site_name\" content=\"Blog Autosphere\" \/>\n<meta property=\"article:publisher\" content=\"https:\/\/www.facebook.com\/autosphere\" \/>\n<meta property=\"article:published_time\" content=\"2019-08-06T07:40:40+00:00\" \/>\n<meta property=\"article:modified_time\" content=\"2022-11-22T09:16:54+00:00\" \/>\n<meta property=\"og:image\" content=\"https:\/\/www.autosphere.fr\/blog\/wp-content\/uploads\/2022\/11\/428842d997f1d02052ce4d30c0584181.jpg\" \/>\n\t<meta property=\"og:image:width\" content=\"400\" \/>\n\t<meta property=\"og:image:height\" content=\"210\" \/>\n\t<meta property=\"og:image:type\" content=\"image\/jpeg\" \/>\n<meta name=\"author\" content=\"Florent CHEDOZEAU\" \/>\n<meta name=\"twitter:card\" content=\"summary_large_image\" \/>\n<meta name=\"twitter:label1\" content=\"\u00c9crit par\" \/>\n\t<meta name=\"twitter:data1\" content=\"Florent CHEDOZEAU\" \/>\n\t<meta name=\"twitter:label2\" content=\"Dur\u00e9e de lecture estim\u00e9e\" \/>\n\t<meta name=\"twitter:data2\" content=\"4 minutes\" \/>\n<!-- \/ Yoast SEO plugin. -->","yoast_head_json":{"title":"Le retour de la voiture solaire - Blog Autosphere","robots":{"index":"index","follow":"follow","max-snippet":"max-snippet:-1","max-image-preview":"max-image-preview:large","max-video-preview":"max-video-preview:-1"},"canonical":"https:\/\/www.autosphere.fr\/blog\/le-retour-de-la-voiture-solaire\/","og_locale":"fr_FR","og_type":"article","og_title":"Le retour de la voiture solaire - Blog Autosphere","og_description":"Oubli\u00e9e durant des ann\u00e9es, l\u2019\u00e9nergie solaire est en train de faire son retour sur le toit et le capot des certains mod\u00e8les. De quoi grapiller quelques kilom\u00e8tres d\u2019autonomie et verdir le discours des constructeurs en attendant peut-\u00eatre mieux. Durant les ann\u00e9es 80 et 90, on a pens\u00e9 que le solaire serait une alternative de choix [&hellip;]","og_url":"https:\/\/www.autosphere.fr\/blog\/le-retour-de-la-voiture-solaire\/","og_site_name":"Blog Autosphere","article_publisher":"https:\/\/www.facebook.com\/autosphere","article_published_time":"2019-08-06T07:40:40+00:00","article_modified_time":"2022-11-22T09:16:54+00:00","og_image":[{"width":400,"height":210,"url":"https:\/\/www.autosphere.fr\/blog\/wp-content\/uploads\/2022\/11\/428842d997f1d02052ce4d30c0584181.jpg","type":"image\/jpeg"}],"author":"Florent CHEDOZEAU","twitter_card":"summary_large_image","twitter_misc":{"\u00c9crit par":"Florent CHEDOZEAU","Dur\u00e9e de lecture estim\u00e9e":"4 minutes"},"schema":{"@context":"https:\/\/schema.org","@graph":[{"@type":"Article","@id":"https:\/\/www.autosphere.fr\/blog\/le-retour-de-la-voiture-solaire\/#article","isPartOf":{"@id":"https:\/\/www.autosphere.fr\/blog\/le-retour-de-la-voiture-solaire\/"},"author":{"name":"Florent CHEDOZEAU","@id":"https:\/\/www.autosphere.fr\/blog\/#\/schema\/person\/157d3ac8c260cc43fa708dbfa8fe558d"},"headline":"Le retour de la voiture solaire","datePublished":"2019-08-06T07:40:40+00:00","dateModified":"2022-11-22T09:16:54+00:00","mainEntityOfPage":{"@id":"https:\/\/www.autosphere.fr\/blog\/le-retour-de-la-voiture-solaire\/"},"wordCount":735,"commentCount":0,"publisher":{"@id":"https:\/\/www.autosphere.fr\/blog\/#organization"},"image":{"@id":"https:\/\/www.autosphere.fr\/blog\/le-retour-de-la-voiture-solaire\/#primaryimage"},"thumbnailUrl":"https:\/\/www.autosphere.fr\/blog\/wp-content\/uploads\/2022\/11\/428842d997f1d02052ce4d30c0584181.jpg","articleSection":["Innovations"],"inLanguage":"fr-FR","potentialAction":[{"@type":"CommentAction","name":"Comment","target":["https:\/\/www.autosphere.fr\/blog\/le-retour-de-la-voiture-solaire\/#respond"]}]},{"@type":"WebPage","@id":"https:\/\/www.autosphere.fr\/blog\/le-retour-de-la-voiture-solaire\/","url":"https:\/\/www.autosphere.fr\/blog\/le-retour-de-la-voiture-solaire\/","name":"Le retour de la voiture solaire - Blog Autosphere","isPartOf":{"@id":"https:\/\/www.autosphere.fr\/blog\/#website"},"primaryImageOfPage":{"@id":"https:\/\/www.autosphere.fr\/blog\/le-retour-de-la-voiture-solaire\/#primaryimage"},"image":{"@id":"https:\/\/www.autosphere.fr\/blog\/le-retour-de-la-voiture-solaire\/#primaryimage"},"thumbnailUrl":"https:\/\/www.autosphere.fr\/blog\/wp-content\/uploads\/2022\/11\/428842d997f1d02052ce4d30c0584181.jpg","datePublished":"2019-08-06T07:40:40+00:00","dateModified":"2022-11-22T09:16:54+00:00","breadcrumb":{"@id":"https:\/\/www.autosphere.fr\/blog\/le-retour-de-la-voiture-solaire\/#breadcrumb"},"inLanguage":"fr-FR","potentialAction":[{"@type":"ReadAction","target":["https:\/\/www.autosphere.fr\/blog\/le-retour-de-la-voiture-solaire\/"]}]},{"@type":"ImageObject","inLanguage":"fr-FR","@id":"https:\/\/www.autosphere.fr\/blog\/le-retour-de-la-voiture-solaire\/#primaryimage","url":"https:\/\/www.autosphere.fr\/blog\/wp-content\/uploads\/2022\/11\/428842d997f1d02052ce4d30c0584181.jpg","contentUrl":"https:\/\/www.autosphere.fr\/blog\/wp-content\/uploads\/2022\/11\/428842d997f1d02052ce4d30c0584181.jpg","width":400,"height":210},{"@type":"BreadcrumbList","@id":"https:\/\/www.autosphere.fr\/blog\/le-retour-de-la-voiture-solaire\/#breadcrumb","itemListElement":[{"@type":"ListItem","position":1,"name":"Accueil","item":"https:\/\/www.autosphere.fr\/blog\/"},{"@type":"ListItem","position":2,"name":"Le retour de la voiture solaire"}]},{"@type":"WebSite","@id":"https:\/\/www.autosphere.fr\/blog\/#website","url":"https:\/\/www.autosphere.fr\/blog\/","name":"Blog Autosphere","description":"","publisher":{"@id":"https:\/\/www.autosphere.fr\/blog\/#organization"},"potentialAction":[{"@type":"SearchAction","target":{"@type":"EntryPoint","urlTemplate":"https:\/\/www.autosphere.fr\/blog\/?s={search_term_string}"},"query-input":{"@type":"PropertyValueSpecification","valueRequired":true,"valueName":"search_term_string"}}],"inLanguage":"fr-FR"},{"@type":"Organization","@id":"https:\/\/www.autosphere.fr\/blog\/#organization","name":"Blog Autosphere","url":"https:\/\/www.autosphere.fr\/blog\/","logo":{"@type":"ImageObject","inLanguage":"fr-FR","@id":"https:\/\/www.autosphere.fr\/blog\/#\/schema\/logo\/image\/","url":"https:\/\/www.autosphere.fr\/blog\/wp-content\/uploads\/2022\/11\/le-blog-autosphere.png","contentUrl":"https:\/\/www.autosphere.fr\/blog\/wp-content\/uploads\/2022\/11\/le-blog-autosphere.png","width":241,"height":35,"caption":"Blog Autosphere"},"image":{"@id":"https:\/\/www.autosphere.fr\/blog\/#\/schema\/logo\/image\/"},"sameAs":["https:\/\/www.facebook.com\/autosphere","https:\/\/www.instagram.com\/autosphere"]},{"@type":"Person","@id":"https:\/\/www.autosphere.fr\/blog\/#\/schema\/person\/157d3ac8c260cc43fa708dbfa8fe558d","name":"Florent CHEDOZEAU","url":"https:\/\/www.autosphere.fr\/blog\/author\/florent-chedozeau\/"}]}},"_links":{"self":[{"href":"https:\/\/www.autosphere.fr\/blog\/wp-json\/wp\/v2\/posts\/3052","targetHints":{"allow":["GET"]}}],"collection":[{"href":"https:\/\/www.autosphere.fr\/blog\/wp-json\/wp\/v2\/posts"}],"about":[{"href":"https:\/\/www.autosphere.fr\/blog\/wp-json\/wp\/v2\/types\/post"}],"author":[{"embeddable":true,"href":"https:\/\/www.autosphere.fr\/blog\/wp-json\/wp\/v2\/users\/3"}],"replies":[{"embeddable":true,"href":"https:\/\/www.autosphere.fr\/blog\/wp-json\/wp\/v2\/comments?post=3052"}],"version-history":[{"count":1,"href":"https:\/\/www.autosphere.fr\/blog\/wp-json\/wp\/v2\/posts\/3052\/revisions"}],"predecessor-version":[{"id":4104,"href":"https:\/\/www.autosphere.fr\/blog\/wp-json\/wp\/v2\/posts\/3052\/revisions\/4104"}],"wp:featuredmedia":[{"embeddable":true,"href":"https:\/\/www.autosphere.fr\/blog\/wp-json\/wp\/v2\/media\/3053"}],"wp:attachment":[{"href":"https:\/\/www.autosphere.fr\/blog\/wp-json\/wp\/v2\/media?parent=3052"}],"wp:term":[{"taxonomy":"category","embeddable":true,"href":"https:\/\/www.autosphere.fr\/blog\/wp-json\/wp\/v2\/categories?post=3052"},{"taxonomy":"post_tag","embeddable":true,"href":"https:\/\/www.autosphere.fr\/blog\/wp-json\/wp\/v2\/tags?post=3052"},{"taxonomy":"marque","embeddable":true,"href":"https:\/\/www.autosphere.fr\/blog\/wp-json\/wp\/v2\/marque?post=3052"}],"curies":[{"name":"wp","href":"https:\/\/api.w.org\/{rel}","templated":true}]}}