{"id":3287,"date":"2022-02-28T13:06:33","date_gmt":"2022-02-28T11:06:33","guid":{"rendered":"https:\/\/blogautosphere.creatic-agency.fr\/la-r5-fete-ses-50-ans-retour-sur-la-plus-populaire-des-renault\/"},"modified":"2022-12-21T16:37:12","modified_gmt":"2022-12-21T14:37:12","slug":"la-r5-fete-ses-50-ans-retour-sur-la-plus-populaire-des-renault","status":"publish","type":"post","link":"https:\/\/www.autosphere.fr\/blog\/la-r5-fete-ses-50-ans-retour-sur-la-plus-populaire-des-renault\/","title":{"rendered":"La R5 f\u00eate ses 50 ans ! Retour sur la plus populaire des Renault"},"content":{"rendered":"<div class=\"custom-post-container\">\n<p><strong style=\"background-color: initial;\"><em>La R5, c\u00e9l\u00e8bre mod\u00e8le de Renault, vient de f\u00eater ses 50 ans. Sortie dans les ann\u00e9es 70, la \u00ab Supercar \u00bb a rapidement s\u00e9duit toutes les classes sociales en incarnant la modernit\u00e9. <\/em><\/strong><\/p>\n<p>En janvier 1972, Renault lance la R5, sa premi\u00e8re citadine polyvalente. Sur un march\u00e9 largement domin\u00e9 par la Renault 4 et la 2 CV de Citro\u00ebn, la Renault 5 va <strong>r\u00e9volutionner le paysage automobile<\/strong> de part une r\u00e9ussite technique et esth\u00e9tique. Avec ses lignes arrondies, ses 3 portes et ses pare-chocs en polyester qui remplacent les traditionnels pare-chocs en chrome, la R5 <strong>\u00e9tonne et d\u00e9tonne <\/strong> d\u00e8s sa sortie. Techniquement, elle int\u00e8gre des nouveaut\u00e9s en mati\u00e8re de s\u00e9curit\u00e9 en disposant notamment d&#8217;une structure centrale ind\u00e9formable qui permet \u00e0 l\u2019habitacle, en cas de choc, de rester intact pendant que la partie avant encaisse la d\u00e9gradation. Une premi\u00e8re \u00e0 l\u2019\u00e9poque !<\/p>\n<h2 style=\"font-size: 26px;\">Un succ\u00e8s commercial<\/h2>\n<p>Plus performante et plus design que ses concurrentes, la R5 s&#8217;impose comme LA voiture des ann\u00e9es 70\/80. Produite \u00e0 plus de <strong>5,5 millions <\/strong>d&#8217;exemplaires entre 1972 et 1984, elle demeure pendant plus de 10 ans en t\u00eate des ventes des petites cylindr\u00e9es en France en prenant <strong>10 \u00e0 16 % <\/strong> de part de march\u00e9 \u00e0 elle toute seule. Outre ce march\u00e9 national, Renault exporte sa citadine un peu partout dans le reste du globe. L\u2019ann\u00e9e 1984 signera sa mise \u00e0 la retraite bien m\u00e9rit\u00e9e, apr\u00e8s 12 ans de bons et loyaux services.<\/p>\n<h2 style=\"font-size: 26px;\">Vers une R5 \u00e9lectrique<\/h2>\n<p>Renault travaille actuellement sur des v\u00e9hicules \u00e9lectriques inspir\u00e9s de ses mod\u00e8les les plus c\u00e9l\u00e8bres des ann\u00e9es 60 \u00e0 90. Parmi les projets \u00e9voqu\u00e9s : une R5 &#8220;branch\u00e9e&#8221;, abordable et&#8230;. <strong>tout \u00e9lectrique <\/strong>, qui ferait rena\u00eetre de ses cendres la Renault 5 d\u2019il y a 50 ans. La commercialisation est pr\u00e9vue pour 2024.<\/p>\n<\/div>\n","protected":false},"excerpt":{"rendered":"<p>La R5, c\u00e9l\u00e8bre mod\u00e8le de Renault, vient de f\u00eater ses 50 ans. Sortie dans les ann\u00e9es 70, la \u00ab Supercar \u00bb a rapidement s\u00e9duit toutes les classes sociales en incarnant la modernit\u00e9. En janvier 1972, Renault lance la R5, sa premi\u00e8re citadine polyvalente. Sur un march\u00e9 largement domin\u00e9 par la Renault 4 et la 2 [&hellip;]<\/p>\n","protected":false},"author":3,"featured_media":4263,"comment_status":"open","ping_status":"open","sticky":false,"template":"","format":"standard","meta":{"_acf_changed":false,"footnotes":""},"categories":[2],"tags":[],"marque":[57],"class_list":["post-3287","post","type-post","status-publish","format-standard","has-post-thumbnail","hentry","category-actualites","marque-renault"],"acf":[],"yoast_head":"<!-- This site is optimized with the Yoast SEO plugin v27.2 - https:\/\/yoast.com\/product\/yoast-seo-wordpress\/ -->\n<title>La R5 f\u00eate ses 50 ans ! Retour sur la plus populaire des Renault - Blog Autosphere<\/title>\n<meta name=\"robots\" content=\"index, follow, max-snippet:-1, max-image-preview:large, max-video-preview:-1\" \/>\n<link rel=\"canonical\" href=\"https:\/\/www.autosphere.fr\/blog\/la-r5-fete-ses-50-ans-retour-sur-la-plus-populaire-des-renault\/\" \/>\n<meta property=\"og:locale\" content=\"fr_FR\" \/>\n<meta property=\"og:type\" content=\"article\" \/>\n<meta property=\"og:title\" content=\"La R5 f\u00eate ses 50 ans ! Retour sur la plus populaire des Renault - Blog Autosphere\" \/>\n<meta property=\"og:description\" content=\"La R5, c\u00e9l\u00e8bre mod\u00e8le de Renault, vient de f\u00eater ses 50 ans. Sortie dans les ann\u00e9es 70, la \u00ab Supercar \u00bb a rapidement s\u00e9duit toutes les classes sociales en incarnant la modernit\u00e9. En janvier 1972, Renault lance la R5, sa premi\u00e8re citadine polyvalente. Sur un march\u00e9 largement domin\u00e9 par la Renault 4 et la 2 [&hellip;]\" \/>\n<meta property=\"og:url\" content=\"https:\/\/www.autosphere.fr\/blog\/la-r5-fete-ses-50-ans-retour-sur-la-plus-populaire-des-renault\/\" \/>\n<meta property=\"og:site_name\" content=\"Blog Autosphere\" \/>\n<meta property=\"article:publisher\" content=\"https:\/\/www.facebook.com\/autosphere\" \/>\n<meta property=\"article:published_time\" content=\"2022-02-28T11:06:33+00:00\" \/>\n<meta property=\"article:modified_time\" content=\"2022-12-21T14:37:12+00:00\" \/>\n<meta property=\"og:image\" content=\"https:\/\/www.autosphere.fr\/blog\/wp-content\/uploads\/2022\/02\/R5electriqueav-gigapixel-standard-width-1900px-copy.jpg\" \/>\n\t<meta property=\"og:image:width\" content=\"1920\" \/>\n\t<meta property=\"og:image:height\" content=\"750\" \/>\n\t<meta property=\"og:image:type\" content=\"image\/jpeg\" \/>\n<meta name=\"author\" content=\"Florent CHEDOZEAU\" \/>\n<meta name=\"twitter:card\" content=\"summary_large_image\" \/>\n<meta name=\"twitter:label1\" content=\"\u00c9crit par\" \/>\n\t<meta name=\"twitter:data1\" content=\"Florent CHEDOZEAU\" \/>\n\t<meta name=\"twitter:label2\" content=\"Dur\u00e9e de lecture estim\u00e9e\" \/>\n\t<meta name=\"twitter:data2\" content=\"2 minutes\" \/>\n<!-- \/ Yoast SEO plugin. -->","yoast_head_json":{"title":"La R5 f\u00eate ses 50 ans ! Retour sur la plus populaire des Renault - Blog Autosphere","robots":{"index":"index","follow":"follow","max-snippet":"max-snippet:-1","max-image-preview":"max-image-preview:large","max-video-preview":"max-video-preview:-1"},"canonical":"https:\/\/www.autosphere.fr\/blog\/la-r5-fete-ses-50-ans-retour-sur-la-plus-populaire-des-renault\/","og_locale":"fr_FR","og_type":"article","og_title":"La R5 f\u00eate ses 50 ans ! Retour sur la plus populaire des Renault - Blog Autosphere","og_description":"La R5, c\u00e9l\u00e8bre mod\u00e8le de Renault, vient de f\u00eater ses 50 ans. Sortie dans les ann\u00e9es 70, la \u00ab Supercar \u00bb a rapidement s\u00e9duit toutes les classes sociales en incarnant la modernit\u00e9. En janvier 1972, Renault lance la R5, sa premi\u00e8re citadine polyvalente. Sur un march\u00e9 largement domin\u00e9 par la Renault 4 et la 2 [&hellip;]","og_url":"https:\/\/www.autosphere.fr\/blog\/la-r5-fete-ses-50-ans-retour-sur-la-plus-populaire-des-renault\/","og_site_name":"Blog Autosphere","article_publisher":"https:\/\/www.facebook.com\/autosphere","article_published_time":"2022-02-28T11:06:33+00:00","article_modified_time":"2022-12-21T14:37:12+00:00","og_image":[{"width":1920,"height":750,"url":"https:\/\/www.autosphere.fr\/blog\/wp-content\/uploads\/2022\/02\/R5electriqueav-gigapixel-standard-width-1900px-copy.jpg","type":"image\/jpeg"}],"author":"Florent CHEDOZEAU","twitter_card":"summary_large_image","twitter_misc":{"\u00c9crit par":"Florent CHEDOZEAU","Dur\u00e9e de lecture estim\u00e9e":"2 minutes"},"schema":{"@context":"https:\/\/schema.org","@graph":[{"@type":"Article","@id":"https:\/\/www.autosphere.fr\/blog\/la-r5-fete-ses-50-ans-retour-sur-la-plus-populaire-des-renault\/#article","isPartOf":{"@id":"https:\/\/www.autosphere.fr\/blog\/la-r5-fete-ses-50-ans-retour-sur-la-plus-populaire-des-renault\/"},"author":{"name":"Florent CHEDOZEAU","@id":"https:\/\/www.autosphere.fr\/blog\/#\/schema\/person\/157d3ac8c260cc43fa708dbfa8fe558d"},"headline":"La R5 f\u00eate ses 50 ans ! Retour sur la plus populaire des Renault","datePublished":"2022-02-28T11:06:33+00:00","dateModified":"2022-12-21T14:37:12+00:00","mainEntityOfPage":{"@id":"https:\/\/www.autosphere.fr\/blog\/la-r5-fete-ses-50-ans-retour-sur-la-plus-populaire-des-renault\/"},"wordCount":315,"commentCount":0,"publisher":{"@id":"https:\/\/www.autosphere.fr\/blog\/#organization"},"image":{"@id":"https:\/\/www.autosphere.fr\/blog\/la-r5-fete-ses-50-ans-retour-sur-la-plus-populaire-des-renault\/#primaryimage"},"thumbnailUrl":"https:\/\/www.autosphere.fr\/blog\/wp-content\/uploads\/2022\/02\/R5electriqueav-gigapixel-standard-width-1900px-copy.jpg","articleSection":["Actualit\u00e9s"],"inLanguage":"fr-FR","potentialAction":[{"@type":"CommentAction","name":"Comment","target":["https:\/\/www.autosphere.fr\/blog\/la-r5-fete-ses-50-ans-retour-sur-la-plus-populaire-des-renault\/#respond"]}]},{"@type":"WebPage","@id":"https:\/\/www.autosphere.fr\/blog\/la-r5-fete-ses-50-ans-retour-sur-la-plus-populaire-des-renault\/","url":"https:\/\/www.autosphere.fr\/blog\/la-r5-fete-ses-50-ans-retour-sur-la-plus-populaire-des-renault\/","name":"La R5 f\u00eate ses 50 ans ! Retour sur la plus populaire des Renault - Blog Autosphere","isPartOf":{"@id":"https:\/\/www.autosphere.fr\/blog\/#website"},"primaryImageOfPage":{"@id":"https:\/\/www.autosphere.fr\/blog\/la-r5-fete-ses-50-ans-retour-sur-la-plus-populaire-des-renault\/#primaryimage"},"image":{"@id":"https:\/\/www.autosphere.fr\/blog\/la-r5-fete-ses-50-ans-retour-sur-la-plus-populaire-des-renault\/#primaryimage"},"thumbnailUrl":"https:\/\/www.autosphere.fr\/blog\/wp-content\/uploads\/2022\/02\/R5electriqueav-gigapixel-standard-width-1900px-copy.jpg","datePublished":"2022-02-28T11:06:33+00:00","dateModified":"2022-12-21T14:37:12+00:00","breadcrumb":{"@id":"https:\/\/www.autosphere.fr\/blog\/la-r5-fete-ses-50-ans-retour-sur-la-plus-populaire-des-renault\/#breadcrumb"},"inLanguage":"fr-FR","potentialAction":[{"@type":"ReadAction","target":["https:\/\/www.autosphere.fr\/blog\/la-r5-fete-ses-50-ans-retour-sur-la-plus-populaire-des-renault\/"]}]},{"@type":"ImageObject","inLanguage":"fr-FR","@id":"https:\/\/www.autosphere.fr\/blog\/la-r5-fete-ses-50-ans-retour-sur-la-plus-populaire-des-renault\/#primaryimage","url":"https:\/\/www.autosphere.fr\/blog\/wp-content\/uploads\/2022\/02\/R5electriqueav-gigapixel-standard-width-1900px-copy.jpg","contentUrl":"https:\/\/www.autosphere.fr\/blog\/wp-content\/uploads\/2022\/02\/R5electriqueav-gigapixel-standard-width-1900px-copy.jpg","width":1920,"height":750},{"@type":"BreadcrumbList","@id":"https:\/\/www.autosphere.fr\/blog\/la-r5-fete-ses-50-ans-retour-sur-la-plus-populaire-des-renault\/#breadcrumb","itemListElement":[{"@type":"ListItem","position":1,"name":"Accueil","item":"https:\/\/www.autosphere.fr\/blog\/"},{"@type":"ListItem","position":2,"name":"La R5 f\u00eate ses 50 ans ! Retour sur la plus populaire des Renault"}]},{"@type":"WebSite","@id":"https:\/\/www.autosphere.fr\/blog\/#website","url":"https:\/\/www.autosphere.fr\/blog\/","name":"Blog Autosphere","description":"","publisher":{"@id":"https:\/\/www.autosphere.fr\/blog\/#organization"},"potentialAction":[{"@type":"SearchAction","target":{"@type":"EntryPoint","urlTemplate":"https:\/\/www.autosphere.fr\/blog\/?s={search_term_string}"},"query-input":{"@type":"PropertyValueSpecification","valueRequired":true,"valueName":"search_term_string"}}],"inLanguage":"fr-FR"},{"@type":"Organization","@id":"https:\/\/www.autosphere.fr\/blog\/#organization","name":"Blog Autosphere","url":"https:\/\/www.autosphere.fr\/blog\/","logo":{"@type":"ImageObject","inLanguage":"fr-FR","@id":"https:\/\/www.autosphere.fr\/blog\/#\/schema\/logo\/image\/","url":"https:\/\/www.autosphere.fr\/blog\/wp-content\/uploads\/2022\/11\/le-blog-autosphere.png","contentUrl":"https:\/\/www.autosphere.fr\/blog\/wp-content\/uploads\/2022\/11\/le-blog-autosphere.png","width":241,"height":35,"caption":"Blog Autosphere"},"image":{"@id":"https:\/\/www.autosphere.fr\/blog\/#\/schema\/logo\/image\/"},"sameAs":["https:\/\/www.facebook.com\/autosphere","https:\/\/www.instagram.com\/autosphere"]},{"@type":"Person","@id":"https:\/\/www.autosphere.fr\/blog\/#\/schema\/person\/157d3ac8c260cc43fa708dbfa8fe558d","name":"Florent CHEDOZEAU","url":"https:\/\/www.autosphere.fr\/blog\/author\/florent-chedozeau\/"}]}},"_links":{"self":[{"href":"https:\/\/www.autosphere.fr\/blog\/wp-json\/wp\/v2\/posts\/3287","targetHints":{"allow":["GET"]}}],"collection":[{"href":"https:\/\/www.autosphere.fr\/blog\/wp-json\/wp\/v2\/posts"}],"about":[{"href":"https:\/\/www.autosphere.fr\/blog\/wp-json\/wp\/v2\/types\/post"}],"author":[{"embeddable":true,"href":"https:\/\/www.autosphere.fr\/blog\/wp-json\/wp\/v2\/users\/3"}],"replies":[{"embeddable":true,"href":"https:\/\/www.autosphere.fr\/blog\/wp-json\/wp\/v2\/comments?post=3287"}],"version-history":[{"count":2,"href":"https:\/\/www.autosphere.fr\/blog\/wp-json\/wp\/v2\/posts\/3287\/revisions"}],"predecessor-version":[{"id":4264,"href":"https:\/\/www.autosphere.fr\/blog\/wp-json\/wp\/v2\/posts\/3287\/revisions\/4264"}],"wp:featuredmedia":[{"embeddable":true,"href":"https:\/\/www.autosphere.fr\/blog\/wp-json\/wp\/v2\/media\/4263"}],"wp:attachment":[{"href":"https:\/\/www.autosphere.fr\/blog\/wp-json\/wp\/v2\/media?parent=3287"}],"wp:term":[{"taxonomy":"category","embeddable":true,"href":"https:\/\/www.autosphere.fr\/blog\/wp-json\/wp\/v2\/categories?post=3287"},{"taxonomy":"post_tag","embeddable":true,"href":"https:\/\/www.autosphere.fr\/blog\/wp-json\/wp\/v2\/tags?post=3287"},{"taxonomy":"marque","embeddable":true,"href":"https:\/\/www.autosphere.fr\/blog\/wp-json\/wp\/v2\/marque?post=3287"}],"curies":[{"name":"wp","href":"https:\/\/api.w.org\/{rel}","templated":true}]}}