{"id":5898,"date":"2024-10-08T10:35:48","date_gmt":"2024-10-08T08:35:48","guid":{"rendered":"https:\/\/blog.autosphere.fr\/?p=5898"},"modified":"2024-11-05T14:32:08","modified_gmt":"2024-11-05T13:32:08","slug":"les-initiatives-locales-pour-favoriser-la-mobilite-durable","status":"publish","type":"post","link":"https:\/\/www.autosphere.fr\/blog\/les-initiatives-locales-pour-favoriser-la-mobilite-durable\/","title":{"rendered":"Les initiatives locales pour favoriser la mobilit\u00e9 durable"},"content":{"rendered":"\t\t<div data-elementor-type=\"wp-post\" data-elementor-id=\"5898\" class=\"elementor elementor-5898\" data-elementor-post-type=\"post\">\n\t\t\t\t\t\t<section class=\"elementor-section elementor-top-section elementor-element elementor-element-2e85de3 elementor-section-boxed elementor-section-height-default elementor-section-height-default\" data-id=\"2e85de3\" data-element_type=\"section\" data-e-type=\"section\">\n\t\t\t\t\t\t<div class=\"elementor-container elementor-column-gap-default\">\n\t\t\t\t\t<div class=\"elementor-column elementor-col-100 elementor-top-column elementor-element elementor-element-69eb611\" data-id=\"69eb611\" data-element_type=\"column\" data-e-type=\"column\">\n\t\t\t<div class=\"elementor-widget-wrap elementor-element-populated\">\n\t\t\t\t\t\t<div class=\"elementor-element elementor-element-dced19c elementor-widget elementor-widget-text-editor\" data-id=\"dced19c\" data-element_type=\"widget\" data-e-type=\"widget\" data-widget_type=\"text-editor.default\">\n\t\t\t\t<div class=\"elementor-widget-container\">\n\t\t\t\t\t\t\t\t\t<div class=\"ewa-rteLine\">La mobilit\u00e9 durable est devenue un enjeu crucial pour les collectivit\u00e9s locales souhaitant am\u00e9liorer la qualit\u00e9 de vie de leurs habitants et r\u00e9duire leur impact environnemental. De nombreuses villes et r\u00e9gions mettent en place des initiatives innovantes pour encourager des modes de transport plus respectueux de l\u2019environnement. Dans cet article, nous explorons plusieurs de ces initiatives locales et leurs effets positifs sur la mobilit\u00e9 durable.<\/div><div class=\"ewa-rteLine\">\u00a0<\/div>\t\t\t\t\t\t\t\t<\/div>\n\t\t\t\t<\/div>\n\t\t\t\t\t<\/div>\n\t\t<\/div>\n\t\t\t\t\t<\/div>\n\t\t<\/section>\n\t\t\t\t<section class=\"elementor-section elementor-top-section elementor-element elementor-element-d15c733 elementor-section-boxed elementor-section-height-default elementor-section-height-default\" data-id=\"d15c733\" data-element_type=\"section\" data-e-type=\"section\">\n\t\t\t\t\t\t<div class=\"elementor-container elementor-column-gap-default\">\n\t\t\t\t\t<div class=\"elementor-column elementor-col-100 elementor-top-column elementor-element elementor-element-9f921d2\" data-id=\"9f921d2\" data-element_type=\"column\" data-e-type=\"column\">\n\t\t\t<div class=\"elementor-widget-wrap elementor-element-populated\">\n\t\t\t\t\t\t<div class=\"elementor-element elementor-element-0cef14c elementor-widget elementor-widget-heading\" data-id=\"0cef14c\" data-element_type=\"widget\" data-e-type=\"widget\" data-widget_type=\"heading.default\">\n\t\t\t\t<div class=\"elementor-widget-container\">\n\t\t\t\t\t<h2 class=\"elementor-heading-title elementor-size-default\">Pourquoi la mobilit\u00e9 durable est-elle importante ?\n<\/h2>\t\t\t\t<\/div>\n\t\t\t\t<\/div>\n\t\t\t\t\t<\/div>\n\t\t<\/div>\n\t\t\t\t\t<\/div>\n\t\t<\/section>\n\t\t\t\t<section class=\"elementor-section elementor-top-section elementor-element elementor-element-51509ad elementor-section-boxed elementor-section-height-default elementor-section-height-default\" data-id=\"51509ad\" data-element_type=\"section\" data-e-type=\"section\">\n\t\t\t\t\t\t<div class=\"elementor-container elementor-column-gap-default\">\n\t\t\t\t\t<div class=\"elementor-column elementor-col-100 elementor-top-column elementor-element elementor-element-a1cd00e\" data-id=\"a1cd00e\" data-element_type=\"column\" data-e-type=\"column\">\n\t\t\t<div class=\"elementor-widget-wrap elementor-element-populated\">\n\t\t\t\t\t\t<div class=\"elementor-element elementor-element-128d5c2 elementor-widget elementor-widget-text-editor\" data-id=\"128d5c2\" data-element_type=\"widget\" data-e-type=\"widget\" data-widget_type=\"text-editor.default\">\n\t\t\t\t<div class=\"elementor-widget-container\">\n\t\t\t\t\t\t\t\t\t<div class=\"ewa-rteLine\">La mobilit\u00e9 durable vise \u00e0 r\u00e9pondre aux besoins de d\u00e9placement des populations tout en minimisant les impacts n\u00e9gatifs sur l&#8217;environnement et en favorisant la qualit\u00e9 de vie. Elle int\u00e8gre des modes de transport moins polluants, comme la marche, le v\u00e9lo, les transports en commun, et les v\u00e9hicules \u00e9lectriques. Adopter une mobilit\u00e9 durable contribue \u00e0 :<\/div><div class=\"ewa-rteLine\">\u00a0<\/div><ul><li class=\"ewa-rteLine\">R\u00e9duire les \u00e9missions de gaz \u00e0 effet de serre.<\/li><li class=\"ewa-rteLine\">Am\u00e9liorer la qualit\u00e9 de l&#8217;air.<\/li><li class=\"ewa-rteLine\">Diminuer les embouteillages.<\/li><li class=\"ewa-rteLine\">Promouvoir une meilleure sant\u00e9 gr\u00e2ce \u00e0 des modes de d\u00e9placement actifs.<\/li><\/ul>\t\t\t\t\t\t\t\t<\/div>\n\t\t\t\t<\/div>\n\t\t\t\t\t<\/div>\n\t\t<\/div>\n\t\t\t\t\t<\/div>\n\t\t<\/section>\n\t\t\t\t<section class=\"elementor-section elementor-top-section elementor-element elementor-element-a099298 elementor-section-boxed elementor-section-height-default elementor-section-height-default\" data-id=\"a099298\" data-element_type=\"section\" data-e-type=\"section\">\n\t\t\t\t\t\t<div class=\"elementor-container elementor-column-gap-default\">\n\t\t\t\t\t<div class=\"elementor-column elementor-col-100 elementor-top-column elementor-element elementor-element-8a4f507\" data-id=\"8a4f507\" data-element_type=\"column\" data-e-type=\"column\">\n\t\t\t<div class=\"elementor-widget-wrap elementor-element-populated\">\n\t\t\t\t\t\t<div class=\"elementor-element elementor-element-6973a30 elementor-widget elementor-widget-heading\" data-id=\"6973a30\" data-element_type=\"widget\" data-e-type=\"widget\" data-widget_type=\"heading.default\">\n\t\t\t\t<div class=\"elementor-widget-container\">\n\t\t\t\t\t<h2 class=\"elementor-heading-title elementor-size-default\">Exemples d'initiatives locales pour la mobilit\u00e9 durable\n<\/h2>\t\t\t\t<\/div>\n\t\t\t\t<\/div>\n\t\t\t\t\t<\/div>\n\t\t<\/div>\n\t\t\t\t\t<\/div>\n\t\t<\/section>\n\t\t\t\t<section class=\"elementor-section elementor-top-section elementor-element elementor-element-ac5056e elementor-section-boxed elementor-section-height-default elementor-section-height-default\" data-id=\"ac5056e\" data-element_type=\"section\" data-e-type=\"section\">\n\t\t\t\t\t\t<div class=\"elementor-container elementor-column-gap-default\">\n\t\t\t\t\t<div class=\"elementor-column elementor-col-100 elementor-top-column elementor-element elementor-element-7dc8f88\" data-id=\"7dc8f88\" data-element_type=\"column\" data-e-type=\"column\">\n\t\t\t<div class=\"elementor-widget-wrap elementor-element-populated\">\n\t\t\t\t\t\t<div class=\"elementor-element elementor-element-0cef270 elementor-widget elementor-widget-spacer\" data-id=\"0cef270\" data-element_type=\"widget\" data-e-type=\"widget\" data-widget_type=\"spacer.default\">\n\t\t\t\t<div class=\"elementor-widget-container\">\n\t\t\t\t\t\t\t<div class=\"elementor-spacer\">\n\t\t\t<div class=\"elementor-spacer-inner\"><\/div>\n\t\t<\/div>\n\t\t\t\t\t\t<\/div>\n\t\t\t\t<\/div>\n\t\t\t\t\t<\/div>\n\t\t<\/div>\n\t\t\t\t\t<\/div>\n\t\t<\/section>\n\t\t\t\t<section class=\"elementor-section elementor-top-section elementor-element elementor-element-3f8a708 elementor-section-boxed elementor-section-height-default elementor-section-height-default\" data-id=\"3f8a708\" data-element_type=\"section\" data-e-type=\"section\">\n\t\t\t\t\t\t<div class=\"elementor-container elementor-column-gap-default\">\n\t\t\t\t\t<div class=\"elementor-column elementor-col-100 elementor-top-column elementor-element elementor-element-334133a\" data-id=\"334133a\" data-element_type=\"column\" data-e-type=\"column\">\n\t\t\t<div class=\"elementor-widget-wrap elementor-element-populated\">\n\t\t\t\t\t\t<div class=\"elementor-element elementor-element-921a0fc elementor-widget elementor-widget-text-editor\" data-id=\"921a0fc\" data-element_type=\"widget\" data-e-type=\"widget\" data-widget_type=\"text-editor.default\">\n\t\t\t\t<div class=\"elementor-widget-container\">\n\t\t\t\t\t\t\t\t\t<div class=\"ewa-rteLine\"><strong>1. V\u00e9lib&#8217; \u00e0 Paris<\/strong><\/div><div class=\"ewa-rteLine\">\u00a0<\/div><div class=\"ewa-rteLine\">Le syst\u00e8me de v\u00e9los en libre-service V\u00e9lib&#8217; \u00e0 Paris est l&#8217;un des exemples les plus connus d&#8217;initiative de mobilit\u00e9 durable. Lanc\u00e9 en 2007, V\u00e9lib&#8217; permet aux Parisiens et aux visiteurs de louer des v\u00e9los pour de courtes dur\u00e9es, facilitant les d\u00e9placements \u00e0 v\u00e9lo en ville. Le r\u00e9seau V\u00e9lib&#8217; a contribu\u00e9 \u00e0 une augmentation significative de l&#8217;utilisation du v\u00e9lo \u00e0 Paris et a servi de mod\u00e8le pour d&#8217;autres villes \u00e0 travers le monde.<\/div>\t\t\t\t\t\t\t\t<\/div>\n\t\t\t\t<\/div>\n\t\t\t\t\t<\/div>\n\t\t<\/div>\n\t\t\t\t\t<\/div>\n\t\t<\/section>\n\t\t\t\t<section class=\"elementor-section elementor-top-section elementor-element elementor-element-ca83042 elementor-section-boxed elementor-section-height-default elementor-section-height-default\" data-id=\"ca83042\" data-element_type=\"section\" data-e-type=\"section\">\n\t\t\t\t\t\t<div class=\"elementor-container elementor-column-gap-default\">\n\t\t\t\t\t<div class=\"elementor-column elementor-col-100 elementor-top-column elementor-element elementor-element-c0aaaf9\" data-id=\"c0aaaf9\" data-element_type=\"column\" data-e-type=\"column\">\n\t\t\t<div class=\"elementor-widget-wrap elementor-element-populated\">\n\t\t\t\t\t\t<div class=\"elementor-element elementor-element-910e672 elementor-widget elementor-widget-text-editor\" data-id=\"910e672\" data-element_type=\"widget\" data-e-type=\"widget\" data-widget_type=\"text-editor.default\">\n\t\t\t\t<div class=\"elementor-widget-container\">\n\t\t\t\t\t\t\t\t\t<div class=\"ewa-rteLine\"><strong>2. R\u00e9seau de bus \u00e9lectriques \u00e0 Nantes<\/strong><\/div><div class=\"ewa-rteLine\">\u00a0<\/div><div class=\"ewa-rteLine\">Nantes a pris des mesures audacieuses pour \u00e9lectrifier son r\u00e9seau de bus. La ville a investi dans des bus \u00e9lectriques, r\u00e9duisant ainsi les \u00e9missions de CO2 et les nuisances sonores. En plus des bus \u00e9lectriques, Nantes d\u00e9veloppe \u00e9galement des infrastructures pour le v\u00e9lo et les pi\u00e9tons, rendant la ville plus accessible et plus agr\u00e9able \u00e0 vivre.<\/div>\t\t\t\t\t\t\t\t<\/div>\n\t\t\t\t<\/div>\n\t\t\t\t\t<\/div>\n\t\t<\/div>\n\t\t\t\t\t<\/div>\n\t\t<\/section>\n\t\t\t\t<section class=\"elementor-section elementor-top-section elementor-element elementor-element-3094d21 elementor-section-boxed elementor-section-height-default elementor-section-height-default\" data-id=\"3094d21\" data-element_type=\"section\" data-e-type=\"section\">\n\t\t\t\t\t\t<div class=\"elementor-container elementor-column-gap-default\">\n\t\t\t\t\t<div class=\"elementor-column elementor-col-100 elementor-top-column elementor-element elementor-element-88b2d72\" data-id=\"88b2d72\" data-element_type=\"column\" data-e-type=\"column\">\n\t\t\t<div class=\"elementor-widget-wrap elementor-element-populated\">\n\t\t\t\t\t\t<div class=\"elementor-element elementor-element-ee1291e elementor-widget elementor-widget-image\" data-id=\"ee1291e\" data-element_type=\"widget\" data-e-type=\"widget\" data-widget_type=\"image.default\">\n\t\t\t\t<div class=\"elementor-widget-container\">\n\t\t\t\t\t\t\t\t\t\t\t\t\t\t\t<img fetchpriority=\"high\" decoding=\"async\" width=\"640\" height=\"427\" src=\"https:\/\/www.autosphere.fr\/blog\/wp-content\/uploads\/2024\/10\/shutterstock_1822444985-768x512.jpg\" class=\"attachment-medium_large size-medium_large wp-image-5908\" alt=\"\" srcset=\"https:\/\/www.autosphere.fr\/blog\/wp-content\/uploads\/2024\/10\/shutterstock_1822444985-768x512.jpg 768w, https:\/\/www.autosphere.fr\/blog\/wp-content\/uploads\/2024\/10\/shutterstock_1822444985-500x333.jpg 500w, https:\/\/www.autosphere.fr\/blog\/wp-content\/uploads\/2024\/10\/shutterstock_1822444985-1024x683.jpg 1024w, https:\/\/www.autosphere.fr\/blog\/wp-content\/uploads\/2024\/10\/shutterstock_1822444985-1536x1024.jpg 1536w, https:\/\/www.autosphere.fr\/blog\/wp-content\/uploads\/2024\/10\/shutterstock_1822444985-2048x1365.jpg 2048w\" sizes=\"(max-width: 640px) 100vw, 640px\" \/>\t\t\t\t\t\t\t\t\t\t\t\t\t\t\t<\/div>\n\t\t\t\t<\/div>\n\t\t\t\t\t<\/div>\n\t\t<\/div>\n\t\t\t\t\t<\/div>\n\t\t<\/section>\n\t\t\t\t<section class=\"elementor-section elementor-top-section elementor-element elementor-element-0757b87 elementor-section-boxed elementor-section-height-default elementor-section-height-default\" data-id=\"0757b87\" data-element_type=\"section\" data-e-type=\"section\">\n\t\t\t\t\t\t<div class=\"elementor-container elementor-column-gap-default\">\n\t\t\t\t\t<div class=\"elementor-column elementor-col-100 elementor-top-column elementor-element elementor-element-edeae88\" data-id=\"edeae88\" data-element_type=\"column\" data-e-type=\"column\">\n\t\t\t<div class=\"elementor-widget-wrap elementor-element-populated\">\n\t\t\t\t\t\t<div class=\"elementor-element elementor-element-2346571 elementor-widget elementor-widget-spacer\" data-id=\"2346571\" data-element_type=\"widget\" data-e-type=\"widget\" data-widget_type=\"spacer.default\">\n\t\t\t\t<div class=\"elementor-widget-container\">\n\t\t\t\t\t\t\t<div class=\"elementor-spacer\">\n\t\t\t<div class=\"elementor-spacer-inner\"><\/div>\n\t\t<\/div>\n\t\t\t\t\t\t<\/div>\n\t\t\t\t<\/div>\n\t\t\t\t\t<\/div>\n\t\t<\/div>\n\t\t\t\t\t<\/div>\n\t\t<\/section>\n\t\t\t\t<section class=\"elementor-section elementor-top-section elementor-element elementor-element-117a231 elementor-section-boxed elementor-section-height-default elementor-section-height-default\" data-id=\"117a231\" data-element_type=\"section\" data-e-type=\"section\">\n\t\t\t\t\t\t<div class=\"elementor-container elementor-column-gap-default\">\n\t\t\t\t\t<div class=\"elementor-column elementor-col-100 elementor-top-column elementor-element elementor-element-5903d43\" data-id=\"5903d43\" data-element_type=\"column\" data-e-type=\"column\">\n\t\t\t<div class=\"elementor-widget-wrap elementor-element-populated\">\n\t\t\t\t\t\t<div class=\"elementor-element elementor-element-a9415cc elementor-widget elementor-widget-text-editor\" data-id=\"a9415cc\" data-element_type=\"widget\" data-e-type=\"widget\" data-widget_type=\"text-editor.default\">\n\t\t\t\t<div class=\"elementor-widget-container\">\n\t\t\t\t\t\t\t\t\t<div class=\"ewa-rteLine\"><strong>3. Zones \u00e0 faibles \u00e9missions (ZFE) \u00e0 Lyon<\/strong><\/div><div class=\"ewa-rteLine\">\u00a0<\/div><div class=\"ewa-rteLine\">Lyon a mis en place une zone \u00e0 faibles \u00e9missions (ZFE) pour r\u00e9duire la pollution de l&#8217;air en restreignant l&#8217;acc\u00e8s aux v\u00e9hicules les plus polluants. Cette initiative encourage l&#8217;utilisation de v\u00e9hicules moins polluants et promeut des alternatives de transport comme les transports en commun et les mobilit\u00e9s douces. Les ZFE ont prouv\u00e9 leur efficacit\u00e9 dans l&#8217;am\u00e9lioration de la qualit\u00e9 de l&#8217;air et la protection de la sant\u00e9 publique.<\/div>\t\t\t\t\t\t\t\t<\/div>\n\t\t\t\t<\/div>\n\t\t\t\t<div class=\"elementor-element elementor-element-f2fc864 elementor-widget elementor-widget-image\" data-id=\"f2fc864\" data-element_type=\"widget\" data-e-type=\"widget\" data-widget_type=\"image.default\">\n\t\t\t\t<div class=\"elementor-widget-container\">\n\t\t\t\t\t\t\t\t\t\t\t\t\t\t\t<img decoding=\"async\" width=\"640\" height=\"427\" src=\"https:\/\/www.autosphere.fr\/blog\/wp-content\/uploads\/2024\/10\/shutterstock_2492259939-768x512.jpg\" class=\"attachment-medium_large size-medium_large wp-image-5911\" alt=\"\" srcset=\"https:\/\/www.autosphere.fr\/blog\/wp-content\/uploads\/2024\/10\/shutterstock_2492259939-768x512.jpg 768w, https:\/\/www.autosphere.fr\/blog\/wp-content\/uploads\/2024\/10\/shutterstock_2492259939-500x334.jpg 500w, https:\/\/www.autosphere.fr\/blog\/wp-content\/uploads\/2024\/10\/shutterstock_2492259939-1024x683.jpg 1024w, https:\/\/www.autosphere.fr\/blog\/wp-content\/uploads\/2024\/10\/shutterstock_2492259939-1536x1025.jpg 1536w\" sizes=\"(max-width: 640px) 100vw, 640px\" \/>\t\t\t\t\t\t\t\t\t\t\t\t\t\t\t<\/div>\n\t\t\t\t<\/div>\n\t\t\t\t\t<\/div>\n\t\t<\/div>\n\t\t\t\t\t<\/div>\n\t\t<\/section>\n\t\t\t\t<section class=\"elementor-section elementor-top-section elementor-element elementor-element-5e93926 elementor-section-boxed elementor-section-height-default elementor-section-height-default\" data-id=\"5e93926\" data-element_type=\"section\" data-e-type=\"section\">\n\t\t\t\t\t\t<div class=\"elementor-container elementor-column-gap-default\">\n\t\t\t\t\t<div class=\"elementor-column elementor-col-100 elementor-top-column elementor-element elementor-element-38aa527\" data-id=\"38aa527\" data-element_type=\"column\" data-e-type=\"column\">\n\t\t\t<div class=\"elementor-widget-wrap elementor-element-populated\">\n\t\t\t\t\t\t<div class=\"elementor-element elementor-element-e38728e elementor-widget elementor-widget-spacer\" data-id=\"e38728e\" data-element_type=\"widget\" data-e-type=\"widget\" data-widget_type=\"spacer.default\">\n\t\t\t\t<div class=\"elementor-widget-container\">\n\t\t\t\t\t\t\t<div class=\"elementor-spacer\">\n\t\t\t<div class=\"elementor-spacer-inner\"><\/div>\n\t\t<\/div>\n\t\t\t\t\t\t<\/div>\n\t\t\t\t<\/div>\n\t\t\t\t\t<\/div>\n\t\t<\/div>\n\t\t\t\t\t<\/div>\n\t\t<\/section>\n\t\t\t\t<section class=\"elementor-section elementor-top-section elementor-element elementor-element-b5b726f elementor-section-boxed elementor-section-height-default elementor-section-height-default\" data-id=\"b5b726f\" data-element_type=\"section\" data-e-type=\"section\">\n\t\t\t\t\t\t<div class=\"elementor-container elementor-column-gap-default\">\n\t\t\t\t\t<div class=\"elementor-column elementor-col-100 elementor-top-column elementor-element elementor-element-d026476\" data-id=\"d026476\" data-element_type=\"column\" data-e-type=\"column\">\n\t\t\t<div class=\"elementor-widget-wrap elementor-element-populated\">\n\t\t\t\t\t\t<div class=\"elementor-element elementor-element-75d9a54 elementor-widget elementor-widget-text-editor\" data-id=\"75d9a54\" data-element_type=\"widget\" data-e-type=\"widget\" data-widget_type=\"text-editor.default\">\n\t\t\t\t<div class=\"elementor-widget-container\">\n\t\t\t\t\t\t\t\t\t<div class=\"ewa-rteLine\"><strong>4. Autolib&#8217; \u00e0 Bordeaux<\/strong><\/div><div class=\"ewa-rteLine\">\u00a0<\/div><div class=\"ewa-rteLine\">Bordeaux a lanc\u00e9 le service d&#8217;autopartage Autolib&#8217;, permettant aux r\u00e9sidents de louer des voitures \u00e9lectriques pour de courtes p\u00e9riodes. Ce syst\u00e8me r\u00e9duit la d\u00e9pendance \u00e0 la voiture personnelle, diminue les embouteillages et les \u00e9missions de gaz \u00e0 effet de serre. Autolib&#8217; facilite \u00e9galement l&#8217;int\u00e9gration de la voiture \u00e9lectrique dans la vie quotidienne des Bordelais.<\/div>\t\t\t\t\t\t\t\t<\/div>\n\t\t\t\t<\/div>\n\t\t\t\t<div class=\"elementor-element elementor-element-167463d elementor-widget elementor-widget-image\" data-id=\"167463d\" data-element_type=\"widget\" data-e-type=\"widget\" data-widget_type=\"image.default\">\n\t\t\t\t<div class=\"elementor-widget-container\">\n\t\t\t\t\t\t\t\t\t\t\t\t\t\t\t<img decoding=\"async\" width=\"640\" height=\"427\" src=\"https:\/\/www.autosphere.fr\/blog\/wp-content\/uploads\/2024\/10\/shutterstock_2486047923-768x512.jpg\" class=\"attachment-medium_large size-medium_large wp-image-5912\" alt=\"\" srcset=\"https:\/\/www.autosphere.fr\/blog\/wp-content\/uploads\/2024\/10\/shutterstock_2486047923-768x512.jpg 768w, https:\/\/www.autosphere.fr\/blog\/wp-content\/uploads\/2024\/10\/shutterstock_2486047923-500x333.jpg 500w, https:\/\/www.autosphere.fr\/blog\/wp-content\/uploads\/2024\/10\/shutterstock_2486047923-1024x683.jpg 1024w, https:\/\/www.autosphere.fr\/blog\/wp-content\/uploads\/2024\/10\/shutterstock_2486047923-1536x1024.jpg 1536w, https:\/\/www.autosphere.fr\/blog\/wp-content\/uploads\/2024\/10\/shutterstock_2486047923-2048x1365.jpg 2048w\" sizes=\"(max-width: 640px) 100vw, 640px\" \/>\t\t\t\t\t\t\t\t\t\t\t\t\t\t\t<\/div>\n\t\t\t\t<\/div>\n\t\t\t\t\t<\/div>\n\t\t<\/div>\n\t\t\t\t\t<\/div>\n\t\t<\/section>\n\t\t\t\t<section class=\"elementor-section elementor-top-section elementor-element elementor-element-81df49e elementor-section-boxed elementor-section-height-default elementor-section-height-default\" data-id=\"81df49e\" data-element_type=\"section\" data-e-type=\"section\">\n\t\t\t\t\t\t<div class=\"elementor-container elementor-column-gap-default\">\n\t\t\t\t\t<div class=\"elementor-column elementor-col-100 elementor-top-column elementor-element elementor-element-2e59fc2\" data-id=\"2e59fc2\" data-element_type=\"column\" data-e-type=\"column\">\n\t\t\t<div class=\"elementor-widget-wrap elementor-element-populated\">\n\t\t\t\t\t\t<div class=\"elementor-element elementor-element-471544c elementor-widget elementor-widget-spacer\" data-id=\"471544c\" data-element_type=\"widget\" data-e-type=\"widget\" data-widget_type=\"spacer.default\">\n\t\t\t\t<div class=\"elementor-widget-container\">\n\t\t\t\t\t\t\t<div class=\"elementor-spacer\">\n\t\t\t<div class=\"elementor-spacer-inner\"><\/div>\n\t\t<\/div>\n\t\t\t\t\t\t<\/div>\n\t\t\t\t<\/div>\n\t\t\t\t\t<\/div>\n\t\t<\/div>\n\t\t\t\t\t<\/div>\n\t\t<\/section>\n\t\t\t\t<section class=\"elementor-section elementor-top-section elementor-element elementor-element-5df8fd1 elementor-section-boxed elementor-section-height-default elementor-section-height-default\" data-id=\"5df8fd1\" data-element_type=\"section\" data-e-type=\"section\">\n\t\t\t\t\t\t<div class=\"elementor-container elementor-column-gap-default\">\n\t\t\t\t\t<div class=\"elementor-column elementor-col-100 elementor-top-column elementor-element elementor-element-bf7ab03\" data-id=\"bf7ab03\" data-element_type=\"column\" data-e-type=\"column\">\n\t\t\t<div class=\"elementor-widget-wrap elementor-element-populated\">\n\t\t\t\t\t\t<div class=\"elementor-element elementor-element-2f31734 elementor-widget elementor-widget-text-editor\" data-id=\"2f31734\" data-element_type=\"widget\" data-e-type=\"widget\" data-widget_type=\"text-editor.default\">\n\t\t\t\t<div class=\"elementor-widget-container\">\n\t\t\t\t\t\t\t\t\t<div class=\"ewa-rteLine\"><strong>5. Tramway \u00e0 Strasbourg<\/strong><\/div><div class=\"ewa-rteLine\">\u00a0<\/div><div class=\"ewa-rteLine\">Strasbourg est souvent cit\u00e9e en exemple pour son r\u00e9seau de tramway tr\u00e8s d\u00e9velopp\u00e9. La ville a investi dans un r\u00e9seau de tramway moderne et efficace, qui dessert l&#8217;ensemble de l&#8217;agglom\u00e9ration. Ce mode de transport propre et fiable a permis de r\u00e9duire l&#8217;usage de la voiture et de dynamiser le centre-ville. Strasbourg continue d&#8217;innover en mati\u00e8re de transport durable en d\u00e9veloppant des lignes suppl\u00e9mentaires et en int\u00e9grant de nouvelles technologies.<\/div>\t\t\t\t\t\t\t\t<\/div>\n\t\t\t\t<\/div>\n\t\t\t\t\t<\/div>\n\t\t<\/div>\n\t\t\t\t\t<\/div>\n\t\t<\/section>\n\t\t\t\t<section class=\"elementor-section elementor-top-section elementor-element elementor-element-af32005 elementor-section-boxed elementor-section-height-default elementor-section-height-default\" data-id=\"af32005\" data-element_type=\"section\" data-e-type=\"section\">\n\t\t\t\t\t\t<div class=\"elementor-container elementor-column-gap-default\">\n\t\t\t\t\t<div class=\"elementor-column elementor-col-100 elementor-top-column elementor-element elementor-element-221048b\" data-id=\"221048b\" data-element_type=\"column\" data-e-type=\"column\">\n\t\t\t<div class=\"elementor-widget-wrap elementor-element-populated\">\n\t\t\t\t\t\t<div class=\"elementor-element elementor-element-c8097a9 elementor-widget elementor-widget-spacer\" data-id=\"c8097a9\" data-element_type=\"widget\" data-e-type=\"widget\" data-widget_type=\"spacer.default\">\n\t\t\t\t<div class=\"elementor-widget-container\">\n\t\t\t\t\t\t\t<div class=\"elementor-spacer\">\n\t\t\t<div class=\"elementor-spacer-inner\"><\/div>\n\t\t<\/div>\n\t\t\t\t\t\t<\/div>\n\t\t\t\t<\/div>\n\t\t\t\t\t<\/div>\n\t\t<\/div>\n\t\t\t\t\t<\/div>\n\t\t<\/section>\n\t\t\t\t<section class=\"elementor-section elementor-top-section elementor-element elementor-element-5e814a8 elementor-section-boxed elementor-section-height-default elementor-section-height-default\" data-id=\"5e814a8\" data-element_type=\"section\" data-e-type=\"section\">\n\t\t\t\t\t\t<div class=\"elementor-container elementor-column-gap-default\">\n\t\t\t\t\t<div class=\"elementor-column elementor-col-100 elementor-top-column elementor-element elementor-element-ce80d68\" data-id=\"ce80d68\" data-element_type=\"column\" data-e-type=\"column\">\n\t\t\t<div class=\"elementor-widget-wrap elementor-element-populated\">\n\t\t\t\t\t\t<div class=\"elementor-element elementor-element-8b4024d elementor-widget elementor-widget-image\" data-id=\"8b4024d\" data-element_type=\"widget\" data-e-type=\"widget\" data-widget_type=\"image.default\">\n\t\t\t\t<div class=\"elementor-widget-container\">\n\t\t\t\t\t\t\t\t\t\t\t\t\t\t\t<img loading=\"lazy\" decoding=\"async\" width=\"640\" height=\"427\" src=\"https:\/\/www.autosphere.fr\/blog\/wp-content\/uploads\/2024\/10\/shutterstock_1581080365-768x512.jpg\" class=\"attachment-medium_large size-medium_large wp-image-5909\" alt=\"\" srcset=\"https:\/\/www.autosphere.fr\/blog\/wp-content\/uploads\/2024\/10\/shutterstock_1581080365-768x512.jpg 768w, https:\/\/www.autosphere.fr\/blog\/wp-content\/uploads\/2024\/10\/shutterstock_1581080365-500x333.jpg 500w, https:\/\/www.autosphere.fr\/blog\/wp-content\/uploads\/2024\/10\/shutterstock_1581080365-1024x683.jpg 1024w, https:\/\/www.autosphere.fr\/blog\/wp-content\/uploads\/2024\/10\/shutterstock_1581080365-1536x1024.jpg 1536w, https:\/\/www.autosphere.fr\/blog\/wp-content\/uploads\/2024\/10\/shutterstock_1581080365-2048x1365.jpg 2048w\" sizes=\"(max-width: 640px) 100vw, 640px\" \/>\t\t\t\t\t\t\t\t\t\t\t\t\t\t\t<\/div>\n\t\t\t\t<\/div>\n\t\t\t\t\t<\/div>\n\t\t<\/div>\n\t\t\t\t\t<\/div>\n\t\t<\/section>\n\t\t\t\t<section class=\"elementor-section elementor-top-section elementor-element elementor-element-638d3c5 elementor-section-boxed elementor-section-height-default elementor-section-height-default\" data-id=\"638d3c5\" data-element_type=\"section\" data-e-type=\"section\">\n\t\t\t\t\t\t<div class=\"elementor-container elementor-column-gap-default\">\n\t\t\t\t\t<div class=\"elementor-column elementor-col-100 elementor-top-column elementor-element elementor-element-d498ffb\" data-id=\"d498ffb\" data-element_type=\"column\" data-e-type=\"column\">\n\t\t\t<div class=\"elementor-widget-wrap elementor-element-populated\">\n\t\t\t\t\t\t<div class=\"elementor-element elementor-element-a78256a elementor-widget elementor-widget-text-editor\" data-id=\"a78256a\" data-element_type=\"widget\" data-e-type=\"widget\" data-widget_type=\"text-editor.default\">\n\t\t\t\t<div class=\"elementor-widget-container\">\n\t\t\t\t\t\t\t\t\t<div class=\"ewa-rteLine\"><strong>6. Plan V\u00e9lo \u00e0 Grenoble<\/strong><\/div><div class=\"ewa-rteLine\">\u00a0<\/div><div class=\"ewa-rteLine\">Grenoble a mis en place un Plan V\u00e9lo ambitieux pour devenir une ville cyclable de r\u00e9f\u00e9rence. Ce plan inclut la cr\u00e9ation de pistes cyclables s\u00e9curis\u00e9es, l&#8217;installation de parkings \u00e0 v\u00e9los, et des programmes de sensibilisation pour encourager les habitants \u00e0 adopter le v\u00e9lo pour leurs d\u00e9placements quotidiens. Le succ\u00e8s du Plan V\u00e9lo \u00e0 Grenoble est visible dans l&#8217;augmentation du nombre de cyclistes et la r\u00e9duction de la circulation automobile.<\/div>\t\t\t\t\t\t\t\t<\/div>\n\t\t\t\t<\/div>\n\t\t\t\t\t<\/div>\n\t\t<\/div>\n\t\t\t\t\t<\/div>\n\t\t<\/section>\n\t\t\t\t<section class=\"elementor-section elementor-top-section elementor-element elementor-element-879b44b elementor-section-boxed elementor-section-height-default elementor-section-height-default\" data-id=\"879b44b\" data-element_type=\"section\" data-e-type=\"section\">\n\t\t\t\t\t\t<div class=\"elementor-container elementor-column-gap-default\">\n\t\t\t\t\t<div class=\"elementor-column elementor-col-100 elementor-top-column elementor-element elementor-element-de80ca3\" data-id=\"de80ca3\" data-element_type=\"column\" data-e-type=\"column\">\n\t\t\t<div class=\"elementor-widget-wrap elementor-element-populated\">\n\t\t\t\t\t\t<div class=\"elementor-element elementor-element-e27a952 elementor-widget elementor-widget-spacer\" data-id=\"e27a952\" data-element_type=\"widget\" data-e-type=\"widget\" data-widget_type=\"spacer.default\">\n\t\t\t\t<div class=\"elementor-widget-container\">\n\t\t\t\t\t\t\t<div class=\"elementor-spacer\">\n\t\t\t<div class=\"elementor-spacer-inner\"><\/div>\n\t\t<\/div>\n\t\t\t\t\t\t<\/div>\n\t\t\t\t<\/div>\n\t\t\t\t\t<\/div>\n\t\t<\/div>\n\t\t\t\t\t<\/div>\n\t\t<\/section>\n\t\t\t\t<section class=\"elementor-section elementor-top-section elementor-element elementor-element-e1a9f30 elementor-section-boxed elementor-section-height-default elementor-section-height-default\" data-id=\"e1a9f30\" data-element_type=\"section\" data-e-type=\"section\">\n\t\t\t\t\t\t<div class=\"elementor-container elementor-column-gap-default\">\n\t\t\t\t\t<div class=\"elementor-column elementor-col-100 elementor-top-column elementor-element elementor-element-17eaf55\" data-id=\"17eaf55\" data-element_type=\"column\" data-e-type=\"column\">\n\t\t\t<div class=\"elementor-widget-wrap elementor-element-populated\">\n\t\t\t\t\t\t<div class=\"elementor-element elementor-element-5b0bbe8 elementor-widget elementor-widget-image\" data-id=\"5b0bbe8\" data-element_type=\"widget\" data-e-type=\"widget\" data-widget_type=\"image.default\">\n\t\t\t\t<div class=\"elementor-widget-container\">\n\t\t\t\t\t\t\t\t\t\t\t\t\t\t\t<img loading=\"lazy\" decoding=\"async\" width=\"640\" height=\"428\" src=\"https:\/\/www.autosphere.fr\/blog\/wp-content\/uploads\/2024\/10\/shutterstock_494848198-768x513.jpg\" class=\"attachment-medium_large size-medium_large wp-image-5910\" alt=\"\" srcset=\"https:\/\/www.autosphere.fr\/blog\/wp-content\/uploads\/2024\/10\/shutterstock_494848198-768x513.jpg 768w, https:\/\/www.autosphere.fr\/blog\/wp-content\/uploads\/2024\/10\/shutterstock_494848198-500x334.jpg 500w, https:\/\/www.autosphere.fr\/blog\/wp-content\/uploads\/2024\/10\/shutterstock_494848198-1024x683.jpg 1024w, https:\/\/www.autosphere.fr\/blog\/wp-content\/uploads\/2024\/10\/shutterstock_494848198-1536x1025.jpg 1536w, https:\/\/www.autosphere.fr\/blog\/wp-content\/uploads\/2024\/10\/shutterstock_494848198-2048x1367.jpg 2048w\" sizes=\"(max-width: 640px) 100vw, 640px\" \/>\t\t\t\t\t\t\t\t\t\t\t\t\t\t\t<\/div>\n\t\t\t\t<\/div>\n\t\t\t\t\t<\/div>\n\t\t<\/div>\n\t\t\t\t\t<\/div>\n\t\t<\/section>\n\t\t\t\t<section class=\"elementor-section elementor-top-section elementor-element elementor-element-10fe57a elementor-section-boxed elementor-section-height-default elementor-section-height-default\" data-id=\"10fe57a\" data-element_type=\"section\" data-e-type=\"section\">\n\t\t\t\t\t\t<div class=\"elementor-container elementor-column-gap-default\">\n\t\t\t\t\t<div class=\"elementor-column elementor-col-100 elementor-top-column elementor-element elementor-element-b1f2e07\" data-id=\"b1f2e07\" data-element_type=\"column\" data-e-type=\"column\">\n\t\t\t<div class=\"elementor-widget-wrap elementor-element-populated\">\n\t\t\t\t\t\t<div class=\"elementor-element elementor-element-488df35 elementor-widget elementor-widget-text-editor\" data-id=\"488df35\" data-element_type=\"widget\" data-e-type=\"widget\" data-widget_type=\"text-editor.default\">\n\t\t\t\t<div class=\"elementor-widget-container\">\n\t\t\t\t\t\t\t\t\t<div class=\"ewa-rteLine\"><strong>7. Mobilit\u00e9 partag\u00e9e \u00e0 Lille<\/strong><\/div><div class=\"ewa-rteLine\">\u00a0<\/div><div class=\"ewa-rteLine\">Lille a d\u00e9velopp\u00e9 un r\u00e9seau de mobilit\u00e9 partag\u00e9e incluant des v\u00e9los, des scooters et des voitures en libre-service. Ces services sont int\u00e9gr\u00e9s dans une application unique, facilitant l&#8217;acc\u00e8s pour les utilisateurs. La mobilit\u00e9 partag\u00e9e permet de r\u00e9duire le nombre de v\u00e9hicules en circulation, diminuer les embouteillages et encourager l&#8217;utilisation de modes de transport alternatifs.<\/div>\t\t\t\t\t\t\t\t<\/div>\n\t\t\t\t<\/div>\n\t\t\t\t\t<\/div>\n\t\t<\/div>\n\t\t\t\t\t<\/div>\n\t\t<\/section>\n\t\t\t\t<section class=\"elementor-section elementor-top-section elementor-element elementor-element-8fe27c2 elementor-section-boxed elementor-section-height-default elementor-section-height-default\" data-id=\"8fe27c2\" data-element_type=\"section\" data-e-type=\"section\">\n\t\t\t\t\t\t<div class=\"elementor-container elementor-column-gap-default\">\n\t\t\t\t\t<div class=\"elementor-column elementor-col-100 elementor-top-column elementor-element elementor-element-9a7e128\" data-id=\"9a7e128\" data-element_type=\"column\" data-e-type=\"column\">\n\t\t\t<div class=\"elementor-widget-wrap elementor-element-populated\">\n\t\t\t\t\t\t<div class=\"elementor-element elementor-element-3a7d149 elementor-widget elementor-widget-spacer\" data-id=\"3a7d149\" data-element_type=\"widget\" data-e-type=\"widget\" data-widget_type=\"spacer.default\">\n\t\t\t\t<div class=\"elementor-widget-container\">\n\t\t\t\t\t\t\t<div class=\"elementor-spacer\">\n\t\t\t<div class=\"elementor-spacer-inner\"><\/div>\n\t\t<\/div>\n\t\t\t\t\t\t<\/div>\n\t\t\t\t<\/div>\n\t\t\t\t\t<\/div>\n\t\t<\/div>\n\t\t\t\t\t<\/div>\n\t\t<\/section>\n\t\t\t\t<section class=\"elementor-section elementor-top-section elementor-element elementor-element-9a209f1 elementor-section-boxed elementor-section-height-default elementor-section-height-default\" data-id=\"9a209f1\" data-element_type=\"section\" data-e-type=\"section\">\n\t\t\t\t\t\t<div class=\"elementor-container elementor-column-gap-default\">\n\t\t\t\t\t<div class=\"elementor-column elementor-col-100 elementor-top-column elementor-element elementor-element-1469bc6\" data-id=\"1469bc6\" data-element_type=\"column\" data-e-type=\"column\">\n\t\t\t<div class=\"elementor-widget-wrap elementor-element-populated\">\n\t\t\t\t\t\t<div class=\"elementor-element elementor-element-eee3273 elementor-widget elementor-widget-heading\" data-id=\"eee3273\" data-element_type=\"widget\" data-e-type=\"widget\" data-widget_type=\"heading.default\">\n\t\t\t\t<div class=\"elementor-widget-container\">\n\t\t\t\t\t<h2 class=\"elementor-heading-title elementor-size-default\">Impact des initiatives locales sur la mobilit\u00e9 durable\n<\/h2>\t\t\t\t<\/div>\n\t\t\t\t<\/div>\n\t\t\t\t\t<\/div>\n\t\t<\/div>\n\t\t\t\t\t<\/div>\n\t\t<\/section>\n\t\t\t\t<section class=\"elementor-section elementor-top-section elementor-element elementor-element-d54b436 elementor-section-boxed elementor-section-height-default elementor-section-height-default\" data-id=\"d54b436\" data-element_type=\"section\" data-e-type=\"section\">\n\t\t\t\t\t\t<div class=\"elementor-container elementor-column-gap-default\">\n\t\t\t\t\t<div class=\"elementor-column elementor-col-100 elementor-top-column elementor-element elementor-element-6fa8ca6\" data-id=\"6fa8ca6\" data-element_type=\"column\" data-e-type=\"column\">\n\t\t\t<div class=\"elementor-widget-wrap elementor-element-populated\">\n\t\t\t\t\t\t<div class=\"elementor-element elementor-element-dbbae3d elementor-widget elementor-widget-text-editor\" data-id=\"dbbae3d\" data-element_type=\"widget\" data-e-type=\"widget\" data-widget_type=\"text-editor.default\">\n\t\t\t\t<div class=\"elementor-widget-container\">\n\t\t\t\t\t\t\t\t\t<div class=\"ewa-rteLine\">Les initiatives locales pour la mobilit\u00e9 durable ont des effets positifs significatifs sur les villes et leurs habitants :<\/div><div class=\"ewa-rteLine\">\u00a0<\/div><ul><li class=\"ewa-rteLine\">R\u00e9duction de la pollution : Les transports en commun \u00e9lectriques, les zones \u00e0 faibles \u00e9missions et les v\u00e9los en libre-service contribuent \u00e0 r\u00e9duire les \u00e9missions de CO2 et autres polluants.<\/li><li class=\"ewa-rteLine\">Am\u00e9lioration de la qualit\u00e9 de vie : Des modes de transport plus propres et des infrastructures pour la mobilit\u00e9 douce rendent les villes plus agr\u00e9ables \u00e0 vivre.<\/li><li class=\"ewa-rteLine\">D\u00e9veloppement \u00e9conomique : Les innovations en mati\u00e8re de transport durable peuvent attirer des entreprises et des investissements, stimulant ainsi l&#8217;\u00e9conomie locale.<\/li><li class=\"ewa-rteLine\">Promotion de la sant\u00e9 publique : L&#8217;encouragement de la marche et du v\u00e9lo contribue \u00e0 une population plus active et en meilleure sant\u00e9.<\/li><\/ul>\t\t\t\t\t\t\t\t<\/div>\n\t\t\t\t<\/div>\n\t\t\t\t\t<\/div>\n\t\t<\/div>\n\t\t\t\t\t<\/div>\n\t\t<\/section>\n\t\t\t\t<section class=\"elementor-section elementor-top-section elementor-element elementor-element-c956072 elementor-section-boxed elementor-section-height-default elementor-section-height-default\" data-id=\"c956072\" data-element_type=\"section\" data-e-type=\"section\">\n\t\t\t\t\t\t<div class=\"elementor-container elementor-column-gap-default\">\n\t\t\t\t\t<div class=\"elementor-column elementor-col-100 elementor-top-column elementor-element elementor-element-91a6960\" data-id=\"91a6960\" data-element_type=\"column\" data-e-type=\"column\">\n\t\t\t<div class=\"elementor-widget-wrap elementor-element-populated\">\n\t\t\t\t\t\t<div class=\"elementor-element elementor-element-f819a44 elementor-widget elementor-widget-heading\" data-id=\"f819a44\" data-element_type=\"widget\" data-e-type=\"widget\" data-widget_type=\"heading.default\">\n\t\t\t\t<div class=\"elementor-widget-container\">\n\t\t\t\t\t<h2 class=\"elementor-heading-title elementor-size-default\">Conclusion : un avenir de mobilit\u00e9 durable<\/h2>\t\t\t\t<\/div>\n\t\t\t\t<\/div>\n\t\t\t\t\t<\/div>\n\t\t<\/div>\n\t\t\t\t\t<\/div>\n\t\t<\/section>\n\t\t\t\t<section class=\"elementor-section elementor-top-section elementor-element elementor-element-dc614d8 elementor-section-boxed elementor-section-height-default elementor-section-height-default\" data-id=\"dc614d8\" data-element_type=\"section\" data-e-type=\"section\">\n\t\t\t\t\t\t<div class=\"elementor-container elementor-column-gap-default\">\n\t\t\t\t\t<div class=\"elementor-column elementor-col-100 elementor-top-column elementor-element elementor-element-c56e8d7\" data-id=\"c56e8d7\" data-element_type=\"column\" data-e-type=\"column\">\n\t\t\t<div class=\"elementor-widget-wrap elementor-element-populated\">\n\t\t\t\t\t\t<div class=\"elementor-element elementor-element-caa019f elementor-widget elementor-widget-text-editor\" data-id=\"caa019f\" data-element_type=\"widget\" data-e-type=\"widget\" data-widget_type=\"text-editor.default\">\n\t\t\t\t<div class=\"elementor-widget-container\">\n\t\t\t\t\t\t\t\t\t<div class=\"ewa-rteLine\">Les initiatives locales pour favoriser la mobilit\u00e9 durable montrent qu&#8217;il est possible de combiner efficacit\u00e9, innovation et respect de l&#8217;environnement. En s&#8217;inspirant de ces exemples, d&#8217;autres villes peuvent adopter des mesures similaires pour am\u00e9liorer la qualit\u00e9 de vie de leurs habitants tout en r\u00e9duisant leur empreinte \u00e9cologique.<\/div>\t\t\t\t\t\t\t\t<\/div>\n\t\t\t\t<\/div>\n\t\t\t\t\t<\/div>\n\t\t<\/div>\n\t\t\t\t\t<\/div>\n\t\t<\/section>\n\t\t\t\t<section class=\"elementor-section elementor-top-section elementor-element elementor-element-02b2c40 elementor-section-boxed elementor-section-height-default elementor-section-height-default\" data-id=\"02b2c40\" data-element_type=\"section\" data-e-type=\"section\">\n\t\t\t\t\t\t<div class=\"elementor-container elementor-column-gap-default\">\n\t\t\t\t\t<div class=\"elementor-column elementor-col-100 elementor-top-column elementor-element elementor-element-a71b16b\" data-id=\"a71b16b\" data-element_type=\"column\" data-e-type=\"column\">\n\t\t\t<div class=\"elementor-widget-wrap elementor-element-populated\">\n\t\t\t\t\t\t<div class=\"elementor-element elementor-element-d2df40b elementor-widget elementor-widget-text-editor\" data-id=\"d2df40b\" data-element_type=\"widget\" data-e-type=\"widget\" data-widget_type=\"text-editor.default\">\n\t\t\t\t<div class=\"elementor-widget-container\">\n\t\t\t\t\t\t\t\t\t<p>Chez Autosphere, nous nous engageons \u00e0 promouvoir des solutions de mobilit\u00e9 durable. Que vous cherchiez \u00e0 adopter un v\u00e9hicule \u00e9lectrique ou \u00e0 explorer des options de mobilit\u00e9 partag\u00e9e, nos experts sont l\u00e0 pour vous guider et vous conseiller. D\u00e9couvrez notre gamme de v\u00e9hicules \u00e9cologiques et profitez de notre expertise pour faire le meilleur choix.<\/p>\t\t\t\t\t\t\t\t<\/div>\n\t\t\t\t<\/div>\n\t\t\t\t\t<\/div>\n\t\t<\/div>\n\t\t\t\t\t<\/div>\n\t\t<\/section>\n\t\t\t\t<section class=\"elementor-section elementor-top-section elementor-element elementor-element-9c0b2b9 elementor-section-boxed elementor-section-height-default elementor-section-height-default\" data-id=\"9c0b2b9\" data-element_type=\"section\" data-e-type=\"section\">\n\t\t\t\t\t\t<div class=\"elementor-container elementor-column-gap-default\">\n\t\t\t\t\t<div class=\"elementor-column elementor-col-100 elementor-top-column elementor-element elementor-element-9885b4c\" data-id=\"9885b4c\" data-element_type=\"column\" data-e-type=\"column\">\n\t\t\t<div class=\"elementor-widget-wrap elementor-element-populated\">\n\t\t\t\t\t\t<div class=\"elementor-element elementor-element-e6eae28 elementor-align-center elementor-widget elementor-widget-button\" data-id=\"e6eae28\" data-element_type=\"widget\" data-e-type=\"widget\" data-widget_type=\"button.default\">\n\t\t\t\t<div class=\"elementor-widget-container\">\n\t\t\t\t\t\t\t\t\t<div class=\"elementor-button-wrapper\">\n\t\t\t\t\t<a class=\"elementor-button elementor-button-link elementor-size-sm\" href=\"https:\/\/rs.autosphere.fr\/mobilite_durable\">\n\t\t\t\t\t\t<span class=\"elementor-button-content-wrapper\">\n\t\t\t\t\t\t\t\t\t<span class=\"elementor-button-text\">Votre futur v\u00e9hicule \u00e9lectrique se trouve ici<\/span>\n\t\t\t\t\t<\/span>\n\t\t\t\t\t<\/a>\n\t\t\t\t<\/div>\n\t\t\t\t\t\t\t\t<\/div>\n\t\t\t\t<\/div>\n\t\t\t\t\t<\/div>\n\t\t<\/div>\n\t\t\t\t\t<\/div>\n\t\t<\/section>\n\t\t\t\t<\/div>\n\t\t","protected":false},"excerpt":{"rendered":"<p>D\u00e9couvrez les initiatives locales pour favoriser la mobilit\u00e9 durable avec des exemples concrets et leurs impacts positifs.<\/p>\n","protected":false},"author":8,"featured_media":5913,"comment_status":"open","ping_status":"open","sticky":false,"template":"","format":"standard","meta":{"_acf_changed":false,"footnotes":""},"categories":[2],"tags":[],"marque":[],"class_list":["post-5898","post","type-post","status-publish","format-standard","has-post-thumbnail","hentry","category-actualites"],"acf":[],"yoast_head":"<!-- This site is optimized with the Yoast SEO plugin v27.2 - https:\/\/yoast.com\/product\/yoast-seo-wordpress\/ -->\n<title>Les initiatives locales pour favoriser la mobilit\u00e9 durable - Blog Autosphere<\/title>\n<meta name=\"description\" content=\"D\u00e9couvrez les initiatives locales pour favoriser la mobilit\u00e9 durable avec des exemples concrets et leurs impacts positifs.\" \/>\n<meta name=\"robots\" content=\"index, follow, max-snippet:-1, max-image-preview:large, max-video-preview:-1\" \/>\n<link rel=\"canonical\" href=\"https:\/\/www.autosphere.fr\/blog\/les-initiatives-locales-pour-favoriser-la-mobilite-durable\/\" \/>\n<meta property=\"og:locale\" content=\"fr_FR\" \/>\n<meta property=\"og:type\" content=\"article\" \/>\n<meta property=\"og:title\" content=\"Les initiatives locales pour favoriser la mobilit\u00e9 durable - Blog Autosphere\" \/>\n<meta property=\"og:description\" content=\"D\u00e9couvrez les initiatives locales pour favoriser la mobilit\u00e9 durable avec des exemples concrets et leurs impacts positifs.\" \/>\n<meta property=\"og:url\" content=\"https:\/\/www.autosphere.fr\/blog\/les-initiatives-locales-pour-favoriser-la-mobilite-durable\/\" \/>\n<meta property=\"og:site_name\" content=\"Blog Autosphere\" \/>\n<meta property=\"article:publisher\" content=\"https:\/\/www.facebook.com\/autosphere\" \/>\n<meta property=\"article:published_time\" content=\"2024-10-08T08:35:48+00:00\" \/>\n<meta property=\"article:modified_time\" content=\"2024-11-05T13:32:08+00:00\" \/>\n<meta property=\"og:image\" content=\"https:\/\/www.autosphere.fr\/blog\/wp-content\/uploads\/2024\/10\/shutterstock_1974061061-scaled-e1728376592569.jpg\" \/>\n\t<meta property=\"og:image:width\" content=\"2560\" \/>\n\t<meta property=\"og:image:height\" content=\"1318\" \/>\n\t<meta property=\"og:image:type\" content=\"image\/jpeg\" \/>\n<meta name=\"author\" content=\"La r\u00e9daction autosphere\" \/>\n<meta name=\"twitter:card\" content=\"summary_large_image\" \/>\n<meta name=\"twitter:label1\" content=\"\u00c9crit par\" \/>\n\t<meta name=\"twitter:data1\" content=\"La r\u00e9daction autosphere\" \/>\n\t<meta name=\"twitter:label2\" content=\"Dur\u00e9e de lecture estim\u00e9e\" \/>\n\t<meta name=\"twitter:data2\" content=\"6 minutes\" \/>\n<!-- \/ Yoast SEO plugin. -->","yoast_head_json":{"title":"Les initiatives locales pour favoriser la mobilit\u00e9 durable - Blog Autosphere","description":"D\u00e9couvrez les initiatives locales pour favoriser la mobilit\u00e9 durable avec des exemples concrets et leurs impacts positifs.","robots":{"index":"index","follow":"follow","max-snippet":"max-snippet:-1","max-image-preview":"max-image-preview:large","max-video-preview":"max-video-preview:-1"},"canonical":"https:\/\/www.autosphere.fr\/blog\/les-initiatives-locales-pour-favoriser-la-mobilite-durable\/","og_locale":"fr_FR","og_type":"article","og_title":"Les initiatives locales pour favoriser la mobilit\u00e9 durable - Blog Autosphere","og_description":"D\u00e9couvrez les initiatives locales pour favoriser la mobilit\u00e9 durable avec des exemples concrets et leurs impacts positifs.","og_url":"https:\/\/www.autosphere.fr\/blog\/les-initiatives-locales-pour-favoriser-la-mobilite-durable\/","og_site_name":"Blog Autosphere","article_publisher":"https:\/\/www.facebook.com\/autosphere","article_published_time":"2024-10-08T08:35:48+00:00","article_modified_time":"2024-11-05T13:32:08+00:00","og_image":[{"width":2560,"height":1318,"url":"https:\/\/www.autosphere.fr\/blog\/wp-content\/uploads\/2024\/10\/shutterstock_1974061061-scaled-e1728376592569.jpg","type":"image\/jpeg"}],"author":"La r\u00e9daction autosphere","twitter_card":"summary_large_image","twitter_misc":{"\u00c9crit par":"La r\u00e9daction autosphere","Dur\u00e9e de lecture estim\u00e9e":"6 minutes"},"schema":{"@context":"https:\/\/schema.org","@graph":[{"@type":"Article","@id":"https:\/\/www.autosphere.fr\/blog\/les-initiatives-locales-pour-favoriser-la-mobilite-durable\/#article","isPartOf":{"@id":"https:\/\/www.autosphere.fr\/blog\/les-initiatives-locales-pour-favoriser-la-mobilite-durable\/"},"author":{"name":"La r\u00e9daction autosphere","@id":"https:\/\/www.autosphere.fr\/blog\/#\/schema\/person\/2738ae1503ca6434676c831cd04ebc85"},"headline":"Les initiatives locales pour favoriser la mobilit\u00e9 durable","datePublished":"2024-10-08T08:35:48+00:00","dateModified":"2024-11-05T13:32:08+00:00","mainEntityOfPage":{"@id":"https:\/\/www.autosphere.fr\/blog\/les-initiatives-locales-pour-favoriser-la-mobilite-durable\/"},"wordCount":970,"commentCount":0,"publisher":{"@id":"https:\/\/www.autosphere.fr\/blog\/#organization"},"image":{"@id":"https:\/\/www.autosphere.fr\/blog\/les-initiatives-locales-pour-favoriser-la-mobilite-durable\/#primaryimage"},"thumbnailUrl":"https:\/\/www.autosphere.fr\/blog\/wp-content\/uploads\/2024\/10\/shutterstock_1974061061-scaled-e1728376592569.jpg","articleSection":["Actualit\u00e9s"],"inLanguage":"fr-FR","potentialAction":[{"@type":"CommentAction","name":"Comment","target":["https:\/\/www.autosphere.fr\/blog\/les-initiatives-locales-pour-favoriser-la-mobilite-durable\/#respond"]}]},{"@type":"WebPage","@id":"https:\/\/www.autosphere.fr\/blog\/les-initiatives-locales-pour-favoriser-la-mobilite-durable\/","url":"https:\/\/www.autosphere.fr\/blog\/les-initiatives-locales-pour-favoriser-la-mobilite-durable\/","name":"Les initiatives locales pour favoriser la mobilit\u00e9 durable - Blog Autosphere","isPartOf":{"@id":"https:\/\/www.autosphere.fr\/blog\/#website"},"primaryImageOfPage":{"@id":"https:\/\/www.autosphere.fr\/blog\/les-initiatives-locales-pour-favoriser-la-mobilite-durable\/#primaryimage"},"image":{"@id":"https:\/\/www.autosphere.fr\/blog\/les-initiatives-locales-pour-favoriser-la-mobilite-durable\/#primaryimage"},"thumbnailUrl":"https:\/\/www.autosphere.fr\/blog\/wp-content\/uploads\/2024\/10\/shutterstock_1974061061-scaled-e1728376592569.jpg","datePublished":"2024-10-08T08:35:48+00:00","dateModified":"2024-11-05T13:32:08+00:00","description":"D\u00e9couvrez les initiatives locales pour favoriser la mobilit\u00e9 durable avec des exemples concrets et leurs impacts positifs.","breadcrumb":{"@id":"https:\/\/www.autosphere.fr\/blog\/les-initiatives-locales-pour-favoriser-la-mobilite-durable\/#breadcrumb"},"inLanguage":"fr-FR","potentialAction":[{"@type":"ReadAction","target":["https:\/\/www.autosphere.fr\/blog\/les-initiatives-locales-pour-favoriser-la-mobilite-durable\/"]}]},{"@type":"ImageObject","inLanguage":"fr-FR","@id":"https:\/\/www.autosphere.fr\/blog\/les-initiatives-locales-pour-favoriser-la-mobilite-durable\/#primaryimage","url":"https:\/\/www.autosphere.fr\/blog\/wp-content\/uploads\/2024\/10\/shutterstock_1974061061-scaled-e1728376592569.jpg","contentUrl":"https:\/\/www.autosphere.fr\/blog\/wp-content\/uploads\/2024\/10\/shutterstock_1974061061-scaled-e1728376592569.jpg","width":2560,"height":1318},{"@type":"BreadcrumbList","@id":"https:\/\/www.autosphere.fr\/blog\/les-initiatives-locales-pour-favoriser-la-mobilite-durable\/#breadcrumb","itemListElement":[{"@type":"ListItem","position":1,"name":"Accueil","item":"https:\/\/www.autosphere.fr\/blog\/"},{"@type":"ListItem","position":2,"name":"Les initiatives locales pour favoriser la mobilit\u00e9 durable"}]},{"@type":"WebSite","@id":"https:\/\/www.autosphere.fr\/blog\/#website","url":"https:\/\/www.autosphere.fr\/blog\/","name":"Blog Autosphere","description":"","publisher":{"@id":"https:\/\/www.autosphere.fr\/blog\/#organization"},"potentialAction":[{"@type":"SearchAction","target":{"@type":"EntryPoint","urlTemplate":"https:\/\/www.autosphere.fr\/blog\/?s={search_term_string}"},"query-input":{"@type":"PropertyValueSpecification","valueRequired":true,"valueName":"search_term_string"}}],"inLanguage":"fr-FR"},{"@type":"Organization","@id":"https:\/\/www.autosphere.fr\/blog\/#organization","name":"Blog Autosphere","url":"https:\/\/www.autosphere.fr\/blog\/","logo":{"@type":"ImageObject","inLanguage":"fr-FR","@id":"https:\/\/www.autosphere.fr\/blog\/#\/schema\/logo\/image\/","url":"https:\/\/www.autosphere.fr\/blog\/wp-content\/uploads\/2022\/11\/le-blog-autosphere.png","contentUrl":"https:\/\/www.autosphere.fr\/blog\/wp-content\/uploads\/2022\/11\/le-blog-autosphere.png","width":241,"height":35,"caption":"Blog Autosphere"},"image":{"@id":"https:\/\/www.autosphere.fr\/blog\/#\/schema\/logo\/image\/"},"sameAs":["https:\/\/www.facebook.com\/autosphere","https:\/\/www.instagram.com\/autosphere"]},{"@type":"Person","@id":"https:\/\/www.autosphere.fr\/blog\/#\/schema\/person\/2738ae1503ca6434676c831cd04ebc85","name":"La r\u00e9daction autosphere","url":"https:\/\/www.autosphere.fr\/blog\/author\/juline-chartre\/"}]}},"_links":{"self":[{"href":"https:\/\/www.autosphere.fr\/blog\/wp-json\/wp\/v2\/posts\/5898","targetHints":{"allow":["GET"]}}],"collection":[{"href":"https:\/\/www.autosphere.fr\/blog\/wp-json\/wp\/v2\/posts"}],"about":[{"href":"https:\/\/www.autosphere.fr\/blog\/wp-json\/wp\/v2\/types\/post"}],"author":[{"embeddable":true,"href":"https:\/\/www.autosphere.fr\/blog\/wp-json\/wp\/v2\/users\/8"}],"replies":[{"embeddable":true,"href":"https:\/\/www.autosphere.fr\/blog\/wp-json\/wp\/v2\/comments?post=5898"}],"version-history":[{"count":22,"href":"https:\/\/www.autosphere.fr\/blog\/wp-json\/wp\/v2\/posts\/5898\/revisions"}],"predecessor-version":[{"id":6378,"href":"https:\/\/www.autosphere.fr\/blog\/wp-json\/wp\/v2\/posts\/5898\/revisions\/6378"}],"wp:featuredmedia":[{"embeddable":true,"href":"https:\/\/www.autosphere.fr\/blog\/wp-json\/wp\/v2\/media\/5913"}],"wp:attachment":[{"href":"https:\/\/www.autosphere.fr\/blog\/wp-json\/wp\/v2\/media?parent=5898"}],"wp:term":[{"taxonomy":"category","embeddable":true,"href":"https:\/\/www.autosphere.fr\/blog\/wp-json\/wp\/v2\/categories?post=5898"},{"taxonomy":"post_tag","embeddable":true,"href":"https:\/\/www.autosphere.fr\/blog\/wp-json\/wp\/v2\/tags?post=5898"},{"taxonomy":"marque","embeddable":true,"href":"https:\/\/www.autosphere.fr\/blog\/wp-json\/wp\/v2\/marque?post=5898"}],"curies":[{"name":"wp","href":"https:\/\/api.w.org\/{rel}","templated":true}]}}