{"id":6542,"date":"2024-12-06T11:10:23","date_gmt":"2024-12-06T10:10:23","guid":{"rendered":"https:\/\/blog.autosphere.fr\/?p=6542"},"modified":"2024-12-10T18:13:09","modified_gmt":"2024-12-10T17:13:09","slug":"zones-a-faibles-emissions-les-regles-a-connaitre-pour-circuler-cet-hiver","status":"publish","type":"post","link":"https:\/\/www.autosphere.fr\/blog\/zones-a-faibles-emissions-les-regles-a-connaitre-pour-circuler-cet-hiver\/","title":{"rendered":"Zones \u00e0 faibles \u00e9missions : les r\u00e8gles \u00e0 conna\u00eetre pour circuler cet hiver"},"content":{"rendered":"\t\t<div data-elementor-type=\"wp-post\" data-elementor-id=\"6542\" class=\"elementor elementor-6542\" data-elementor-post-type=\"post\">\n\t\t\t\t\t\t<section class=\"elementor-section elementor-top-section elementor-element elementor-element-d90d8af elementor-section-boxed elementor-section-height-default elementor-section-height-default\" data-id=\"d90d8af\" data-element_type=\"section\" data-e-type=\"section\">\n\t\t\t\t\t\t<div class=\"elementor-container elementor-column-gap-default\">\n\t\t\t\t\t<div class=\"elementor-column elementor-col-100 elementor-top-column elementor-element elementor-element-2efac0f\" data-id=\"2efac0f\" data-element_type=\"column\" data-e-type=\"column\">\n\t\t\t<div class=\"elementor-widget-wrap elementor-element-populated\">\n\t\t\t\t\t\t<div class=\"elementor-element elementor-element-c2d34a0 elementor-widget elementor-widget-text-editor\" data-id=\"c2d34a0\" data-element_type=\"widget\" data-e-type=\"widget\" data-widget_type=\"text-editor.default\">\n\t\t\t\t<div class=\"elementor-widget-container\">\n\t\t\t\t\t\t\t\t\t<div class=\"ewa-rteLine\">Avec la mise en place progressive des zones \u00e0 faibles \u00e9missions (ZFE) en France, les r\u00e8gles de circulation deviennent de plus en plus strictes. Ces zones visent \u00e0 r\u00e9duire la pollution de l\u2019air en limitant l\u2019acc\u00e8s aux v\u00e9hicules les plus polluants. Mais comment s\u2019y retrouver ? Quelles r\u00e8gles devez-vous respecter pour circuler cet hiver dans les ZFE ? Voici un guide pratique pour rouler l&#8217;esprit tranquille.<\/div><div class=\"ewa-rteLine\">\u00a0<\/div>\t\t\t\t\t\t\t\t<\/div>\n\t\t\t\t<\/div>\n\t\t\t\t<div class=\"elementor-element elementor-element-ab93d50 elementor-widget elementor-widget-heading\" data-id=\"ab93d50\" data-element_type=\"widget\" data-e-type=\"widget\" data-widget_type=\"heading.default\">\n\t\t\t\t<div class=\"elementor-widget-container\">\n\t\t\t\t\t<h2 class=\"elementor-heading-title elementor-size-default\">Qu\u2019est-ce qu\u2019une zone \u00e0 faibles \u00e9missions (ZFE) ?<\/h2>\t\t\t\t<\/div>\n\t\t\t\t<\/div>\n\t\t\t\t<div class=\"elementor-element elementor-element-0441d2d elementor-widget elementor-widget-text-editor\" data-id=\"0441d2d\" data-element_type=\"widget\" data-e-type=\"widget\" data-widget_type=\"text-editor.default\">\n\t\t\t\t<div class=\"elementor-widget-container\">\n\t\t\t\t\t\t\t\t\t<div class=\"ewa-rteLine\">Les ZFE sont des p\u00e9rim\u00e8tres dans lesquels la circulation des v\u00e9hicules les plus polluants est restreinte. Elles s\u2019inscrivent dans le cadre de la lutte contre la pollution atmosph\u00e9rique et r\u00e9pondent aux objectifs fix\u00e9s par la loi Climat et R\u00e9silience.<\/div><div class=\"ewa-rteLine\">\u00a0<\/div><div class=\"ewa-rteLine\">Depuis 2021, les agglom\u00e9rations de plus de 150 000 habitants sont oblig\u00e9es de mettre en place des ZFE d\u2019ici 2025. Certaines villes, comme Paris, Lyon ou Grenoble, appliquent d\u00e9j\u00e0 ces restrictions.<\/div>\t\t\t\t\t\t\t\t<\/div>\n\t\t\t\t<\/div>\n\t\t\t\t<div class=\"elementor-element elementor-element-a47a981 elementor-widget elementor-widget-heading\" data-id=\"a47a981\" data-element_type=\"widget\" data-e-type=\"widget\" data-widget_type=\"heading.default\">\n\t\t\t\t<div class=\"elementor-widget-container\">\n\t\t\t\t\t<h2 class=\"elementor-heading-title elementor-size-default\">Les r\u00e8gles de circulation en ZFE cet hiver\n<\/h2>\t\t\t\t<\/div>\n\t\t\t\t<\/div>\n\t\t\t\t<div class=\"elementor-element elementor-element-d80d06f elementor-widget elementor-widget-text-editor\" data-id=\"d80d06f\" data-element_type=\"widget\" data-e-type=\"widget\" data-widget_type=\"text-editor.default\">\n\t\t\t\t<div class=\"elementor-widget-container\">\n\t\t\t\t\t\t\t\t\t<div class=\"ewa-rteLine\">Les restrictions varient selon les villes et reposent sur le syst\u00e8me des vignettes Crit\u2019Air, qui classent les v\u00e9hicules en fonction de leurs \u00e9missions polluantes.<\/div><div class=\"ewa-rteLine\">\u00a0<\/div><div class=\"ewa-rteLine\"><strong>Classement des vignettes Crit\u2019Air :<\/strong><\/div><div class=\"ewa-rteLine\">\u00a0<\/div><ul><li class=\"ewa-rteLine\"><em><strong>Crit\u2019Air 1 :<\/strong><\/em> v\u00e9hicules \u00e9lectriques et hybrides.<\/li><li class=\"ewa-rteLine\"><em><strong>Crit\u2019Air 2 :<\/strong><\/em> v\u00e9hicules essence r\u00e9cents (\u00e0 partir de 2011) et diesel r\u00e9cents (\u00e0 partir de 2014).<\/li><li class=\"ewa-rteLine\"><em><strong>Crit\u2019Air 3 \u00e0 5 :<\/strong><\/em> v\u00e9hicules plus anciens, jug\u00e9s plus polluants.<\/li><li class=\"ewa-rteLine\"><em><strong>Non class\u00e9s :<\/strong><\/em> v\u00e9hicules non \u00e9ligibles \u00e0 une vignette (avant 1997).<\/li><\/ul><div class=\"ewa-rteLine\"><strong>Restrictions hivernales :<\/strong><\/div><div class=\"ewa-rteLine\">En hiver, certaines agglom\u00e9rations renforcent les restrictions en cas de pics de pollution. Par exemple :<\/div><div class=\"ewa-rteLine\">\u00a0<\/div><ul><li class=\"ewa-rteLine\">\u00c0 Paris, depuis le 1er janvier 2023, les v\u00e9hicules Crit\u2019Air 3 ne peuvent plus circuler dans la ZFE intra-muros en semaine.<\/li><li class=\"ewa-rteLine\">\u00c0 Lyon, Grenoble ou Strasbourg, des interdictions similaires s\u2019appliquent aux v\u00e9hicules Crit\u2019Air 4 et 5.<\/li><\/ul><div class=\"ewa-rteLine\"><strong>Horaires et p\u00e9rim\u00e8tres :<\/strong><\/div><div class=\"ewa-rteLine\">Les ZFE ne s\u2019appliquent pas toujours 24h\/24. \u00c0 Paris, les restrictions concernent les jours ouvrables (lundi au vendredi, 8h \u00e0 20h). V\u00e9rifiez les horaires sp\u00e9cifiques de votre agglom\u00e9ration.<\/div>\t\t\t\t\t\t\t\t<\/div>\n\t\t\t\t<\/div>\n\t\t\t\t<div class=\"elementor-element elementor-element-14171fc elementor-widget elementor-widget-heading\" data-id=\"14171fc\" data-element_type=\"widget\" data-e-type=\"widget\" data-widget_type=\"heading.default\">\n\t\t\t\t<div class=\"elementor-widget-container\">\n\t\t\t\t\t<h2 class=\"elementor-heading-title elementor-size-default\">Comment savoir si vous \u00eates concern\u00e9 ?\n<\/h2>\t\t\t\t<\/div>\n\t\t\t\t<\/div>\n\t\t\t\t<div class=\"elementor-element elementor-element-9cae50a elementor-widget elementor-widget-text-editor\" data-id=\"9cae50a\" data-element_type=\"widget\" data-e-type=\"widget\" data-widget_type=\"text-editor.default\">\n\t\t\t\t<div class=\"elementor-widget-container\">\n\t\t\t\t\t\t\t\t\t<div class=\"ewa-rteLine\">Pour savoir si votre v\u00e9hicule peut circuler en ZFE, v\u00e9rifiez votre vignette Crit\u2019Air. Si vous ne l\u2019avez pas encore, commandez-la sur le site officiel <strong>(prix : 3,72 \u20ac).<\/strong><\/div><div class=\"ewa-rteLine\">En cas de doute, des outils en ligne permettent de consulter les restrictions en fonction de votre plaque d\u2019immatriculation et de votre ville de destination.<\/div><div class=\"ewa-rteLine\">\u00a0<\/div><div class=\"ewa-rteLine\"><strong>Les sanctions en cas de non-respect<\/strong><\/div><div class=\"ewa-rteLine\">Si vous circulez dans une ZFE sans respecter les r\u00e8gles, vous risquez une amende forfaitaire de <strong>68 \u20ac<\/strong> pour les voitures particuli\u00e8res. Ce montant peut grimper \u00e0 <strong>135 \u20ac<\/strong> pour les poids lourds ou utilitaires.<\/div>\t\t\t\t\t\t\t\t<\/div>\n\t\t\t\t<\/div>\n\t\t\t\t<div class=\"elementor-element elementor-element-4ea8a58 elementor-widget elementor-widget-heading\" data-id=\"4ea8a58\" data-element_type=\"widget\" data-e-type=\"widget\" data-widget_type=\"heading.default\">\n\t\t\t\t<div class=\"elementor-widget-container\">\n\t\t\t\t\t<h2 class=\"elementor-heading-title elementor-size-default\">Quels v\u00e9hicules peuvent circuler sans restrictions ?<\/h2>\t\t\t\t<\/div>\n\t\t\t\t<\/div>\n\t\t\t\t<div class=\"elementor-element elementor-element-f1a9024 elementor-widget elementor-widget-text-editor\" data-id=\"f1a9024\" data-element_type=\"widget\" data-e-type=\"widget\" data-widget_type=\"text-editor.default\">\n\t\t\t\t<div class=\"elementor-widget-container\">\n\t\t\t\t\t\t\t\t\t<div class=\"ewa-rteLine\">Certains v\u00e9hicules b\u00e9n\u00e9ficient de d\u00e9rogations pour circuler en ZFE :<\/div><div class=\"ewa-rteLine\">\u00a0<\/div><ul><li class=\"ewa-rteLine\"><em><strong>V\u00e9hicules \u00e9lectriques et hybrides rechargeables.<\/strong><\/em> Ces v\u00e9hicules, class\u00e9s Crit\u2019Air 1, sont les grands gagnants des ZFE.<\/li><li class=\"ewa-rteLine\"><em><strong>V\u00e9hicules de secours ou d\u2019int\u00e9r\u00eat g\u00e9n\u00e9ral<\/strong><\/em> (ambulances, pompiers, etc.).<\/li><li class=\"ewa-rteLine\"><em><strong>D\u00e9rogations locales.<\/strong><\/em> Certaines agglom\u00e9rations autorisent temporairement des v\u00e9hicules Crit\u2019Air 4 ou 5 pour les artisans ou les professionnels.<\/li><\/ul><div class=\"ewa-rteLine\"><strong>Impact sur vos d\u00e9placements cet hiver<\/strong><\/div><div class=\"ewa-rteLine\">Si votre v\u00e9hicule ne r\u00e9pond pas aux crit\u00e8res requis pour circuler en ZFE, voici vos options :<\/div><div class=\"ewa-rteLine\">\u00a0<\/div><ul><li class=\"ewa-rteLine\">Optez pour les transports en commun : de nombreuses villes renforcent leur offre en hiver.<\/li><li class=\"ewa-rteLine\">Privil\u00e9giez le covoiturage : certaines plateformes vous aident \u00e0 trouver un trajet adapt\u00e9.<\/li><li class=\"ewa-rteLine\">Envisagez un changement de v\u00e9hicule : des aides \u00e0 l\u2019achat (prime \u00e0 la conversion, bonus \u00e9cologique) sont disponibles pour acqu\u00e9rir un v\u00e9hicule Crit\u2019Air 1 ou 2.<\/li><\/ul>\t\t\t\t\t\t\t\t<\/div>\n\t\t\t\t<\/div>\n\t\t\t\t<div class=\"elementor-element elementor-element-2bfbb52 elementor-widget elementor-widget-heading\" data-id=\"2bfbb52\" data-element_type=\"widget\" data-e-type=\"widget\" data-widget_type=\"heading.default\">\n\t\t\t\t<div class=\"elementor-widget-container\">\n\t\t\t\t\t<h2 class=\"elementor-heading-title elementor-size-default\">Les ZFE en hiver : un enjeu environnemental<\/h2>\t\t\t\t<\/div>\n\t\t\t\t<\/div>\n\t\t\t\t<div class=\"elementor-element elementor-element-98856c8 elementor-widget elementor-widget-text-editor\" data-id=\"98856c8\" data-element_type=\"widget\" data-e-type=\"widget\" data-widget_type=\"text-editor.default\">\n\t\t\t\t<div class=\"elementor-widget-container\">\n\t\t\t\t\t\t\t\t\t<div class=\"ewa-rteLine\">En limitant les \u00e9missions de particules fines et de gaz \u00e0 effet de serre, les ZFE jouent un r\u00f4le cl\u00e9 pour am\u00e9liorer la qualit\u00e9 de l\u2019air. Toutefois, elles imposent des ajustements pour de nombreux conducteurs. Si les restrictions peuvent sembler contraignantes, elles visent \u00e0 prot\u00e9ger la sant\u00e9 publique et \u00e0 acc\u00e9l\u00e9rer la transition \u00e9cologique.<\/div><div>\u00a0<\/div><div class=\"ewa-rteLine\">Chez Autosphere, nous vous aidons \u00e0 trouver des solutions pour circuler sereinement dans les ZFE. D\u00e9couvrez notre large choix de v\u00e9hicules Crit\u2019Air 1 et 2, neufs et d\u2019occasion, adapt\u00e9s \u00e0 vos besoins et \u00e0 votre budget. En hiver comme en toute saison, pr\u00e9parez vos trajets en toute s\u00e9r\u00e9nit\u00e9 gr\u00e2ce \u00e0 nos experts.<\/div>\t\t\t\t\t\t\t\t<\/div>\n\t\t\t\t<\/div>\n\t\t\t\t\t<\/div>\n\t\t<\/div>\n\t\t\t\t\t<\/div>\n\t\t<\/section>\n\t\t\t\t<\/div>\n\t\t","protected":false},"excerpt":{"rendered":"<p>Zones \u00e0 faibles \u00e9missions : d\u00e9couvrez les r\u00e8gles pour circuler en ZFE cet hiver et \u00e9vitez les amendes.<\/p>\n","protected":false},"author":8,"featured_media":6550,"comment_status":"open","ping_status":"open","sticky":false,"template":"","format":"standard","meta":{"_acf_changed":false,"footnotes":""},"categories":[3],"tags":[],"marque":[],"class_list":["post-6542","post","type-post","status-publish","format-standard","has-post-thumbnail","hentry","category-conseils"],"acf":[],"yoast_head":"<!-- This site is optimized with the Yoast SEO plugin v27.2 - https:\/\/yoast.com\/product\/yoast-seo-wordpress\/ -->\n<title>Zones \u00e0 faibles \u00e9missions : les r\u00e8gles pour circuler cet hiver<\/title>\n<meta name=\"description\" content=\"Zones \u00e0 faibles \u00e9missions : d\u00e9couvrez les r\u00e8gles pour circuler en toute tranquilit\u00e9 en ZFE cet hiver et \u00e9vitez les amendes.\" \/>\n<meta name=\"robots\" content=\"index, follow, max-snippet:-1, max-image-preview:large, max-video-preview:-1\" \/>\n<link rel=\"canonical\" href=\"https:\/\/www.autosphere.fr\/blog\/zones-a-faibles-emissions-les-regles-a-connaitre-pour-circuler-cet-hiver\/\" \/>\n<meta property=\"og:locale\" content=\"fr_FR\" \/>\n<meta property=\"og:type\" content=\"article\" \/>\n<meta property=\"og:title\" content=\"Zones \u00e0 faibles \u00e9missions : les r\u00e8gles pour circuler cet hiver\" \/>\n<meta property=\"og:description\" content=\"Zones \u00e0 faibles \u00e9missions : d\u00e9couvrez les r\u00e8gles pour circuler en toute tranquilit\u00e9 en ZFE cet hiver et \u00e9vitez les amendes.\" \/>\n<meta property=\"og:url\" content=\"https:\/\/www.autosphere.fr\/blog\/zones-a-faibles-emissions-les-regles-a-connaitre-pour-circuler-cet-hiver\/\" \/>\n<meta property=\"og:site_name\" content=\"Blog Autosphere\" \/>\n<meta property=\"article:publisher\" content=\"https:\/\/www.facebook.com\/autosphere\" \/>\n<meta property=\"article:published_time\" content=\"2024-12-06T10:10:23+00:00\" \/>\n<meta property=\"article:modified_time\" content=\"2024-12-10T17:13:09+00:00\" \/>\n<meta property=\"og:image\" content=\"https:\/\/www.autosphere.fr\/blog\/wp-content\/uploads\/2024\/12\/shutterstock_669608494-scaled.jpg\" \/>\n\t<meta property=\"og:image:width\" content=\"2560\" \/>\n\t<meta property=\"og:image:height\" content=\"1707\" \/>\n\t<meta property=\"og:image:type\" content=\"image\/jpeg\" \/>\n<meta name=\"author\" content=\"La r\u00e9daction autosphere\" \/>\n<meta name=\"twitter:card\" content=\"summary_large_image\" \/>\n<meta name=\"twitter:label1\" content=\"\u00c9crit par\" \/>\n\t<meta name=\"twitter:data1\" content=\"La r\u00e9daction autosphere\" \/>\n\t<meta name=\"twitter:label2\" content=\"Dur\u00e9e de lecture estim\u00e9e\" \/>\n\t<meta name=\"twitter:data2\" content=\"4 minutes\" \/>\n<!-- \/ Yoast SEO plugin. -->","yoast_head_json":{"title":"Zones \u00e0 faibles \u00e9missions : les r\u00e8gles pour circuler cet hiver","description":"Zones \u00e0 faibles \u00e9missions : d\u00e9couvrez les r\u00e8gles pour circuler en toute tranquilit\u00e9 en ZFE cet hiver et \u00e9vitez les amendes.","robots":{"index":"index","follow":"follow","max-snippet":"max-snippet:-1","max-image-preview":"max-image-preview:large","max-video-preview":"max-video-preview:-1"},"canonical":"https:\/\/www.autosphere.fr\/blog\/zones-a-faibles-emissions-les-regles-a-connaitre-pour-circuler-cet-hiver\/","og_locale":"fr_FR","og_type":"article","og_title":"Zones \u00e0 faibles \u00e9missions : les r\u00e8gles pour circuler cet hiver","og_description":"Zones \u00e0 faibles \u00e9missions : d\u00e9couvrez les r\u00e8gles pour circuler en toute tranquilit\u00e9 en ZFE cet hiver et \u00e9vitez les amendes.","og_url":"https:\/\/www.autosphere.fr\/blog\/zones-a-faibles-emissions-les-regles-a-connaitre-pour-circuler-cet-hiver\/","og_site_name":"Blog Autosphere","article_publisher":"https:\/\/www.facebook.com\/autosphere","article_published_time":"2024-12-06T10:10:23+00:00","article_modified_time":"2024-12-10T17:13:09+00:00","og_image":[{"width":2560,"height":1707,"url":"https:\/\/www.autosphere.fr\/blog\/wp-content\/uploads\/2024\/12\/shutterstock_669608494-scaled.jpg","type":"image\/jpeg"}],"author":"La r\u00e9daction autosphere","twitter_card":"summary_large_image","twitter_misc":{"\u00c9crit par":"La r\u00e9daction autosphere","Dur\u00e9e de lecture estim\u00e9e":"4 minutes"},"schema":{"@context":"https:\/\/schema.org","@graph":[{"@type":"Article","@id":"https:\/\/www.autosphere.fr\/blog\/zones-a-faibles-emissions-les-regles-a-connaitre-pour-circuler-cet-hiver\/#article","isPartOf":{"@id":"https:\/\/www.autosphere.fr\/blog\/zones-a-faibles-emissions-les-regles-a-connaitre-pour-circuler-cet-hiver\/"},"author":{"name":"La r\u00e9daction autosphere","@id":"https:\/\/www.autosphere.fr\/blog\/#\/schema\/person\/2738ae1503ca6434676c831cd04ebc85"},"headline":"Zones \u00e0 faibles \u00e9missions : les r\u00e8gles \u00e0 conna\u00eetre pour circuler cet hiver","datePublished":"2024-12-06T10:10:23+00:00","dateModified":"2024-12-10T17:13:09+00:00","mainEntityOfPage":{"@id":"https:\/\/www.autosphere.fr\/blog\/zones-a-faibles-emissions-les-regles-a-connaitre-pour-circuler-cet-hiver\/"},"wordCount":708,"commentCount":0,"publisher":{"@id":"https:\/\/www.autosphere.fr\/blog\/#organization"},"image":{"@id":"https:\/\/www.autosphere.fr\/blog\/zones-a-faibles-emissions-les-regles-a-connaitre-pour-circuler-cet-hiver\/#primaryimage"},"thumbnailUrl":"https:\/\/www.autosphere.fr\/blog\/wp-content\/uploads\/2024\/12\/shutterstock_669608494-scaled.jpg","articleSection":["Conseils"],"inLanguage":"fr-FR","potentialAction":[{"@type":"CommentAction","name":"Comment","target":["https:\/\/www.autosphere.fr\/blog\/zones-a-faibles-emissions-les-regles-a-connaitre-pour-circuler-cet-hiver\/#respond"]}]},{"@type":"WebPage","@id":"https:\/\/www.autosphere.fr\/blog\/zones-a-faibles-emissions-les-regles-a-connaitre-pour-circuler-cet-hiver\/","url":"https:\/\/www.autosphere.fr\/blog\/zones-a-faibles-emissions-les-regles-a-connaitre-pour-circuler-cet-hiver\/","name":"Zones \u00e0 faibles \u00e9missions : les r\u00e8gles pour circuler cet hiver","isPartOf":{"@id":"https:\/\/www.autosphere.fr\/blog\/#website"},"primaryImageOfPage":{"@id":"https:\/\/www.autosphere.fr\/blog\/zones-a-faibles-emissions-les-regles-a-connaitre-pour-circuler-cet-hiver\/#primaryimage"},"image":{"@id":"https:\/\/www.autosphere.fr\/blog\/zones-a-faibles-emissions-les-regles-a-connaitre-pour-circuler-cet-hiver\/#primaryimage"},"thumbnailUrl":"https:\/\/www.autosphere.fr\/blog\/wp-content\/uploads\/2024\/12\/shutterstock_669608494-scaled.jpg","datePublished":"2024-12-06T10:10:23+00:00","dateModified":"2024-12-10T17:13:09+00:00","description":"Zones \u00e0 faibles \u00e9missions : d\u00e9couvrez les r\u00e8gles pour circuler en toute tranquilit\u00e9 en ZFE cet hiver et \u00e9vitez les amendes.","breadcrumb":{"@id":"https:\/\/www.autosphere.fr\/blog\/zones-a-faibles-emissions-les-regles-a-connaitre-pour-circuler-cet-hiver\/#breadcrumb"},"inLanguage":"fr-FR","potentialAction":[{"@type":"ReadAction","target":["https:\/\/www.autosphere.fr\/blog\/zones-a-faibles-emissions-les-regles-a-connaitre-pour-circuler-cet-hiver\/"]}]},{"@type":"ImageObject","inLanguage":"fr-FR","@id":"https:\/\/www.autosphere.fr\/blog\/zones-a-faibles-emissions-les-regles-a-connaitre-pour-circuler-cet-hiver\/#primaryimage","url":"https:\/\/www.autosphere.fr\/blog\/wp-content\/uploads\/2024\/12\/shutterstock_669608494-scaled.jpg","contentUrl":"https:\/\/www.autosphere.fr\/blog\/wp-content\/uploads\/2024\/12\/shutterstock_669608494-scaled.jpg","width":2560,"height":1707,"caption":"r\u00e8gles ZFE hiver"},{"@type":"BreadcrumbList","@id":"https:\/\/www.autosphere.fr\/blog\/zones-a-faibles-emissions-les-regles-a-connaitre-pour-circuler-cet-hiver\/#breadcrumb","itemListElement":[{"@type":"ListItem","position":1,"name":"Accueil","item":"https:\/\/www.autosphere.fr\/blog\/"},{"@type":"ListItem","position":2,"name":"Zones \u00e0 faibles \u00e9missions : les r\u00e8gles \u00e0 conna\u00eetre pour circuler cet hiver"}]},{"@type":"WebSite","@id":"https:\/\/www.autosphere.fr\/blog\/#website","url":"https:\/\/www.autosphere.fr\/blog\/","name":"Blog Autosphere","description":"","publisher":{"@id":"https:\/\/www.autosphere.fr\/blog\/#organization"},"potentialAction":[{"@type":"SearchAction","target":{"@type":"EntryPoint","urlTemplate":"https:\/\/www.autosphere.fr\/blog\/?s={search_term_string}"},"query-input":{"@type":"PropertyValueSpecification","valueRequired":true,"valueName":"search_term_string"}}],"inLanguage":"fr-FR"},{"@type":"Organization","@id":"https:\/\/www.autosphere.fr\/blog\/#organization","name":"Blog Autosphere","url":"https:\/\/www.autosphere.fr\/blog\/","logo":{"@type":"ImageObject","inLanguage":"fr-FR","@id":"https:\/\/www.autosphere.fr\/blog\/#\/schema\/logo\/image\/","url":"https:\/\/www.autosphere.fr\/blog\/wp-content\/uploads\/2022\/11\/le-blog-autosphere.png","contentUrl":"https:\/\/www.autosphere.fr\/blog\/wp-content\/uploads\/2022\/11\/le-blog-autosphere.png","width":241,"height":35,"caption":"Blog Autosphere"},"image":{"@id":"https:\/\/www.autosphere.fr\/blog\/#\/schema\/logo\/image\/"},"sameAs":["https:\/\/www.facebook.com\/autosphere","https:\/\/www.instagram.com\/autosphere"]},{"@type":"Person","@id":"https:\/\/www.autosphere.fr\/blog\/#\/schema\/person\/2738ae1503ca6434676c831cd04ebc85","name":"La r\u00e9daction autosphere","url":"https:\/\/www.autosphere.fr\/blog\/author\/juline-chartre\/"}]}},"_links":{"self":[{"href":"https:\/\/www.autosphere.fr\/blog\/wp-json\/wp\/v2\/posts\/6542","targetHints":{"allow":["GET"]}}],"collection":[{"href":"https:\/\/www.autosphere.fr\/blog\/wp-json\/wp\/v2\/posts"}],"about":[{"href":"https:\/\/www.autosphere.fr\/blog\/wp-json\/wp\/v2\/types\/post"}],"author":[{"embeddable":true,"href":"https:\/\/www.autosphere.fr\/blog\/wp-json\/wp\/v2\/users\/8"}],"replies":[{"embeddable":true,"href":"https:\/\/www.autosphere.fr\/blog\/wp-json\/wp\/v2\/comments?post=6542"}],"version-history":[{"count":5,"href":"https:\/\/www.autosphere.fr\/blog\/wp-json\/wp\/v2\/posts\/6542\/revisions"}],"predecessor-version":[{"id":6551,"href":"https:\/\/www.autosphere.fr\/blog\/wp-json\/wp\/v2\/posts\/6542\/revisions\/6551"}],"wp:featuredmedia":[{"embeddable":true,"href":"https:\/\/www.autosphere.fr\/blog\/wp-json\/wp\/v2\/media\/6550"}],"wp:attachment":[{"href":"https:\/\/www.autosphere.fr\/blog\/wp-json\/wp\/v2\/media?parent=6542"}],"wp:term":[{"taxonomy":"category","embeddable":true,"href":"https:\/\/www.autosphere.fr\/blog\/wp-json\/wp\/v2\/categories?post=6542"},{"taxonomy":"post_tag","embeddable":true,"href":"https:\/\/www.autosphere.fr\/blog\/wp-json\/wp\/v2\/tags?post=6542"},{"taxonomy":"marque","embeddable":true,"href":"https:\/\/www.autosphere.fr\/blog\/wp-json\/wp\/v2\/marque?post=6542"}],"curies":[{"name":"wp","href":"https:\/\/api.w.org\/{rel}","templated":true}]}}