{"id":7134,"date":"2025-03-21T11:00:47","date_gmt":"2025-03-21T10:00:47","guid":{"rendered":"https:\/\/blog.autosphere.fr\/?p=7134"},"modified":"2025-03-19T10:26:52","modified_gmt":"2025-03-19T09:26:52","slug":"routes-ski-col-iseran-alpe-huez-gorges-verdon","status":"publish","type":"post","link":"https:\/\/www.autosphere.fr\/blog\/routes-ski-col-iseran-alpe-huez-gorges-verdon\/","title":{"rendered":"Les routes incontournables pour aller au ski : Col de l&#8217;Iseran, mont\u00e9e de l&#8217;Alpe d&#8217;Huez et Gorges du Verdon"},"content":{"rendered":"\t\t<div data-elementor-type=\"wp-post\" data-elementor-id=\"7134\" class=\"elementor elementor-7134\" data-elementor-post-type=\"post\">\n\t\t\t\t\t\t<section class=\"elementor-section elementor-top-section elementor-element elementor-element-632aeb1 elementor-section-boxed elementor-section-height-default elementor-section-height-default\" data-id=\"632aeb1\" data-element_type=\"section\" data-e-type=\"section\">\n\t\t\t\t\t\t<div class=\"elementor-container elementor-column-gap-default\">\n\t\t\t\t\t<div class=\"elementor-column elementor-col-100 elementor-top-column elementor-element elementor-element-d630fef\" data-id=\"d630fef\" data-element_type=\"column\" data-e-type=\"column\">\n\t\t\t<div class=\"elementor-widget-wrap elementor-element-populated\">\n\t\t\t\t\t\t<div class=\"elementor-element elementor-element-3ba51c3 elementor-widget elementor-widget-text-editor\" data-id=\"3ba51c3\" data-element_type=\"widget\" data-e-type=\"widget\" data-widget_type=\"text-editor.default\">\n\t\t\t\t<div class=\"elementor-widget-container\">\n\t\t\t\t\t\t\t\t\t<p data-prosemirror-content-type=\"node\" data-prosemirror-node-name=\"paragraph\" data-prosemirror-node-block=\"true\" data-pm-slice=\"1 1 []\">L&#8217;hiver est l\u00e0 et l&#8217;appel des montagnes se fait sentir. Pour les amateurs de ski et de paysages grandioses, certaines routes mythiques de France sont \u00e0 d\u00e9couvrir. Que vous soyez passionn\u00e9 de sports d&#8217;hiver ou simple amateur de road trip, le col de l&#8217;Iseran, la mont\u00e9e de l&#8217;Alpe d&#8217;Huez et les Gorges du Verdon offrent des parcours spectaculaires \u00e0 travers les Alpes et les paysages proven\u00e7aux. Voici un guide complet pour explorer ces routes d\u2019exception sur le chemin des stations de ski.<\/p>\t\t\t\t\t\t\t\t<\/div>\n\t\t\t\t<\/div>\n\t\t\t\t\t<\/div>\n\t\t<\/div>\n\t\t\t\t\t<\/div>\n\t\t<\/section>\n\t\t\t\t<section class=\"elementor-section elementor-top-section elementor-element elementor-element-b296f43 elementor-section-boxed elementor-section-height-default elementor-section-height-default\" data-id=\"b296f43\" data-element_type=\"section\" data-e-type=\"section\">\n\t\t\t\t\t\t<div class=\"elementor-container elementor-column-gap-default\">\n\t\t\t\t\t<div class=\"elementor-column elementor-col-100 elementor-top-column elementor-element elementor-element-207e4dd\" data-id=\"207e4dd\" data-element_type=\"column\" data-e-type=\"column\">\n\t\t\t<div class=\"elementor-widget-wrap elementor-element-populated\">\n\t\t\t\t\t\t<div class=\"elementor-element elementor-element-ce0581c elementor-widget elementor-widget-heading\" data-id=\"ce0581c\" data-element_type=\"widget\" data-e-type=\"widget\" data-widget_type=\"heading.default\">\n\t\t\t\t<div class=\"elementor-widget-container\">\n\t\t\t\t\t<h2 class=\"elementor-heading-title elementor-size-default\">Le Col de l'Iseran : le plus haut col routier d'Europe<\/h2>\t\t\t\t<\/div>\n\t\t\t\t<\/div>\n\t\t\t\t\t<\/div>\n\t\t<\/div>\n\t\t\t\t\t<\/div>\n\t\t<\/section>\n\t\t\t\t<section class=\"elementor-section elementor-top-section elementor-element elementor-element-2fc85f6 elementor-section-boxed elementor-section-height-default elementor-section-height-default\" data-id=\"2fc85f6\" data-element_type=\"section\" data-e-type=\"section\">\n\t\t\t\t\t\t<div class=\"elementor-container elementor-column-gap-default\">\n\t\t\t\t\t<div class=\"elementor-column elementor-col-100 elementor-top-column elementor-element elementor-element-cbcb1eb\" data-id=\"cbcb1eb\" data-element_type=\"column\" data-e-type=\"column\">\n\t\t\t<div class=\"elementor-widget-wrap elementor-element-populated\">\n\t\t\t\t\t\t<div class=\"elementor-element elementor-element-c793440 elementor-widget elementor-widget-text-editor\" data-id=\"c793440\" data-element_type=\"widget\" data-e-type=\"widget\" data-widget_type=\"text-editor.default\">\n\t\t\t\t<div class=\"elementor-widget-container\">\n\t\t\t\t\t\t\t\t\t<p data-prosemirror-content-type=\"node\" data-prosemirror-node-name=\"paragraph\" data-prosemirror-node-block=\"true\" data-pm-slice=\"1 1 []\">Le col de l&#8217;Iseran, situ\u00e9 dans le massif de la Vanoise, est le plus haut col routier d&#8217;Europe avec une altitude de 2 764 m\u00e8tres. Cette route mythique relie les stations de ski de Val-d&#8217;Is\u00e8re et de Bonneval-sur-Arc. Elle est emprunt\u00e9e r\u00e9guli\u00e8rement par les cyclistes lors du Tour de France et est une destination incontournable pour les amateurs de conduite de montagne.<\/p>\t\t\t\t\t\t\t\t<\/div>\n\t\t\t\t<\/div>\n\t\t\t\t\t<\/div>\n\t\t<\/div>\n\t\t\t\t\t<\/div>\n\t\t<\/section>\n\t\t\t\t<section class=\"elementor-section elementor-top-section elementor-element elementor-element-6d3cc30 elementor-section-boxed elementor-section-height-default elementor-section-height-default\" data-id=\"6d3cc30\" data-element_type=\"section\" data-e-type=\"section\">\n\t\t\t\t\t\t<div class=\"elementor-container elementor-column-gap-default\">\n\t\t\t\t\t<div class=\"elementor-column elementor-col-100 elementor-top-column elementor-element elementor-element-3b302aa\" data-id=\"3b302aa\" data-element_type=\"column\" data-e-type=\"column\">\n\t\t\t<div class=\"elementor-widget-wrap elementor-element-populated\">\n\t\t\t\t\t\t<div class=\"elementor-element elementor-element-3bd5d3b elementor-widget elementor-widget-text-editor\" data-id=\"3bd5d3b\" data-element_type=\"widget\" data-e-type=\"widget\" data-widget_type=\"text-editor.default\">\n\t\t\t\t<div class=\"elementor-widget-container\">\n\t\t\t\t\t\t\t\t\t<p data-prosemirror-content-type=\"node\" data-prosemirror-node-name=\"paragraph\" data-prosemirror-node-block=\"true\"><strong data-prosemirror-content-type=\"mark\" data-prosemirror-mark-name=\"strong\">Pourquoi emprunter le Col de l&#8217;Iseran ?<\/strong><\/p><ul class=\"ak-ul\" data-prosemirror-content-type=\"node\" data-prosemirror-node-name=\"bulletList\" data-prosemirror-node-block=\"true\" data-pm-slice=\"3 3 []\"><li data-prosemirror-content-type=\"node\" data-prosemirror-node-name=\"listItem\" data-prosemirror-node-block=\"true\"><p data-prosemirror-content-type=\"node\" data-prosemirror-node-name=\"paragraph\" data-prosemirror-node-block=\"true\"><strong data-prosemirror-content-type=\"mark\" data-prosemirror-mark-name=\"strong\">Des paysages \u00e0 couper le souffle<\/strong> : les panoramas sur la Vanoise et les glaciers environnants sont tout simplement \u00e9poustouflants.<\/p><\/li><li data-prosemirror-content-type=\"node\" data-prosemirror-node-name=\"listItem\" data-prosemirror-node-block=\"true\"><p data-prosemirror-content-type=\"node\" data-prosemirror-node-name=\"paragraph\" data-prosemirror-node-block=\"true\"><strong data-prosemirror-content-type=\"mark\" data-prosemirror-mark-name=\"strong\">Un d\u00e9fi pour les conducteurs<\/strong> : la route sinueuse et les mont\u00e9es abruptes en font un parcours technique mais gratifiant.<\/p><\/li><li data-prosemirror-content-type=\"node\" data-prosemirror-node-name=\"listItem\" data-prosemirror-node-block=\"true\"><p data-prosemirror-content-type=\"node\" data-prosemirror-node-name=\"paragraph\" data-prosemirror-node-block=\"true\"><strong data-prosemirror-content-type=\"mark\" data-prosemirror-mark-name=\"strong\">Acc\u00e8s aux stations de ski<\/strong> : le col relie des stations r\u00e9put\u00e9es comme Val-d&#8217;Is\u00e8re et Tignes.<\/p><\/li><\/ul><h3 data-prosemirror-content-type=\"node\" data-prosemirror-node-name=\"heading\" data-prosemirror-node-block=\"true\">Conseils pour la route<\/h3><ul class=\"ak-ul\" data-prosemirror-content-type=\"node\" data-prosemirror-node-name=\"bulletList\" data-prosemirror-node-block=\"true\"><li data-prosemirror-content-type=\"node\" data-prosemirror-node-name=\"listItem\" data-prosemirror-node-block=\"true\"><p data-prosemirror-content-type=\"node\" data-prosemirror-node-name=\"paragraph\" data-prosemirror-node-block=\"true\">La route est souvent ferm\u00e9e en hiver en raison des conditions m\u00e9t\u00e9orologiques. Assurez-vous de v\u00e9rifier son ouverture avant de vous y engager.<\/p><\/li><li data-prosemirror-content-type=\"node\" data-prosemirror-node-name=\"listItem\" data-prosemirror-node-block=\"true\"><p data-prosemirror-content-type=\"node\" data-prosemirror-node-name=\"paragraph\" data-prosemirror-node-block=\"true\">\u00c9quipez votre v\u00e9hicule de pneus neige et de cha\u00eenes pour faire face aux \u00e9ventuelles chutes de neige.<\/p><\/li><\/ul>\t\t\t\t\t\t\t\t<\/div>\n\t\t\t\t<\/div>\n\t\t\t\t\t<\/div>\n\t\t<\/div>\n\t\t\t\t\t<\/div>\n\t\t<\/section>\n\t\t\t\t<section class=\"elementor-section elementor-top-section elementor-element elementor-element-2a5c66c elementor-section-boxed elementor-section-height-default elementor-section-height-default\" data-id=\"2a5c66c\" data-element_type=\"section\" data-e-type=\"section\">\n\t\t\t\t\t\t<div class=\"elementor-container elementor-column-gap-default\">\n\t\t\t\t\t<div class=\"elementor-column elementor-col-100 elementor-top-column elementor-element elementor-element-1f68d84\" data-id=\"1f68d84\" data-element_type=\"column\" data-e-type=\"column\">\n\t\t\t<div class=\"elementor-widget-wrap elementor-element-populated\">\n\t\t\t\t\t\t<div class=\"elementor-element elementor-element-5b7845a elementor-widget elementor-widget-image\" data-id=\"5b7845a\" data-element_type=\"widget\" data-e-type=\"widget\" data-widget_type=\"image.default\">\n\t\t\t\t<div class=\"elementor-widget-container\">\n\t\t\t\t\t\t\t\t\t\t\t\t\t\t\t<img fetchpriority=\"high\" decoding=\"async\" width=\"640\" height=\"427\" src=\"https:\/\/www.autosphere.fr\/blog\/wp-content\/uploads\/2025\/03\/shutterstock_2479029239-768x512.jpg\" class=\"attachment-medium_large size-medium_large wp-image-7153\" alt=\"\" srcset=\"https:\/\/www.autosphere.fr\/blog\/wp-content\/uploads\/2025\/03\/shutterstock_2479029239-768x512.jpg 768w, https:\/\/www.autosphere.fr\/blog\/wp-content\/uploads\/2025\/03\/shutterstock_2479029239-500x333.jpg 500w, https:\/\/www.autosphere.fr\/blog\/wp-content\/uploads\/2025\/03\/shutterstock_2479029239-1024x683.jpg 1024w, https:\/\/www.autosphere.fr\/blog\/wp-content\/uploads\/2025\/03\/shutterstock_2479029239-1536x1025.jpg 1536w\" sizes=\"(max-width: 640px) 100vw, 640px\" \/>\t\t\t\t\t\t\t\t\t\t\t\t\t\t\t<\/div>\n\t\t\t\t<\/div>\n\t\t\t\t\t<\/div>\n\t\t<\/div>\n\t\t\t\t\t<\/div>\n\t\t<\/section>\n\t\t\t\t<section class=\"elementor-section elementor-top-section elementor-element elementor-element-894e1ad elementor-section-boxed elementor-section-height-default elementor-section-height-default\" data-id=\"894e1ad\" data-element_type=\"section\" data-e-type=\"section\">\n\t\t\t\t\t\t<div class=\"elementor-container elementor-column-gap-default\">\n\t\t\t\t\t<div class=\"elementor-column elementor-col-100 elementor-top-column elementor-element elementor-element-3c5ab2d\" data-id=\"3c5ab2d\" data-element_type=\"column\" data-e-type=\"column\">\n\t\t\t<div class=\"elementor-widget-wrap elementor-element-populated\">\n\t\t\t\t\t\t<div class=\"elementor-element elementor-element-4795443 elementor-widget elementor-widget-heading\" data-id=\"4795443\" data-element_type=\"widget\" data-e-type=\"widget\" data-widget_type=\"heading.default\">\n\t\t\t\t<div class=\"elementor-widget-container\">\n\t\t\t\t\t<h2 class=\"elementor-heading-title elementor-size-default\">La mont\u00e9e de l'Alpe d'Huez : une route l\u00e9gendaire<\/h2>\t\t\t\t<\/div>\n\t\t\t\t<\/div>\n\t\t\t\t\t<\/div>\n\t\t<\/div>\n\t\t\t\t\t<\/div>\n\t\t<\/section>\n\t\t\t\t<section class=\"elementor-section elementor-top-section elementor-element elementor-element-7517b89 elementor-section-boxed elementor-section-height-default elementor-section-height-default\" data-id=\"7517b89\" data-element_type=\"section\" data-e-type=\"section\">\n\t\t\t\t\t\t<div class=\"elementor-container elementor-column-gap-default\">\n\t\t\t\t\t<div class=\"elementor-column elementor-col-100 elementor-top-column elementor-element elementor-element-8d9857f\" data-id=\"8d9857f\" data-element_type=\"column\" data-e-type=\"column\">\n\t\t\t<div class=\"elementor-widget-wrap elementor-element-populated\">\n\t\t\t\t\t\t<div class=\"elementor-element elementor-element-791800e elementor-widget elementor-widget-text-editor\" data-id=\"791800e\" data-element_type=\"widget\" data-e-type=\"widget\" data-widget_type=\"text-editor.default\">\n\t\t\t\t<div class=\"elementor-widget-container\">\n\t\t\t\t\t\t\t\t\t<p data-prosemirror-content-type=\"node\" data-prosemirror-node-name=\"paragraph\" data-prosemirror-node-block=\"true\" data-pm-slice=\"1 3 []\">La mont\u00e9e de l&#8217;Alpe d&#8217;Huez est l&#8217;une des routes les plus embl\u00e9matiques de France, notamment gr\u00e2ce au Tour de France. Cette route de 13,8 km comporte 21 virages en \u00e9pingle \u00e0 cheveux et m\u00e8ne directement \u00e0 la station de ski de l&#8217;Alpe d&#8217;Huez.<\/p><h3 data-prosemirror-content-type=\"node\" data-prosemirror-node-name=\"heading\" data-prosemirror-node-block=\"true\">Pourquoi emprunter la mont\u00e9e de l&#8217;Alpe d&#8217;Huez ?<\/h3><ul class=\"ak-ul\" data-prosemirror-content-type=\"node\" data-prosemirror-node-name=\"bulletList\" data-prosemirror-node-block=\"true\"><li data-prosemirror-content-type=\"node\" data-prosemirror-node-name=\"listItem\" data-prosemirror-node-block=\"true\"><p data-prosemirror-content-type=\"node\" data-prosemirror-node-name=\"paragraph\" data-prosemirror-node-block=\"true\"><strong data-prosemirror-content-type=\"mark\" data-prosemirror-mark-name=\"strong\">Un d\u00e9fi sportif<\/strong> : la mont\u00e9e est c\u00e9l\u00e8bre pour sa difficult\u00e9 et attire de nombreux cyclistes en \u00e9t\u00e9.<\/p><\/li><li data-prosemirror-content-type=\"node\" data-prosemirror-node-name=\"listItem\" data-prosemirror-node-block=\"true\"><p data-prosemirror-content-type=\"node\" data-prosemirror-node-name=\"paragraph\" data-prosemirror-node-block=\"true\"><strong data-prosemirror-content-type=\"mark\" data-prosemirror-mark-name=\"strong\">Une route historique<\/strong> : emprunt\u00e9e r\u00e9guli\u00e8rement par le Tour de France, elle fait partie de l\u2019histoire du cyclisme.<\/p><\/li><li data-prosemirror-content-type=\"node\" data-prosemirror-node-name=\"listItem\" data-prosemirror-node-block=\"true\"><p data-prosemirror-content-type=\"node\" data-prosemirror-node-name=\"paragraph\" data-prosemirror-node-block=\"true\"><strong data-prosemirror-content-type=\"mark\" data-prosemirror-mark-name=\"strong\">Acc\u00e8s \u00e0 une station de ski r\u00e9put\u00e9e<\/strong> : l&#8217;Alpe d&#8217;Huez est connue pour son domaine skiable ensoleill\u00e9 et ses nombreuses activit\u00e9s.<\/p><\/li><\/ul><h3 data-prosemirror-content-type=\"node\" data-prosemirror-node-name=\"heading\" data-prosemirror-node-block=\"true\">Conseils pour la route<\/h3><ul class=\"ak-ul\" data-prosemirror-content-type=\"node\" data-prosemirror-node-name=\"bulletList\" data-prosemirror-node-block=\"true\"><li data-prosemirror-content-type=\"node\" data-prosemirror-node-name=\"listItem\" data-prosemirror-node-block=\"true\"><p data-prosemirror-content-type=\"node\" data-prosemirror-node-name=\"paragraph\" data-prosemirror-node-block=\"true\">La mont\u00e9e est exigeante pour les v\u00e9hicules. Veillez \u00e0 ce que votre voiture soit en bon \u00e9tat m\u00e9canique, en particulier les freins.<\/p><\/li><li data-prosemirror-content-type=\"node\" data-prosemirror-node-name=\"listItem\" data-prosemirror-node-block=\"true\"><p data-prosemirror-content-type=\"node\" data-prosemirror-node-name=\"paragraph\" data-prosemirror-node-block=\"true\">\u00c9vitez les heures de pointe pour profiter pleinement du parcours et des paysages.<\/p><\/li><\/ul>\t\t\t\t\t\t\t\t<\/div>\n\t\t\t\t<\/div>\n\t\t\t\t\t<\/div>\n\t\t<\/div>\n\t\t\t\t\t<\/div>\n\t\t<\/section>\n\t\t\t\t<section class=\"elementor-section elementor-top-section elementor-element elementor-element-24be5e0 elementor-section-boxed elementor-section-height-default elementor-section-height-default\" data-id=\"24be5e0\" data-element_type=\"section\" data-e-type=\"section\">\n\t\t\t\t\t\t<div class=\"elementor-container elementor-column-gap-default\">\n\t\t\t\t\t<div class=\"elementor-column elementor-col-100 elementor-top-column elementor-element elementor-element-e6643d3\" data-id=\"e6643d3\" data-element_type=\"column\" data-e-type=\"column\">\n\t\t\t<div class=\"elementor-widget-wrap elementor-element-populated\">\n\t\t\t\t\t\t<div class=\"elementor-element elementor-element-ec0e9b4 elementor-widget elementor-widget-image\" data-id=\"ec0e9b4\" data-element_type=\"widget\" data-e-type=\"widget\" data-widget_type=\"image.default\">\n\t\t\t\t<div class=\"elementor-widget-container\">\n\t\t\t\t\t\t\t\t\t\t\t\t\t\t\t<img decoding=\"async\" width=\"640\" height=\"416\" src=\"https:\/\/www.autosphere.fr\/blog\/wp-content\/uploads\/2025\/03\/shutterstock_325393940-768x499.jpg\" class=\"attachment-medium_large size-medium_large wp-image-7154\" alt=\"\" srcset=\"https:\/\/www.autosphere.fr\/blog\/wp-content\/uploads\/2025\/03\/shutterstock_325393940-768x499.jpg 768w, https:\/\/www.autosphere.fr\/blog\/wp-content\/uploads\/2025\/03\/shutterstock_325393940-500x325.jpg 500w, https:\/\/www.autosphere.fr\/blog\/wp-content\/uploads\/2025\/03\/shutterstock_325393940-1024x665.jpg 1024w, https:\/\/www.autosphere.fr\/blog\/wp-content\/uploads\/2025\/03\/shutterstock_325393940-1536x997.jpg 1536w, https:\/\/www.autosphere.fr\/blog\/wp-content\/uploads\/2025\/03\/shutterstock_325393940-2048x1330.jpg 2048w\" sizes=\"(max-width: 640px) 100vw, 640px\" \/>\t\t\t\t\t\t\t\t\t\t\t\t\t\t\t<\/div>\n\t\t\t\t<\/div>\n\t\t\t\t\t<\/div>\n\t\t<\/div>\n\t\t\t\t\t<\/div>\n\t\t<\/section>\n\t\t\t\t<section class=\"elementor-section elementor-top-section elementor-element elementor-element-0e633f5 elementor-section-boxed elementor-section-height-default elementor-section-height-default\" data-id=\"0e633f5\" data-element_type=\"section\" data-e-type=\"section\">\n\t\t\t\t\t\t<div class=\"elementor-container elementor-column-gap-default\">\n\t\t\t\t\t<div class=\"elementor-column elementor-col-100 elementor-top-column elementor-element elementor-element-bd20d73\" data-id=\"bd20d73\" data-element_type=\"column\" data-e-type=\"column\">\n\t\t\t<div class=\"elementor-widget-wrap elementor-element-populated\">\n\t\t\t\t\t\t<div class=\"elementor-element elementor-element-0762721 elementor-widget elementor-widget-heading\" data-id=\"0762721\" data-element_type=\"widget\" data-e-type=\"widget\" data-widget_type=\"heading.default\">\n\t\t\t\t<div class=\"elementor-widget-container\">\n\t\t\t\t\t<h2 class=\"elementor-heading-title elementor-size-default\">Les Gorges du Verdon : une route pittoresque vers la montagne<\/h2>\t\t\t\t<\/div>\n\t\t\t\t<\/div>\n\t\t\t\t\t<\/div>\n\t\t<\/div>\n\t\t\t\t\t<\/div>\n\t\t<\/section>\n\t\t\t\t<section class=\"elementor-section elementor-top-section elementor-element elementor-element-6d422f0 elementor-section-boxed elementor-section-height-default elementor-section-height-default\" data-id=\"6d422f0\" data-element_type=\"section\" data-e-type=\"section\">\n\t\t\t\t\t\t<div class=\"elementor-container elementor-column-gap-default\">\n\t\t\t\t\t<div class=\"elementor-column elementor-col-100 elementor-top-column elementor-element elementor-element-9d01074\" data-id=\"9d01074\" data-element_type=\"column\" data-e-type=\"column\">\n\t\t\t<div class=\"elementor-widget-wrap elementor-element-populated\">\n\t\t\t\t\t\t<div class=\"elementor-element elementor-element-84a9aa3 elementor-widget elementor-widget-text-editor\" data-id=\"84a9aa3\" data-element_type=\"widget\" data-e-type=\"widget\" data-widget_type=\"text-editor.default\">\n\t\t\t\t<div class=\"elementor-widget-container\">\n\t\t\t\t\t\t\t\t\t<p data-prosemirror-content-type=\"node\" data-prosemirror-node-name=\"paragraph\" data-prosemirror-node-block=\"true\" data-pm-slice=\"1 3 []\">Bien que les Gorges du Verdon ne soient pas une route menant directement aux stations de ski, elles offrent un d\u00e9tour spectaculaire avant de rejoindre les Alpes du Sud. Cette route sinueuse longe les falaises vertigineuses du plus grand canyon d\u2019Europe et offre des vues panoramiques sur des eaux turquoise.<\/p><h3 data-prosemirror-content-type=\"node\" data-prosemirror-node-name=\"heading\" data-prosemirror-node-block=\"true\">Pourquoi emprunter les Gorges du Verdon ?<\/h3><ul class=\"ak-ul\" data-prosemirror-content-type=\"node\" data-prosemirror-node-name=\"bulletList\" data-prosemirror-node-block=\"true\"><li data-prosemirror-content-type=\"node\" data-prosemirror-node-name=\"listItem\" data-prosemirror-node-block=\"true\"><p data-prosemirror-content-type=\"node\" data-prosemirror-node-name=\"paragraph\" data-prosemirror-node-block=\"true\"><strong data-prosemirror-content-type=\"mark\" data-prosemirror-mark-name=\"strong\">Des paysages exceptionnels<\/strong> : le canyon et les falaises abruptes offrent un cadre unique pour un road trip.<\/p><\/li><li data-prosemirror-content-type=\"node\" data-prosemirror-node-name=\"listItem\" data-prosemirror-node-block=\"true\"><p data-prosemirror-content-type=\"node\" data-prosemirror-node-name=\"paragraph\" data-prosemirror-node-block=\"true\"><strong data-prosemirror-content-type=\"mark\" data-prosemirror-mark-name=\"strong\">Une route pittoresque<\/strong> : id\u00e9ale pour les amateurs de photographie et de nature.<\/p><\/li><li data-prosemirror-content-type=\"node\" data-prosemirror-node-name=\"listItem\" data-prosemirror-node-block=\"true\"><p data-prosemirror-content-type=\"node\" data-prosemirror-node-name=\"paragraph\" data-prosemirror-node-block=\"true\"><strong data-prosemirror-content-type=\"mark\" data-prosemirror-mark-name=\"strong\">Acc\u00e8s aux stations des Alpes du Sud<\/strong> : vous pouvez rejoindre des stations comme Pra-Loup, Valberg ou Isola 2000 apr\u00e8s avoir travers\u00e9 les Gorges du Verdon.<\/p><\/li><\/ul><h3 data-prosemirror-content-type=\"node\" data-prosemirror-node-name=\"heading\" data-prosemirror-node-block=\"true\">Conseils pour la route<\/h3><ul class=\"ak-ul\" data-prosemirror-content-type=\"node\" data-prosemirror-node-name=\"bulletList\" data-prosemirror-node-block=\"true\"><li data-prosemirror-content-type=\"node\" data-prosemirror-node-name=\"listItem\" data-prosemirror-node-block=\"true\"><p data-prosemirror-content-type=\"node\" data-prosemirror-node-name=\"paragraph\" data-prosemirror-node-block=\"true\">Soyez prudent sur les routes \u00e9troites et sinueuses, surtout en hiver o\u00f9 elles peuvent \u00eatre glissantes.<\/p><\/li><li data-prosemirror-content-type=\"node\" data-prosemirror-node-name=\"listItem\" data-prosemirror-node-block=\"true\"><p data-prosemirror-content-type=\"node\" data-prosemirror-node-name=\"paragraph\" data-prosemirror-node-block=\"true\">Pr\u00e9voyez des arr\u00eats pour admirer les points de vue spectaculaires, comme le belv\u00e9d\u00e8re de la route des Cr\u00eates.<\/p><\/li><\/ul>\t\t\t\t\t\t\t\t<\/div>\n\t\t\t\t<\/div>\n\t\t\t\t\t<\/div>\n\t\t<\/div>\n\t\t\t\t\t<\/div>\n\t\t<\/section>\n\t\t\t\t<section class=\"elementor-section elementor-top-section elementor-element elementor-element-d5949c5 elementor-section-boxed elementor-section-height-default elementor-section-height-default\" data-id=\"d5949c5\" data-element_type=\"section\" data-e-type=\"section\">\n\t\t\t\t\t\t<div class=\"elementor-container elementor-column-gap-default\">\n\t\t\t\t\t<div class=\"elementor-column elementor-col-100 elementor-top-column elementor-element elementor-element-76dfa7c\" data-id=\"76dfa7c\" data-element_type=\"column\" data-e-type=\"column\">\n\t\t\t<div class=\"elementor-widget-wrap elementor-element-populated\">\n\t\t\t\t\t\t<div class=\"elementor-element elementor-element-deb7e8a elementor-widget elementor-widget-text-editor\" data-id=\"deb7e8a\" data-element_type=\"widget\" data-e-type=\"widget\" data-widget_type=\"text-editor.default\">\n\t\t\t\t<div class=\"elementor-widget-container\">\n\t\t\t\t\t\t\t\t\t<p data-prosemirror-content-type=\"node\" data-prosemirror-node-name=\"paragraph\" data-prosemirror-node-block=\"true\" data-pm-slice=\"1 1 []\">Que vous soyez en qu\u00eate d\u2019aventure ou d\u2019un trajet pittoresque pour rejoindre les stations de ski, ces routes l\u00e9gendaires offrent une exp\u00e9rience unique \u00e0 travers les montagnes et les paysages spectaculaires de France.<\/p><p data-prosemirror-content-type=\"node\" data-prosemirror-node-name=\"paragraph\" data-prosemirror-node-block=\"true\" data-pm-slice=\"1 1 []\"><strong>Chez Autosphere, nous vous proposons une large gamme de v\u00e9hicules adapt\u00e9s aux routes de montagne. Des SUV aux voitures \u00e9quip\u00e9es de pneus neige, trouvez le v\u00e9hicule id\u00e9al pour affronter les cols et profiter pleinement de votre s\u00e9jour au ski. Consultez notre s\u00e9lection sur <a href=\"https:\/\/www.autosphere.fr\" data-prosemirror-content-type=\"mark\" data-prosemirror-mark-name=\"link\">autosphere.fr<\/a> et pr\u00e9parez votre prochaine escapade hivernale.<\/strong><\/p><p data-prosemirror-content-type=\"node\" data-prosemirror-node-name=\"paragraph\" data-prosemirror-node-block=\"true\" data-pm-slice=\"1 1 []\">\u00a0<\/p>\t\t\t\t\t\t\t\t<\/div>\n\t\t\t\t<\/div>\n\t\t\t\t\t<\/div>\n\t\t<\/div>\n\t\t\t\t\t<\/div>\n\t\t<\/section>\n\t\t\t\t<\/div>\n\t\t","protected":false},"excerpt":{"rendered":"<p>L&#8217;hiver est l\u00e0 et l&#8217;appel des montagnes se fait sentir. Pour les amateurs de ski et de paysages grandioses, certaines routes mythiques de France sont \u00e0 d\u00e9couvrir. Que vous soyez passionn\u00e9 de sports d&#8217;hiver ou simple amateur de road trip, le col de l&#8217;Iseran, la mont\u00e9e de l&#8217;Alpe d&#8217;Huez et les Gorges du Verdon offrent [&hellip;]<\/p>\n","protected":false},"author":11,"featured_media":7158,"comment_status":"open","ping_status":"open","sticky":false,"template":"","format":"standard","meta":{"_acf_changed":false,"footnotes":""},"categories":[3],"tags":[],"marque":[],"class_list":["post-7134","post","type-post","status-publish","format-standard","has-post-thumbnail","hentry","category-conseils"],"acf":[],"yoast_head":"<!-- This site is optimized with the Yoast SEO plugin v27.2 - https:\/\/yoast.com\/product\/yoast-seo-wordpress\/ -->\n<title>Les routes incontournables pour aller au ski<\/title>\n<meta name=\"description\" content=\"D\u00e9couvrez les routes mythiques vers le ski : Col de l&#039;Iseran, Alpe d&#039;Huez et Gorges du Verdon. Paysages et d\u00e9fis au rendez-vous.\" \/>\n<meta name=\"robots\" content=\"index, follow, max-snippet:-1, max-image-preview:large, max-video-preview:-1\" \/>\n<link rel=\"canonical\" href=\"https:\/\/www.autosphere.fr\/blog\/routes-ski-col-iseran-alpe-huez-gorges-verdon\/\" \/>\n<meta property=\"og:locale\" content=\"fr_FR\" \/>\n<meta property=\"og:type\" content=\"article\" \/>\n<meta property=\"og:title\" content=\"Les routes incontournables pour aller au ski\" \/>\n<meta property=\"og:description\" content=\"D\u00e9couvrez les routes mythiques vers le ski : Col de l&#039;Iseran, Alpe d&#039;Huez et Gorges du Verdon. Paysages et d\u00e9fis au rendez-vous.\" \/>\n<meta property=\"og:url\" content=\"https:\/\/www.autosphere.fr\/blog\/routes-ski-col-iseran-alpe-huez-gorges-verdon\/\" \/>\n<meta property=\"og:site_name\" content=\"Blog Autosphere\" \/>\n<meta property=\"article:publisher\" content=\"https:\/\/www.facebook.com\/autosphere\" \/>\n<meta property=\"article:published_time\" content=\"2025-03-21T10:00:47+00:00\" \/>\n<meta property=\"og:image\" content=\"https:\/\/www.autosphere.fr\/blog\/wp-content\/uploads\/2025\/03\/shutterstock_2527061379-scaled.jpg\" \/>\n\t<meta property=\"og:image:width\" content=\"2560\" \/>\n\t<meta property=\"og:image:height\" content=\"1672\" \/>\n\t<meta property=\"og:image:type\" content=\"image\/jpeg\" \/>\n<meta name=\"author\" content=\"La r\u00e9daction autosphere\" \/>\n<meta name=\"twitter:card\" content=\"summary_large_image\" \/>\n<meta name=\"twitter:label1\" content=\"\u00c9crit par\" \/>\n\t<meta name=\"twitter:data1\" content=\"La r\u00e9daction autosphere\" \/>\n\t<meta name=\"twitter:label2\" content=\"Dur\u00e9e de lecture estim\u00e9e\" \/>\n\t<meta name=\"twitter:data2\" content=\"4 minutes\" \/>\n<!-- \/ Yoast SEO plugin. -->","yoast_head_json":{"title":"Les routes incontournables pour aller au ski","description":"D\u00e9couvrez les routes mythiques vers le ski : Col de l'Iseran, Alpe d'Huez et Gorges du Verdon. Paysages et d\u00e9fis au rendez-vous.","robots":{"index":"index","follow":"follow","max-snippet":"max-snippet:-1","max-image-preview":"max-image-preview:large","max-video-preview":"max-video-preview:-1"},"canonical":"https:\/\/www.autosphere.fr\/blog\/routes-ski-col-iseran-alpe-huez-gorges-verdon\/","og_locale":"fr_FR","og_type":"article","og_title":"Les routes incontournables pour aller au ski","og_description":"D\u00e9couvrez les routes mythiques vers le ski : Col de l'Iseran, Alpe d'Huez et Gorges du Verdon. Paysages et d\u00e9fis au rendez-vous.","og_url":"https:\/\/www.autosphere.fr\/blog\/routes-ski-col-iseran-alpe-huez-gorges-verdon\/","og_site_name":"Blog Autosphere","article_publisher":"https:\/\/www.facebook.com\/autosphere","article_published_time":"2025-03-21T10:00:47+00:00","og_image":[{"width":2560,"height":1672,"url":"https:\/\/www.autosphere.fr\/blog\/wp-content\/uploads\/2025\/03\/shutterstock_2527061379-scaled.jpg","type":"image\/jpeg"}],"author":"La r\u00e9daction autosphere","twitter_card":"summary_large_image","twitter_misc":{"\u00c9crit par":"La r\u00e9daction autosphere","Dur\u00e9e de lecture estim\u00e9e":"4 minutes"},"schema":{"@context":"https:\/\/schema.org","@graph":[{"@type":"Article","@id":"https:\/\/www.autosphere.fr\/blog\/routes-ski-col-iseran-alpe-huez-gorges-verdon\/#article","isPartOf":{"@id":"https:\/\/www.autosphere.fr\/blog\/routes-ski-col-iseran-alpe-huez-gorges-verdon\/"},"author":{"name":"La r\u00e9daction autosphere","@id":"https:\/\/www.autosphere.fr\/blog\/#\/schema\/person\/76d1ce22eac63a2fea648bf6b19f8e18"},"headline":"Les routes incontournables pour aller au ski : Col de l&#8217;Iseran, mont\u00e9e de l&#8217;Alpe d&#8217;Huez et Gorges du Verdon","datePublished":"2025-03-21T10:00:47+00:00","mainEntityOfPage":{"@id":"https:\/\/www.autosphere.fr\/blog\/routes-ski-col-iseran-alpe-huez-gorges-verdon\/"},"wordCount":748,"commentCount":0,"publisher":{"@id":"https:\/\/www.autosphere.fr\/blog\/#organization"},"image":{"@id":"https:\/\/www.autosphere.fr\/blog\/routes-ski-col-iseran-alpe-huez-gorges-verdon\/#primaryimage"},"thumbnailUrl":"https:\/\/www.autosphere.fr\/blog\/wp-content\/uploads\/2025\/03\/shutterstock_2527061379-scaled.jpg","articleSection":["Conseils"],"inLanguage":"fr-FR","potentialAction":[{"@type":"CommentAction","name":"Comment","target":["https:\/\/www.autosphere.fr\/blog\/routes-ski-col-iseran-alpe-huez-gorges-verdon\/#respond"]}]},{"@type":"WebPage","@id":"https:\/\/www.autosphere.fr\/blog\/routes-ski-col-iseran-alpe-huez-gorges-verdon\/","url":"https:\/\/www.autosphere.fr\/blog\/routes-ski-col-iseran-alpe-huez-gorges-verdon\/","name":"Les routes incontournables pour aller au ski","isPartOf":{"@id":"https:\/\/www.autosphere.fr\/blog\/#website"},"primaryImageOfPage":{"@id":"https:\/\/www.autosphere.fr\/blog\/routes-ski-col-iseran-alpe-huez-gorges-verdon\/#primaryimage"},"image":{"@id":"https:\/\/www.autosphere.fr\/blog\/routes-ski-col-iseran-alpe-huez-gorges-verdon\/#primaryimage"},"thumbnailUrl":"https:\/\/www.autosphere.fr\/blog\/wp-content\/uploads\/2025\/03\/shutterstock_2527061379-scaled.jpg","datePublished":"2025-03-21T10:00:47+00:00","description":"D\u00e9couvrez les routes mythiques vers le ski : Col de l'Iseran, Alpe d'Huez et Gorges du Verdon. Paysages et d\u00e9fis au rendez-vous.","breadcrumb":{"@id":"https:\/\/www.autosphere.fr\/blog\/routes-ski-col-iseran-alpe-huez-gorges-verdon\/#breadcrumb"},"inLanguage":"fr-FR","potentialAction":[{"@type":"ReadAction","target":["https:\/\/www.autosphere.fr\/blog\/routes-ski-col-iseran-alpe-huez-gorges-verdon\/"]}]},{"@type":"ImageObject","inLanguage":"fr-FR","@id":"https:\/\/www.autosphere.fr\/blog\/routes-ski-col-iseran-alpe-huez-gorges-verdon\/#primaryimage","url":"https:\/\/www.autosphere.fr\/blog\/wp-content\/uploads\/2025\/03\/shutterstock_2527061379-scaled.jpg","contentUrl":"https:\/\/www.autosphere.fr\/blog\/wp-content\/uploads\/2025\/03\/shutterstock_2527061379-scaled.jpg","width":2560,"height":1672},{"@type":"BreadcrumbList","@id":"https:\/\/www.autosphere.fr\/blog\/routes-ski-col-iseran-alpe-huez-gorges-verdon\/#breadcrumb","itemListElement":[{"@type":"ListItem","position":1,"name":"Accueil","item":"https:\/\/www.autosphere.fr\/blog\/"},{"@type":"ListItem","position":2,"name":"Les routes incontournables pour aller au ski : Col de l&#8217;Iseran, mont\u00e9e de l&#8217;Alpe d&#8217;Huez et Gorges du Verdon"}]},{"@type":"WebSite","@id":"https:\/\/www.autosphere.fr\/blog\/#website","url":"https:\/\/www.autosphere.fr\/blog\/","name":"Blog Autosphere","description":"","publisher":{"@id":"https:\/\/www.autosphere.fr\/blog\/#organization"},"potentialAction":[{"@type":"SearchAction","target":{"@type":"EntryPoint","urlTemplate":"https:\/\/www.autosphere.fr\/blog\/?s={search_term_string}"},"query-input":{"@type":"PropertyValueSpecification","valueRequired":true,"valueName":"search_term_string"}}],"inLanguage":"fr-FR"},{"@type":"Organization","@id":"https:\/\/www.autosphere.fr\/blog\/#organization","name":"Blog Autosphere","url":"https:\/\/www.autosphere.fr\/blog\/","logo":{"@type":"ImageObject","inLanguage":"fr-FR","@id":"https:\/\/www.autosphere.fr\/blog\/#\/schema\/logo\/image\/","url":"https:\/\/www.autosphere.fr\/blog\/wp-content\/uploads\/2022\/11\/le-blog-autosphere.png","contentUrl":"https:\/\/www.autosphere.fr\/blog\/wp-content\/uploads\/2022\/11\/le-blog-autosphere.png","width":241,"height":35,"caption":"Blog Autosphere"},"image":{"@id":"https:\/\/www.autosphere.fr\/blog\/#\/schema\/logo\/image\/"},"sameAs":["https:\/\/www.facebook.com\/autosphere","https:\/\/www.instagram.com\/autosphere"]},{"@type":"Person","@id":"https:\/\/www.autosphere.fr\/blog\/#\/schema\/person\/76d1ce22eac63a2fea648bf6b19f8e18","name":"La r\u00e9daction autosphere","url":"https:\/\/www.autosphere.fr\/blog\/author\/oceane-bodereau\/"}]}},"_links":{"self":[{"href":"https:\/\/www.autosphere.fr\/blog\/wp-json\/wp\/v2\/posts\/7134","targetHints":{"allow":["GET"]}}],"collection":[{"href":"https:\/\/www.autosphere.fr\/blog\/wp-json\/wp\/v2\/posts"}],"about":[{"href":"https:\/\/www.autosphere.fr\/blog\/wp-json\/wp\/v2\/types\/post"}],"author":[{"embeddable":true,"href":"https:\/\/www.autosphere.fr\/blog\/wp-json\/wp\/v2\/users\/11"}],"replies":[{"embeddable":true,"href":"https:\/\/www.autosphere.fr\/blog\/wp-json\/wp\/v2\/comments?post=7134"}],"version-history":[{"count":11,"href":"https:\/\/www.autosphere.fr\/blog\/wp-json\/wp\/v2\/posts\/7134\/revisions"}],"predecessor-version":[{"id":7159,"href":"https:\/\/www.autosphere.fr\/blog\/wp-json\/wp\/v2\/posts\/7134\/revisions\/7159"}],"wp:featuredmedia":[{"embeddable":true,"href":"https:\/\/www.autosphere.fr\/blog\/wp-json\/wp\/v2\/media\/7158"}],"wp:attachment":[{"href":"https:\/\/www.autosphere.fr\/blog\/wp-json\/wp\/v2\/media?parent=7134"}],"wp:term":[{"taxonomy":"category","embeddable":true,"href":"https:\/\/www.autosphere.fr\/blog\/wp-json\/wp\/v2\/categories?post=7134"},{"taxonomy":"post_tag","embeddable":true,"href":"https:\/\/www.autosphere.fr\/blog\/wp-json\/wp\/v2\/tags?post=7134"},{"taxonomy":"marque","embeddable":true,"href":"https:\/\/www.autosphere.fr\/blog\/wp-json\/wp\/v2\/marque?post=7134"}],"curies":[{"name":"wp","href":"https:\/\/api.w.org\/{rel}","templated":true}]}}