{"id":7342,"date":"2025-05-05T11:00:23","date_gmt":"2025-05-05T09:00:23","guid":{"rendered":"https:\/\/blog.autosphere.fr\/?p=7342"},"modified":"2025-04-30T11:32:17","modified_gmt":"2025-04-30T09:32:17","slug":"road-trip-mai-plus-belles-routes-france","status":"publish","type":"post","link":"https:\/\/www.autosphere.fr\/blog\/road-trip-mai-plus-belles-routes-france\/","title":{"rendered":"Road trip de mai : les plus belles routes de France \u00e0 d\u00e9couvrir"},"content":{"rendered":"\t\t<div data-elementor-type=\"wp-post\" data-elementor-id=\"7342\" class=\"elementor elementor-7342\" data-elementor-post-type=\"post\">\n\t\t\t\t\t\t<section class=\"elementor-section elementor-top-section elementor-element elementor-element-bb7a000 elementor-section-boxed elementor-section-height-default elementor-section-height-default\" data-id=\"bb7a000\" data-element_type=\"section\" data-e-type=\"section\">\n\t\t\t\t\t\t<div class=\"elementor-container elementor-column-gap-default\">\n\t\t\t\t\t<div class=\"elementor-column elementor-col-100 elementor-top-column elementor-element elementor-element-87344b2\" data-id=\"87344b2\" data-element_type=\"column\" data-e-type=\"column\">\n\t\t\t<div class=\"elementor-widget-wrap elementor-element-populated\">\n\t\t\t\t\t\t<div class=\"elementor-element elementor-element-e29a60e elementor-widget elementor-widget-text-editor\" data-id=\"e29a60e\" data-element_type=\"widget\" data-e-type=\"widget\" data-widget_type=\"text-editor.default\">\n\t\t\t\t<div class=\"elementor-widget-container\">\n\t\t\t\t\t\t\t\t\t<p>Envie d\u2019\u00e9vasion pour les ponts de mai ? D\u00e9couvrez les plus belles routes de France pour un road trip inoubliable.<\/p>\t\t\t\t\t\t\t\t<\/div>\n\t\t\t\t<\/div>\n\t\t\t\t\t<\/div>\n\t\t<\/div>\n\t\t\t\t\t<\/div>\n\t\t<\/section>\n\t\t\t\t<section class=\"elementor-section elementor-top-section elementor-element elementor-element-ff04dff elementor-section-boxed elementor-section-height-default elementor-section-height-default\" data-id=\"ff04dff\" data-element_type=\"section\" data-e-type=\"section\">\n\t\t\t\t\t\t<div class=\"elementor-container elementor-column-gap-default\">\n\t\t\t\t\t<div class=\"elementor-column elementor-col-100 elementor-top-column elementor-element elementor-element-12bd2b8\" data-id=\"12bd2b8\" data-element_type=\"column\" data-e-type=\"column\">\n\t\t\t<div class=\"elementor-widget-wrap elementor-element-populated\">\n\t\t\t\t\t\t<div class=\"elementor-element elementor-element-414fd84 elementor-widget elementor-widget-heading\" data-id=\"414fd84\" data-element_type=\"widget\" data-e-type=\"widget\" data-widget_type=\"heading.default\">\n\t\t\t\t<div class=\"elementor-widget-container\">\n\t\t\t\t\t<h2 class=\"elementor-heading-title elementor-size-default\">\ud83c\udfde\ufe0f Route des Grandes Alpes : de Thonon-les-Bains \u00e0 Nice<\/h2>\t\t\t\t<\/div>\n\t\t\t\t<\/div>\n\t\t\t\t\t<\/div>\n\t\t<\/div>\n\t\t\t\t\t<\/div>\n\t\t<\/section>\n\t\t\t\t<section class=\"elementor-section elementor-top-section elementor-element elementor-element-cafa3ea elementor-section-boxed elementor-section-height-default elementor-section-height-default\" data-id=\"cafa3ea\" data-element_type=\"section\" data-e-type=\"section\">\n\t\t\t\t\t\t<div class=\"elementor-container elementor-column-gap-default\">\n\t\t\t\t\t<div class=\"elementor-column elementor-col-100 elementor-top-column elementor-element elementor-element-71b4166\" data-id=\"71b4166\" data-element_type=\"column\" data-e-type=\"column\">\n\t\t\t<div class=\"elementor-widget-wrap elementor-element-populated\">\n\t\t\t\t\t\t<div class=\"elementor-element elementor-element-d18b97b elementor-widget elementor-widget-text-editor\" data-id=\"d18b97b\" data-element_type=\"widget\" data-e-type=\"widget\" data-widget_type=\"text-editor.default\">\n\t\t\t\t<div class=\"elementor-widget-container\">\n\t\t\t\t\t\t\t\t\t<p><span class=\"relative -mx-px my-[-0.2rem] rounded px-px py-[0.2rem] transition-colors duration-100 ease-in-out\">Partez \u00e0 l&#8217;aventure sur la mythique Route des Grandes Alpes, un itin\u00e9raire de 720 km traversant 17 cols alpins, dont le c\u00e9l\u00e8bre col de l&#8217;Iseran.<\/span> <span class=\"relative -mx-px my-[-0.2rem] rounded px-px py-[0.2rem] transition-colors duration-100 ease-in-out\">Ce parcours offre des panoramas spectaculaires sur les montagnes, des lacs d&#8217;altitude et des villages pittoresques.<\/span> <span class=\"relative -mx-px my-[-0.2rem] rounded px-px py-[0.2rem] transition-colors duration-100 ease-in-out\">Id\u00e9al pour les amateurs de nature et de conduite sportive.<\/span><\/p>\t\t\t\t\t\t\t\t<\/div>\n\t\t\t\t<\/div>\n\t\t\t\t\t<\/div>\n\t\t<\/div>\n\t\t\t\t\t<\/div>\n\t\t<\/section>\n\t\t\t\t<section class=\"elementor-section elementor-top-section elementor-element elementor-element-f480636 elementor-section-boxed elementor-section-height-default elementor-section-height-default\" data-id=\"f480636\" data-element_type=\"section\" data-e-type=\"section\">\n\t\t\t\t\t\t<div class=\"elementor-container elementor-column-gap-default\">\n\t\t\t\t\t<div class=\"elementor-column elementor-col-100 elementor-top-column elementor-element elementor-element-b55a64e\" data-id=\"b55a64e\" data-element_type=\"column\" data-e-type=\"column\">\n\t\t\t<div class=\"elementor-widget-wrap elementor-element-populated\">\n\t\t\t\t\t\t<div class=\"elementor-element elementor-element-7858a93 elementor-widget elementor-widget-image\" data-id=\"7858a93\" data-element_type=\"widget\" data-e-type=\"widget\" data-widget_type=\"image.default\">\n\t\t\t\t<div class=\"elementor-widget-container\">\n\t\t\t\t\t\t\t\t\t\t\t\t\t\t\t<img fetchpriority=\"high\" decoding=\"async\" width=\"640\" height=\"427\" src=\"https:\/\/www.autosphere.fr\/blog\/wp-content\/uploads\/2025\/04\/shutterstock_2387810271-768x512.jpg\" class=\"attachment-medium_large size-medium_large wp-image-7344\" alt=\"\" srcset=\"https:\/\/www.autosphere.fr\/blog\/wp-content\/uploads\/2025\/04\/shutterstock_2387810271-768x512.jpg 768w, https:\/\/www.autosphere.fr\/blog\/wp-content\/uploads\/2025\/04\/shutterstock_2387810271-500x333.jpg 500w, https:\/\/www.autosphere.fr\/blog\/wp-content\/uploads\/2025\/04\/shutterstock_2387810271-1024x682.jpg 1024w, https:\/\/www.autosphere.fr\/blog\/wp-content\/uploads\/2025\/04\/shutterstock_2387810271-1536x1023.jpg 1536w, https:\/\/www.autosphere.fr\/blog\/wp-content\/uploads\/2025\/04\/shutterstock_2387810271-2048x1364.jpg 2048w\" sizes=\"(max-width: 640px) 100vw, 640px\" \/>\t\t\t\t\t\t\t\t\t\t\t\t\t\t\t<\/div>\n\t\t\t\t<\/div>\n\t\t\t\t\t<\/div>\n\t\t<\/div>\n\t\t\t\t\t<\/div>\n\t\t<\/section>\n\t\t\t\t<section class=\"elementor-section elementor-top-section elementor-element elementor-element-c47eed2 elementor-section-boxed elementor-section-height-default elementor-section-height-default\" data-id=\"c47eed2\" data-element_type=\"section\" data-e-type=\"section\">\n\t\t\t\t\t\t<div class=\"elementor-container elementor-column-gap-default\">\n\t\t\t\t\t<div class=\"elementor-column elementor-col-100 elementor-top-column elementor-element elementor-element-2f9cf19\" data-id=\"2f9cf19\" data-element_type=\"column\" data-e-type=\"column\">\n\t\t\t<div class=\"elementor-widget-wrap elementor-element-populated\">\n\t\t\t\t\t\t<div class=\"elementor-element elementor-element-560d6e2 elementor-widget elementor-widget-heading\" data-id=\"560d6e2\" data-element_type=\"widget\" data-e-type=\"widget\" data-widget_type=\"heading.default\">\n\t\t\t\t<div class=\"elementor-widget-container\">\n\t\t\t\t\t<h2 class=\"elementor-heading-title elementor-size-default\">\ud83c\udf0a La Route des Cr\u00eates : de Cassis \u00e0 La Ciotat<\/h2>\t\t\t\t<\/div>\n\t\t\t\t<\/div>\n\t\t\t\t\t<\/div>\n\t\t<\/div>\n\t\t\t\t\t<\/div>\n\t\t<\/section>\n\t\t\t\t<section class=\"elementor-section elementor-top-section elementor-element elementor-element-8e6f7d6 elementor-section-boxed elementor-section-height-default elementor-section-height-default\" data-id=\"8e6f7d6\" data-element_type=\"section\" data-e-type=\"section\">\n\t\t\t\t\t\t<div class=\"elementor-container elementor-column-gap-default\">\n\t\t\t\t\t<div class=\"elementor-column elementor-col-100 elementor-top-column elementor-element elementor-element-80cef83\" data-id=\"80cef83\" data-element_type=\"column\" data-e-type=\"column\">\n\t\t\t<div class=\"elementor-widget-wrap elementor-element-populated\">\n\t\t\t\t\t\t<div class=\"elementor-element elementor-element-c947547 elementor-widget elementor-widget-text-editor\" data-id=\"c947547\" data-element_type=\"widget\" data-e-type=\"widget\" data-widget_type=\"text-editor.default\">\n\t\t\t\t<div class=\"elementor-widget-container\">\n\t\t\t\t\t\t\t\t\t<p><span class=\"relative -mx-px my-[-0.2rem] rounded px-px py-[0.2rem] transition-colors duration-100 ease-in-out\">Empruntez la Route des Cr\u00eates pour admirer les falaises calcaires plongeant dans la mer M\u00e9diterran\u00e9e.<\/span> <span class=\"relative -mx-px my-[-0.2rem] rounded px-px py-[0.2rem] transition-colors duration-100 ease-in-out\">Cette route sinueuse offre des vues imprenables sur les calanques et la baie de Cassis.<\/span> <span class=\"relative -mx-px my-[-0.2rem] rounded px-px py-[0.2rem] transition-colors duration-100 ease-in-out\">Parfait pour une escapade romantique ou une pause d\u00e9tente au bord de l&#8217;eau<\/span><\/p>\t\t\t\t\t\t\t\t<\/div>\n\t\t\t\t<\/div>\n\t\t\t\t\t<\/div>\n\t\t<\/div>\n\t\t\t\t\t<\/div>\n\t\t<\/section>\n\t\t\t\t<section class=\"elementor-section elementor-top-section elementor-element elementor-element-912105f elementor-section-boxed elementor-section-height-default elementor-section-height-default\" data-id=\"912105f\" data-element_type=\"section\" data-e-type=\"section\">\n\t\t\t\t\t\t<div class=\"elementor-container elementor-column-gap-default\">\n\t\t\t\t\t<div class=\"elementor-column elementor-col-100 elementor-top-column elementor-element elementor-element-831b2ff\" data-id=\"831b2ff\" data-element_type=\"column\" data-e-type=\"column\">\n\t\t\t<div class=\"elementor-widget-wrap elementor-element-populated\">\n\t\t\t\t\t\t<div class=\"elementor-element elementor-element-0c9c336 elementor-widget elementor-widget-heading\" data-id=\"0c9c336\" data-element_type=\"widget\" data-e-type=\"widget\" data-widget_type=\"heading.default\">\n\t\t\t\t<div class=\"elementor-widget-container\">\n\t\t\t\t\t<h2 class=\"elementor-heading-title elementor-size-default\">\ud83c\udf47 La Route des Vins d'Alsace : de Marlenheim \u00e0 Thann<\/h2>\t\t\t\t<\/div>\n\t\t\t\t<\/div>\n\t\t\t\t\t<\/div>\n\t\t<\/div>\n\t\t\t\t\t<\/div>\n\t\t<\/section>\n\t\t\t\t<section class=\"elementor-section elementor-top-section elementor-element elementor-element-088adc4 elementor-section-boxed elementor-section-height-default elementor-section-height-default\" data-id=\"088adc4\" data-element_type=\"section\" data-e-type=\"section\">\n\t\t\t\t\t\t<div class=\"elementor-container elementor-column-gap-default\">\n\t\t\t\t\t<div class=\"elementor-column elementor-col-100 elementor-top-column elementor-element elementor-element-420c9fc\" data-id=\"420c9fc\" data-element_type=\"column\" data-e-type=\"column\">\n\t\t\t<div class=\"elementor-widget-wrap elementor-element-populated\">\n\t\t\t\t\t\t<div class=\"elementor-element elementor-element-e28d08a elementor-widget elementor-widget-text-editor\" data-id=\"e28d08a\" data-element_type=\"widget\" data-e-type=\"widget\" data-widget_type=\"text-editor.default\">\n\t\t\t\t<div class=\"elementor-widget-container\">\n\t\t\t\t\t\t\t\t\t<p><span class=\"relative -mx-px my-[-0.2rem] rounded px-px py-[0.2rem] transition-colors duration-100 ease-in-out\">D\u00e9couvrez les charmes de l&#8217;Alsace en suivant la Route des Vins, un itin\u00e9raire de 170 km traversant des villages typiques aux maisons \u00e0 colombages.<\/span> <span class=\"relative -mx-px my-[-0.2rem] rounded px-px py-[0.2rem] transition-colors duration-100 ease-in-out\">Profitez des d\u00e9gustations de vins locaux et des sp\u00e9cialit\u00e9s culinaires r\u00e9gionales.<\/span> <span class=\"relative -mx-px my-[-0.2rem] rounded px-px py-[0.2rem] transition-colors duration-100 ease-in-out\">Un voyage gourmand et culturel \u00e0 ne pas manquer<\/span><\/p>\t\t\t\t\t\t\t\t<\/div>\n\t\t\t\t<\/div>\n\t\t\t\t\t<\/div>\n\t\t<\/div>\n\t\t\t\t\t<\/div>\n\t\t<\/section>\n\t\t\t\t<section class=\"elementor-section elementor-top-section elementor-element elementor-element-b0e007f elementor-section-boxed elementor-section-height-default elementor-section-height-default\" data-id=\"b0e007f\" data-element_type=\"section\" data-e-type=\"section\">\n\t\t\t\t\t\t<div class=\"elementor-container elementor-column-gap-default\">\n\t\t\t\t\t<div class=\"elementor-column elementor-col-100 elementor-top-column elementor-element elementor-element-1a46669\" data-id=\"1a46669\" data-element_type=\"column\" data-e-type=\"column\">\n\t\t\t<div class=\"elementor-widget-wrap elementor-element-populated\">\n\t\t\t\t\t\t<div class=\"elementor-element elementor-element-95c7daf elementor-widget elementor-widget-heading\" data-id=\"95c7daf\" data-element_type=\"widget\" data-e-type=\"widget\" data-widget_type=\"heading.default\">\n\t\t\t\t<div class=\"elementor-widget-container\">\n\t\t\t\t\t<h2 class=\"elementor-heading-title elementor-size-default\">\ud83c\udff0 La Vall\u00e9e de la Loire : sur la route des ch\u00e2teaux<\/h2>\t\t\t\t<\/div>\n\t\t\t\t<\/div>\n\t\t\t\t\t<\/div>\n\t\t<\/div>\n\t\t\t\t\t<\/div>\n\t\t<\/section>\n\t\t\t\t<section class=\"elementor-section elementor-top-section elementor-element elementor-element-d73a138 elementor-section-boxed elementor-section-height-default elementor-section-height-default\" data-id=\"d73a138\" data-element_type=\"section\" data-e-type=\"section\">\n\t\t\t\t\t\t<div class=\"elementor-container elementor-column-gap-default\">\n\t\t\t\t\t<div class=\"elementor-column elementor-col-100 elementor-top-column elementor-element elementor-element-9c965c8\" data-id=\"9c965c8\" data-element_type=\"column\" data-e-type=\"column\">\n\t\t\t<div class=\"elementor-widget-wrap elementor-element-populated\">\n\t\t\t\t\t\t<div class=\"elementor-element elementor-element-73b9937 elementor-widget elementor-widget-text-editor\" data-id=\"73b9937\" data-element_type=\"widget\" data-e-type=\"widget\" data-widget_type=\"text-editor.default\">\n\t\t\t\t<div class=\"elementor-widget-container\">\n\t\t\t\t\t\t\t\t\t<p><span class=\"relative -mx-px my-[-0.2rem] rounded px-px py-[0.2rem] transition-colors duration-100 ease-in-out\">Explorez la Vall\u00e9e de la Loire en visitant ses c\u00e9l\u00e8bres ch\u00e2teaux, tels que Chambord, Chenonceau et Amboise.<\/span> <span class=\"relative -mx-px my-[-0.2rem] rounded px-px py-[0.2rem] transition-colors duration-100 ease-in-out\">Cette r\u00e9gion offre un m\u00e9lange d&#8217;histoire, d&#8217;architecture et de paysages verdoyants.<\/span> <span class=\"relative -mx-px my-[-0.2rem] rounded px-px py-[0.2rem] transition-colors duration-100 ease-in-out\">Id\u00e9al pour un road trip en famille ou entre amis.<\/span>\u200b<\/p>\t\t\t\t\t\t\t\t<\/div>\n\t\t\t\t<\/div>\n\t\t\t\t\t<\/div>\n\t\t<\/div>\n\t\t\t\t\t<\/div>\n\t\t<\/section>\n\t\t\t\t<section class=\"elementor-section elementor-top-section elementor-element elementor-element-e2a8668 elementor-section-boxed elementor-section-height-default elementor-section-height-default\" data-id=\"e2a8668\" data-element_type=\"section\" data-e-type=\"section\">\n\t\t\t\t\t\t<div class=\"elementor-container elementor-column-gap-default\">\n\t\t\t\t\t<div class=\"elementor-column elementor-col-100 elementor-top-column elementor-element elementor-element-ca65d40\" data-id=\"ca65d40\" data-element_type=\"column\" data-e-type=\"column\">\n\t\t\t<div class=\"elementor-widget-wrap elementor-element-populated\">\n\t\t\t\t\t\t<div class=\"elementor-element elementor-element-365a568 elementor-widget elementor-widget-image\" data-id=\"365a568\" data-element_type=\"widget\" data-e-type=\"widget\" data-widget_type=\"image.default\">\n\t\t\t\t<div class=\"elementor-widget-container\">\n\t\t\t\t\t\t\t\t\t\t\t\t\t\t\t<img decoding=\"async\" width=\"640\" height=\"427\" src=\"https:\/\/www.autosphere.fr\/blog\/wp-content\/uploads\/2025\/04\/shutterstock_2406025275-768x512.jpg\" class=\"attachment-medium_large size-medium_large wp-image-7343\" alt=\"\" srcset=\"https:\/\/www.autosphere.fr\/blog\/wp-content\/uploads\/2025\/04\/shutterstock_2406025275-768x512.jpg 768w, https:\/\/www.autosphere.fr\/blog\/wp-content\/uploads\/2025\/04\/shutterstock_2406025275-500x333.jpg 500w, https:\/\/www.autosphere.fr\/blog\/wp-content\/uploads\/2025\/04\/shutterstock_2406025275-1024x683.jpg 1024w, https:\/\/www.autosphere.fr\/blog\/wp-content\/uploads\/2025\/04\/shutterstock_2406025275-1536x1024.jpg 1536w, https:\/\/www.autosphere.fr\/blog\/wp-content\/uploads\/2025\/04\/shutterstock_2406025275-2048x1365.jpg 2048w\" sizes=\"(max-width: 640px) 100vw, 640px\" \/>\t\t\t\t\t\t\t\t\t\t\t\t\t\t\t<\/div>\n\t\t\t\t<\/div>\n\t\t\t\t\t<\/div>\n\t\t<\/div>\n\t\t\t\t\t<\/div>\n\t\t<\/section>\n\t\t\t\t<section class=\"elementor-section elementor-top-section elementor-element elementor-element-d2f54ad elementor-section-boxed elementor-section-height-default elementor-section-height-default\" data-id=\"d2f54ad\" data-element_type=\"section\" data-e-type=\"section\">\n\t\t\t\t\t\t<div class=\"elementor-container elementor-column-gap-default\">\n\t\t\t\t\t<div class=\"elementor-column elementor-col-100 elementor-top-column elementor-element elementor-element-eb7f0a3\" data-id=\"eb7f0a3\" data-element_type=\"column\" data-e-type=\"column\">\n\t\t\t<div class=\"elementor-widget-wrap elementor-element-populated\">\n\t\t\t\t\t\t<div class=\"elementor-element elementor-element-e9320ee elementor-widget elementor-widget-heading\" data-id=\"e9320ee\" data-element_type=\"widget\" data-e-type=\"widget\" data-widget_type=\"heading.default\">\n\t\t\t\t<div class=\"elementor-widget-container\">\n\t\t\t\t\t<h2 class=\"elementor-heading-title elementor-size-default\">\ud83c\udf04 Les Gorges du Verdon : le plus grand canyon d'Europe<\/h2>\t\t\t\t<\/div>\n\t\t\t\t<\/div>\n\t\t\t\t\t<\/div>\n\t\t<\/div>\n\t\t\t\t\t<\/div>\n\t\t<\/section>\n\t\t\t\t<section class=\"elementor-section elementor-top-section elementor-element elementor-element-9278786 elementor-section-boxed elementor-section-height-default elementor-section-height-default\" data-id=\"9278786\" data-element_type=\"section\" data-e-type=\"section\">\n\t\t\t\t\t\t<div class=\"elementor-container elementor-column-gap-default\">\n\t\t\t\t\t<div class=\"elementor-column elementor-col-100 elementor-top-column elementor-element elementor-element-10a9199\" data-id=\"10a9199\" data-element_type=\"column\" data-e-type=\"column\">\n\t\t\t<div class=\"elementor-widget-wrap elementor-element-populated\">\n\t\t\t\t\t\t<div class=\"elementor-element elementor-element-d9ff9ef elementor-widget elementor-widget-text-editor\" data-id=\"d9ff9ef\" data-element_type=\"widget\" data-e-type=\"widget\" data-widget_type=\"text-editor.default\">\n\t\t\t\t<div class=\"elementor-widget-container\">\n\t\t\t\t\t\t\t\t\t<p><span class=\"relative -mx-px my-[-0.2rem] rounded px-px py-[0.2rem] transition-colors duration-100 ease-in-out\">Parcourez les routes sinueuses des Gorges du Verdon pour admirer des falaises vertigineuses et des eaux turquoise.<\/span> <span class=\"relative -mx-px my-[-0.2rem] rounded px-px py-[0.2rem] transition-colors duration-100 ease-in-out\">Activit\u00e9s nautiques, randonn\u00e9es et points de vue spectaculaires vous attendent dans ce d\u00e9cor naturel exceptionnel.<\/span>\u200b<\/p>\t\t\t\t\t\t\t\t<\/div>\n\t\t\t\t<\/div>\n\t\t\t\t\t<\/div>\n\t\t<\/div>\n\t\t\t\t\t<\/div>\n\t\t<\/section>\n\t\t\t\t<section class=\"elementor-section elementor-top-section elementor-element elementor-element-a3ae9c1 elementor-section-boxed elementor-section-height-default elementor-section-height-default\" data-id=\"a3ae9c1\" data-element_type=\"section\" data-e-type=\"section\">\n\t\t\t\t\t\t<div class=\"elementor-container elementor-column-gap-default\">\n\t\t\t\t\t<div class=\"elementor-column elementor-col-100 elementor-top-column elementor-element elementor-element-62260cf\" data-id=\"62260cf\" data-element_type=\"column\" data-e-type=\"column\">\n\t\t\t<div class=\"elementor-widget-wrap elementor-element-populated\">\n\t\t\t\t\t\t<div class=\"elementor-element elementor-element-c91fe97 elementor-widget elementor-widget-heading\" data-id=\"c91fe97\" data-element_type=\"widget\" data-e-type=\"widget\" data-widget_type=\"heading.default\">\n\t\t\t\t<div class=\"elementor-widget-container\">\n\t\t\t\t\t<h2 class=\"elementor-heading-title elementor-size-default\">\ud83c\udf05 La C\u00f4te de Granit Rose : de Perros-Guirec \u00e0 Tr\u00e9beurden<\/h2>\t\t\t\t<\/div>\n\t\t\t\t<\/div>\n\t\t\t\t\t<\/div>\n\t\t<\/div>\n\t\t\t\t\t<\/div>\n\t\t<\/section>\n\t\t\t\t<section class=\"elementor-section elementor-top-section elementor-element elementor-element-d6e2aa9 elementor-section-boxed elementor-section-height-default elementor-section-height-default\" data-id=\"d6e2aa9\" data-element_type=\"section\" data-e-type=\"section\">\n\t\t\t\t\t\t<div class=\"elementor-container elementor-column-gap-default\">\n\t\t\t\t\t<div class=\"elementor-column elementor-col-100 elementor-top-column elementor-element elementor-element-74cc96d\" data-id=\"74cc96d\" data-element_type=\"column\" data-e-type=\"column\">\n\t\t\t<div class=\"elementor-widget-wrap elementor-element-populated\">\n\t\t\t\t\t\t<div class=\"elementor-element elementor-element-67744d4 elementor-widget elementor-widget-text-editor\" data-id=\"67744d4\" data-element_type=\"widget\" data-e-type=\"widget\" data-widget_type=\"text-editor.default\">\n\t\t\t\t<div class=\"elementor-widget-container\">\n\t\t\t\t\t\t\t\t\t<p><span class=\"relative -mx-px my-[-0.2rem] rounded px-px py-[0.2rem] bg-[#FCECC1] dark:bg-[#64572A] transition-colors duration-100 ease-in-out\">Longez la C\u00f4te de Granit Rose en Bretagne pour d\u00e9couvrir des formations rocheuses uniques aux teintes ros\u00e9es.<\/span> <span class=\"relative -mx-px my-[-0.2rem] rounded px-px py-[0.2rem] transition-colors duration-100 ease-in-out\">Ce littoral offre des plages sauvages, des sentiers c\u00f4tiers et des villages de p\u00eacheurs charmants.<\/span> <span class=\"relative -mx-px my-[-0.2rem] rounded px-px py-[0.2rem] transition-colors duration-100 ease-in-out\">Une escapade d\u00e9paysante et ressour\u00e7ante.<\/span>\u200b<\/p>\t\t\t\t\t\t\t\t<\/div>\n\t\t\t\t<\/div>\n\t\t\t\t\t<\/div>\n\t\t<\/div>\n\t\t\t\t\t<\/div>\n\t\t<\/section>\n\t\t\t\t<section class=\"elementor-section elementor-top-section elementor-element elementor-element-b3ce06d elementor-section-boxed elementor-section-height-default elementor-section-height-default\" data-id=\"b3ce06d\" data-element_type=\"section\" data-e-type=\"section\">\n\t\t\t\t\t\t<div class=\"elementor-container elementor-column-gap-default\">\n\t\t\t\t\t<div class=\"elementor-column elementor-col-100 elementor-top-column elementor-element elementor-element-54144c3\" data-id=\"54144c3\" data-element_type=\"column\" data-e-type=\"column\">\n\t\t\t<div class=\"elementor-widget-wrap elementor-element-populated\">\n\t\t\t\t\t\t<div class=\"elementor-element elementor-element-0501c6a elementor-widget elementor-widget-text-editor\" data-id=\"0501c6a\" data-element_type=\"widget\" data-e-type=\"widget\" data-widget_type=\"text-editor.default\">\n\t\t\t\t<div class=\"elementor-widget-container\">\n\t\t\t\t\t\t\t\t\t<p><strong><span class=\"relative -mx-px my-[-0.2rem] rounded px-px py-[0.2rem] transition-colors duration-100 ease-in-out\">Chez Autosphere, nous vous accompagnons dans la pr\u00e9paration de votre road trip en vous proposant une large gamme de v\u00e9hicules adapt\u00e9s \u00e0 vos besoins.<\/span> <span class=\"relative -mx-px my-[-0.2rem] rounded px-px py-[0.2rem] transition-colors duration-100 ease-in-out\">Que vous recherchiez une citadine \u00e9conomique, un SUV confortable ou un van am\u00e9nag\u00e9, nous avons le v\u00e9hicule id\u00e9al pour votre aventure.<\/span><\/strong><\/p>\t\t\t\t\t\t\t\t<\/div>\n\t\t\t\t<\/div>\n\t\t\t\t\t<\/div>\n\t\t<\/div>\n\t\t\t\t\t<\/div>\n\t\t<\/section>\n\t\t\t\t<\/div>\n\t\t","protected":false},"excerpt":{"rendered":"<p>Envie d\u2019\u00e9vasion pour les ponts de mai ? D\u00e9couvrez les plus belles routes de France pour un road trip inoubliable. \ud83c\udfde\ufe0f Route des Grandes Alpes : de Thonon-les-Bains \u00e0 Nice Partez \u00e0 l&#8217;aventure sur la mythique Route des Grandes Alpes, un itin\u00e9raire de 720 km traversant 17 cols alpins, dont le c\u00e9l\u00e8bre col de l&#8217;Iseran. [&hellip;]<\/p>\n","protected":false},"author":11,"featured_media":7348,"comment_status":"open","ping_status":"open","sticky":false,"template":"","format":"standard","meta":{"_acf_changed":false,"footnotes":""},"categories":[3],"tags":[],"marque":[],"class_list":["post-7342","post","type-post","status-publish","format-standard","has-post-thumbnail","hentry","category-conseils"],"acf":[],"yoast_head":"<!-- This site is optimized with the Yoast SEO plugin v27.2 - https:\/\/yoast.com\/product\/yoast-seo-wordpress\/ -->\n<title>Road trip de mai : top routes \u00e0 explorer en France<\/title>\n<meta name=\"description\" content=\"D\u00e9couvrez les plus belles routes de France pour un road trip inoubliable en mai : paysages, culture et d\u00e9tente au programme.\" \/>\n<meta name=\"robots\" content=\"index, follow, max-snippet:-1, max-image-preview:large, max-video-preview:-1\" \/>\n<link rel=\"canonical\" href=\"https:\/\/www.autosphere.fr\/blog\/road-trip-mai-plus-belles-routes-france\/\" \/>\n<meta property=\"og:locale\" content=\"fr_FR\" \/>\n<meta property=\"og:type\" content=\"article\" \/>\n<meta property=\"og:title\" content=\"Road trip de mai : top routes \u00e0 explorer en France\" \/>\n<meta property=\"og:description\" content=\"D\u00e9couvrez les plus belles routes de France pour un road trip inoubliable en mai : paysages, culture et d\u00e9tente au programme.\" \/>\n<meta property=\"og:url\" content=\"https:\/\/www.autosphere.fr\/blog\/road-trip-mai-plus-belles-routes-france\/\" \/>\n<meta property=\"og:site_name\" content=\"Blog Autosphere\" \/>\n<meta property=\"article:publisher\" content=\"https:\/\/www.facebook.com\/autosphere\" \/>\n<meta property=\"article:published_time\" content=\"2025-05-05T09:00:23+00:00\" \/>\n<meta property=\"og:image\" content=\"https:\/\/www.autosphere.fr\/blog\/wp-content\/uploads\/2025\/04\/shutterstock_2467266921-scaled.jpg\" \/>\n\t<meta property=\"og:image:width\" content=\"2560\" \/>\n\t<meta property=\"og:image:height\" content=\"1707\" \/>\n\t<meta property=\"og:image:type\" content=\"image\/jpeg\" \/>\n<meta name=\"author\" content=\"La r\u00e9daction autosphere\" \/>\n<meta name=\"twitter:card\" content=\"summary_large_image\" \/>\n<meta name=\"twitter:label1\" content=\"\u00c9crit par\" \/>\n\t<meta name=\"twitter:data1\" content=\"La r\u00e9daction autosphere\" \/>\n\t<meta name=\"twitter:label2\" content=\"Dur\u00e9e de lecture estim\u00e9e\" \/>\n\t<meta name=\"twitter:data2\" content=\"3 minutes\" \/>\n<!-- \/ Yoast SEO plugin. -->","yoast_head_json":{"title":"Road trip de mai : top routes \u00e0 explorer en France","description":"D\u00e9couvrez les plus belles routes de France pour un road trip inoubliable en mai : paysages, culture et d\u00e9tente au programme.","robots":{"index":"index","follow":"follow","max-snippet":"max-snippet:-1","max-image-preview":"max-image-preview:large","max-video-preview":"max-video-preview:-1"},"canonical":"https:\/\/www.autosphere.fr\/blog\/road-trip-mai-plus-belles-routes-france\/","og_locale":"fr_FR","og_type":"article","og_title":"Road trip de mai : top routes \u00e0 explorer en France","og_description":"D\u00e9couvrez les plus belles routes de France pour un road trip inoubliable en mai : paysages, culture et d\u00e9tente au programme.","og_url":"https:\/\/www.autosphere.fr\/blog\/road-trip-mai-plus-belles-routes-france\/","og_site_name":"Blog Autosphere","article_publisher":"https:\/\/www.facebook.com\/autosphere","article_published_time":"2025-05-05T09:00:23+00:00","og_image":[{"width":2560,"height":1707,"url":"https:\/\/www.autosphere.fr\/blog\/wp-content\/uploads\/2025\/04\/shutterstock_2467266921-scaled.jpg","type":"image\/jpeg"}],"author":"La r\u00e9daction autosphere","twitter_card":"summary_large_image","twitter_misc":{"\u00c9crit par":"La r\u00e9daction autosphere","Dur\u00e9e de lecture estim\u00e9e":"3 minutes"},"schema":{"@context":"https:\/\/schema.org","@graph":[{"@type":"Article","@id":"https:\/\/www.autosphere.fr\/blog\/road-trip-mai-plus-belles-routes-france\/#article","isPartOf":{"@id":"https:\/\/www.autosphere.fr\/blog\/road-trip-mai-plus-belles-routes-france\/"},"author":{"name":"La r\u00e9daction autosphere","@id":"https:\/\/www.autosphere.fr\/blog\/#\/schema\/person\/76d1ce22eac63a2fea648bf6b19f8e18"},"headline":"Road trip de mai : les plus belles routes de France \u00e0 d\u00e9couvrir","datePublished":"2025-05-05T09:00:23+00:00","mainEntityOfPage":{"@id":"https:\/\/www.autosphere.fr\/blog\/road-trip-mai-plus-belles-routes-france\/"},"wordCount":417,"commentCount":0,"publisher":{"@id":"https:\/\/www.autosphere.fr\/blog\/#organization"},"image":{"@id":"https:\/\/www.autosphere.fr\/blog\/road-trip-mai-plus-belles-routes-france\/#primaryimage"},"thumbnailUrl":"https:\/\/www.autosphere.fr\/blog\/wp-content\/uploads\/2025\/04\/shutterstock_2467266921-scaled.jpg","articleSection":["Conseils"],"inLanguage":"fr-FR","potentialAction":[{"@type":"CommentAction","name":"Comment","target":["https:\/\/www.autosphere.fr\/blog\/road-trip-mai-plus-belles-routes-france\/#respond"]}]},{"@type":"WebPage","@id":"https:\/\/www.autosphere.fr\/blog\/road-trip-mai-plus-belles-routes-france\/","url":"https:\/\/www.autosphere.fr\/blog\/road-trip-mai-plus-belles-routes-france\/","name":"Road trip de mai : top routes \u00e0 explorer en France","isPartOf":{"@id":"https:\/\/www.autosphere.fr\/blog\/#website"},"primaryImageOfPage":{"@id":"https:\/\/www.autosphere.fr\/blog\/road-trip-mai-plus-belles-routes-france\/#primaryimage"},"image":{"@id":"https:\/\/www.autosphere.fr\/blog\/road-trip-mai-plus-belles-routes-france\/#primaryimage"},"thumbnailUrl":"https:\/\/www.autosphere.fr\/blog\/wp-content\/uploads\/2025\/04\/shutterstock_2467266921-scaled.jpg","datePublished":"2025-05-05T09:00:23+00:00","description":"D\u00e9couvrez les plus belles routes de France pour un road trip inoubliable en mai : paysages, culture et d\u00e9tente au programme.","breadcrumb":{"@id":"https:\/\/www.autosphere.fr\/blog\/road-trip-mai-plus-belles-routes-france\/#breadcrumb"},"inLanguage":"fr-FR","potentialAction":[{"@type":"ReadAction","target":["https:\/\/www.autosphere.fr\/blog\/road-trip-mai-plus-belles-routes-france\/"]}]},{"@type":"ImageObject","inLanguage":"fr-FR","@id":"https:\/\/www.autosphere.fr\/blog\/road-trip-mai-plus-belles-routes-france\/#primaryimage","url":"https:\/\/www.autosphere.fr\/blog\/wp-content\/uploads\/2025\/04\/shutterstock_2467266921-scaled.jpg","contentUrl":"https:\/\/www.autosphere.fr\/blog\/wp-content\/uploads\/2025\/04\/shutterstock_2467266921-scaled.jpg","width":2560,"height":1707},{"@type":"BreadcrumbList","@id":"https:\/\/www.autosphere.fr\/blog\/road-trip-mai-plus-belles-routes-france\/#breadcrumb","itemListElement":[{"@type":"ListItem","position":1,"name":"Accueil","item":"https:\/\/www.autosphere.fr\/blog\/"},{"@type":"ListItem","position":2,"name":"Road trip de mai : les plus belles routes de France \u00e0 d\u00e9couvrir"}]},{"@type":"WebSite","@id":"https:\/\/www.autosphere.fr\/blog\/#website","url":"https:\/\/www.autosphere.fr\/blog\/","name":"Blog Autosphere","description":"","publisher":{"@id":"https:\/\/www.autosphere.fr\/blog\/#organization"},"potentialAction":[{"@type":"SearchAction","target":{"@type":"EntryPoint","urlTemplate":"https:\/\/www.autosphere.fr\/blog\/?s={search_term_string}"},"query-input":{"@type":"PropertyValueSpecification","valueRequired":true,"valueName":"search_term_string"}}],"inLanguage":"fr-FR"},{"@type":"Organization","@id":"https:\/\/www.autosphere.fr\/blog\/#organization","name":"Blog Autosphere","url":"https:\/\/www.autosphere.fr\/blog\/","logo":{"@type":"ImageObject","inLanguage":"fr-FR","@id":"https:\/\/www.autosphere.fr\/blog\/#\/schema\/logo\/image\/","url":"https:\/\/www.autosphere.fr\/blog\/wp-content\/uploads\/2022\/11\/le-blog-autosphere.png","contentUrl":"https:\/\/www.autosphere.fr\/blog\/wp-content\/uploads\/2022\/11\/le-blog-autosphere.png","width":241,"height":35,"caption":"Blog Autosphere"},"image":{"@id":"https:\/\/www.autosphere.fr\/blog\/#\/schema\/logo\/image\/"},"sameAs":["https:\/\/www.facebook.com\/autosphere","https:\/\/www.instagram.com\/autosphere"]},{"@type":"Person","@id":"https:\/\/www.autosphere.fr\/blog\/#\/schema\/person\/76d1ce22eac63a2fea648bf6b19f8e18","name":"La r\u00e9daction autosphere","url":"https:\/\/www.autosphere.fr\/blog\/author\/oceane-bodereau\/"}]}},"_links":{"self":[{"href":"https:\/\/www.autosphere.fr\/blog\/wp-json\/wp\/v2\/posts\/7342","targetHints":{"allow":["GET"]}}],"collection":[{"href":"https:\/\/www.autosphere.fr\/blog\/wp-json\/wp\/v2\/posts"}],"about":[{"href":"https:\/\/www.autosphere.fr\/blog\/wp-json\/wp\/v2\/types\/post"}],"author":[{"embeddable":true,"href":"https:\/\/www.autosphere.fr\/blog\/wp-json\/wp\/v2\/users\/11"}],"replies":[{"embeddable":true,"href":"https:\/\/www.autosphere.fr\/blog\/wp-json\/wp\/v2\/comments?post=7342"}],"version-history":[{"count":4,"href":"https:\/\/www.autosphere.fr\/blog\/wp-json\/wp\/v2\/posts\/7342\/revisions"}],"predecessor-version":[{"id":7349,"href":"https:\/\/www.autosphere.fr\/blog\/wp-json\/wp\/v2\/posts\/7342\/revisions\/7349"}],"wp:featuredmedia":[{"embeddable":true,"href":"https:\/\/www.autosphere.fr\/blog\/wp-json\/wp\/v2\/media\/7348"}],"wp:attachment":[{"href":"https:\/\/www.autosphere.fr\/blog\/wp-json\/wp\/v2\/media?parent=7342"}],"wp:term":[{"taxonomy":"category","embeddable":true,"href":"https:\/\/www.autosphere.fr\/blog\/wp-json\/wp\/v2\/categories?post=7342"},{"taxonomy":"post_tag","embeddable":true,"href":"https:\/\/www.autosphere.fr\/blog\/wp-json\/wp\/v2\/tags?post=7342"},{"taxonomy":"marque","embeddable":true,"href":"https:\/\/www.autosphere.fr\/blog\/wp-json\/wp\/v2\/marque?post=7342"}],"curies":[{"name":"wp","href":"https:\/\/api.w.org\/{rel}","templated":true}]}}