{"id":7737,"date":"2025-07-20T10:39:24","date_gmt":"2025-07-20T08:39:24","guid":{"rendered":"https:\/\/blog.autosphere.fr\/?p=7737"},"modified":"2025-07-21T10:38:11","modified_gmt":"2025-07-21T08:38:11","slug":"leasing-social-electrique-retour-2025","status":"publish","type":"post","link":"https:\/\/www.autosphere.fr\/blog\/leasing-social-electrique-retour-2025\/","title":{"rendered":"Le leasing social \u00e9lectrique revient le 30 septembre 2025"},"content":{"rendered":"\t\t<div data-elementor-type=\"wp-post\" data-elementor-id=\"7737\" class=\"elementor elementor-7737\" data-elementor-post-type=\"post\">\n\t\t\t\t\t\t<section class=\"elementor-section elementor-top-section elementor-element elementor-element-f3b6939 elementor-section-boxed elementor-section-height-default elementor-section-height-default\" data-id=\"f3b6939\" data-element_type=\"section\" data-e-type=\"section\">\n\t\t\t\t\t\t<div class=\"elementor-container elementor-column-gap-default\">\n\t\t\t\t\t<div class=\"elementor-column elementor-col-100 elementor-top-column elementor-element elementor-element-7980227\" data-id=\"7980227\" data-element_type=\"column\" data-e-type=\"column\">\n\t\t\t<div class=\"elementor-widget-wrap elementor-element-populated\">\n\t\t\t\t\t\t<div class=\"elementor-element elementor-element-1395b12 elementor-widget elementor-widget-text-editor\" data-id=\"1395b12\" data-element_type=\"widget\" data-e-type=\"widget\" data-widget_type=\"text-editor.default\">\n\t\t\t\t<div class=\"elementor-widget-container\">\n\t\t\t\t\t\t\t\t\t<p>Bonne nouvelle pour les automobilistes \u00e0 revenus modestes : le leasing social \u00e9lectrique fait son grand retour d\u00e8s le 30 septembre 2025. Cette mesure vise \u00e0 rendre la voiture \u00e9lectrique accessible, tout en encourageant la transition \u00e9cologique. Conditions, mod\u00e8les, d\u00e9marches&#8230; Voici tout ce que vous devez savoir pour en b\u00e9n\u00e9ficier.<\/p>\t\t\t\t\t\t\t\t<\/div>\n\t\t\t\t<\/div>\n\t\t\t\t\t<\/div>\n\t\t<\/div>\n\t\t\t\t\t<\/div>\n\t\t<\/section>\n\t\t\t\t<section class=\"elementor-section elementor-top-section elementor-element elementor-element-533e6fb elementor-section-boxed elementor-section-height-default elementor-section-height-default\" data-id=\"533e6fb\" data-element_type=\"section\" data-e-type=\"section\">\n\t\t\t\t\t\t<div class=\"elementor-container elementor-column-gap-default\">\n\t\t\t\t\t<div class=\"elementor-column elementor-col-100 elementor-top-column elementor-element elementor-element-cc5b28d\" data-id=\"cc5b28d\" data-element_type=\"column\" data-e-type=\"column\">\n\t\t\t<div class=\"elementor-widget-wrap elementor-element-populated\">\n\t\t\t\t\t\t<div class=\"elementor-element elementor-element-d2f89ad elementor-widget elementor-widget-heading\" data-id=\"d2f89ad\" data-element_type=\"widget\" data-e-type=\"widget\" data-widget_type=\"heading.default\">\n\t\t\t\t<div class=\"elementor-widget-container\">\n\t\t\t\t\t<h2 class=\"elementor-heading-title elementor-size-default\">Qu\u2019est-ce que le leasing social \u00e9lectrique\u202f?<\/h2>\t\t\t\t<\/div>\n\t\t\t\t<\/div>\n\t\t\t\t\t<\/div>\n\t\t<\/div>\n\t\t\t\t\t<\/div>\n\t\t<\/section>\n\t\t\t\t<section class=\"elementor-section elementor-top-section elementor-element elementor-element-a3e29b4 elementor-section-boxed elementor-section-height-default elementor-section-height-default\" data-id=\"a3e29b4\" data-element_type=\"section\" data-e-type=\"section\">\n\t\t\t\t\t\t<div class=\"elementor-container elementor-column-gap-default\">\n\t\t\t\t\t<div class=\"elementor-column elementor-col-100 elementor-top-column elementor-element elementor-element-903781f\" data-id=\"903781f\" data-element_type=\"column\" data-e-type=\"column\">\n\t\t\t<div class=\"elementor-widget-wrap elementor-element-populated\">\n\t\t\t\t\t\t<div class=\"elementor-element elementor-element-afcd59c elementor-widget elementor-widget-text-editor\" data-id=\"afcd59c\" data-element_type=\"widget\" data-e-type=\"widget\" data-widget_type=\"text-editor.default\">\n\t\t\t\t<div class=\"elementor-widget-container\">\n\t\t\t\t\t\t\t\t\t<p data-start=\"967\" data-end=\"1282\">Le leasing social \u00e9lectrique est une solution de location longue dur\u00e9e (LLD), soutenue par l\u2019\u00c9tat, permettant aux m\u00e9nages modestes de louer une voiture \u00e9lectrique neuve \u00e0 faible co\u00fbt. En effet, en 2024, ce dispositif avait rencontr\u00e9 un succ\u00e8s imm\u00e9diat avec pr\u00e8s de 50\u202f000 b\u00e9n\u00e9ficiaires en quelques semaines.<\/p><p data-start=\"1284\" data-end=\"1491\">Ainsi, il permet de r\u00e9pondre \u00e0 un double enjeu : r\u00e9duire les \u00e9missions de CO\u2082 tout en facilitant l\u2019acc\u00e8s \u00e0 la mobilit\u00e9 propre. Cette approche contribue \u00e9galement \u00e0 soutenir l\u2019industrie automobile europ\u00e9enne.<\/p>\t\t\t\t\t\t\t\t<\/div>\n\t\t\t\t<\/div>\n\t\t\t\t\t<\/div>\n\t\t<\/div>\n\t\t\t\t\t<\/div>\n\t\t<\/section>\n\t\t\t\t<section class=\"elementor-section elementor-top-section elementor-element elementor-element-cdf822e elementor-section-boxed elementor-section-height-default elementor-section-height-default\" data-id=\"cdf822e\" data-element_type=\"section\" data-e-type=\"section\">\n\t\t\t\t\t\t<div class=\"elementor-container elementor-column-gap-default\">\n\t\t\t\t\t<div class=\"elementor-column elementor-col-100 elementor-top-column elementor-element elementor-element-7c58653\" data-id=\"7c58653\" data-element_type=\"column\" data-e-type=\"column\">\n\t\t\t<div class=\"elementor-widget-wrap elementor-element-populated\">\n\t\t\t\t\t\t<div class=\"elementor-element elementor-element-c67356b elementor-widget elementor-widget-heading\" data-id=\"c67356b\" data-element_type=\"widget\" data-e-type=\"widget\" data-widget_type=\"heading.default\">\n\t\t\t\t<div class=\"elementor-widget-container\">\n\t\t\t\t\t<h2 class=\"elementor-heading-title elementor-size-default\">Pourquoi le dispositif revient\u2011il en 2025\u202f?<\/h2>\t\t\t\t<\/div>\n\t\t\t\t<\/div>\n\t\t\t\t\t<\/div>\n\t\t<\/div>\n\t\t\t\t\t<\/div>\n\t\t<\/section>\n\t\t\t\t<section class=\"elementor-section elementor-top-section elementor-element elementor-element-09b1f5d elementor-section-boxed elementor-section-height-default elementor-section-height-default\" data-id=\"09b1f5d\" data-element_type=\"section\" data-e-type=\"section\">\n\t\t\t\t\t\t<div class=\"elementor-container elementor-column-gap-default\">\n\t\t\t\t\t<div class=\"elementor-column elementor-col-100 elementor-top-column elementor-element elementor-element-3f921f5\" data-id=\"3f921f5\" data-element_type=\"column\" data-e-type=\"column\">\n\t\t\t<div class=\"elementor-widget-wrap elementor-element-populated\">\n\t\t\t\t\t\t<div class=\"elementor-element elementor-element-4eafaef elementor-widget elementor-widget-text-editor\" data-id=\"4eafaef\" data-element_type=\"widget\" data-e-type=\"widget\" data-widget_type=\"text-editor.default\">\n\t\t\t\t<div class=\"elementor-widget-container\">\n\t\t\t\t\t\t\t\t\t<p>Devant le succ\u00e8s de la premi\u00e8re \u00e9dition, le gouvernement relance ce dispositif d\u00e8s le 30 septembre 2025. Il sera financ\u00e9 via les certificats d\u2019\u00e9conomie d\u2019\u00e9nergie (CEE), ce qui permet d\u2019en assurer la p\u00e9rennit\u00e9 sans grever le budget de l\u2019\u00c9tat.<\/p>\t\t\t\t\t\t\t\t<\/div>\n\t\t\t\t<\/div>\n\t\t\t\t\t<\/div>\n\t\t<\/div>\n\t\t\t\t\t<\/div>\n\t\t<\/section>\n\t\t\t\t<section class=\"elementor-section elementor-top-section elementor-element elementor-element-11f9c81 elementor-section-boxed elementor-section-height-default elementor-section-height-default\" data-id=\"11f9c81\" data-element_type=\"section\" data-e-type=\"section\">\n\t\t\t\t\t\t<div class=\"elementor-container elementor-column-gap-default\">\n\t\t\t\t\t<div class=\"elementor-column elementor-col-100 elementor-top-column elementor-element elementor-element-aea90ae\" data-id=\"aea90ae\" data-element_type=\"column\" data-e-type=\"column\">\n\t\t\t<div class=\"elementor-widget-wrap elementor-element-populated\">\n\t\t\t\t\t\t<div class=\"elementor-element elementor-element-a0d05f7 elementor-widget elementor-widget-image\" data-id=\"a0d05f7\" data-element_type=\"widget\" data-e-type=\"widget\" data-widget_type=\"image.default\">\n\t\t\t\t<div class=\"elementor-widget-container\">\n\t\t\t\t\t\t\t\t\t\t\t\t\t\t\t<img fetchpriority=\"high\" decoding=\"async\" width=\"640\" height=\"427\" src=\"https:\/\/www.autosphere.fr\/blog\/wp-content\/uploads\/2025\/07\/shutterstock_2602926059-768x512.jpg\" class=\"attachment-medium_large size-medium_large wp-image-7738\" alt=\"\" srcset=\"https:\/\/www.autosphere.fr\/blog\/wp-content\/uploads\/2025\/07\/shutterstock_2602926059-768x512.jpg 768w, https:\/\/www.autosphere.fr\/blog\/wp-content\/uploads\/2025\/07\/shutterstock_2602926059-500x333.jpg 500w, https:\/\/www.autosphere.fr\/blog\/wp-content\/uploads\/2025\/07\/shutterstock_2602926059-1024x683.jpg 1024w, https:\/\/www.autosphere.fr\/blog\/wp-content\/uploads\/2025\/07\/shutterstock_2602926059-1536x1024.jpg 1536w, https:\/\/www.autosphere.fr\/blog\/wp-content\/uploads\/2025\/07\/shutterstock_2602926059-2048x1365.jpg 2048w\" sizes=\"(max-width: 640px) 100vw, 640px\" \/>\t\t\t\t\t\t\t\t\t\t\t\t\t\t\t<\/div>\n\t\t\t\t<\/div>\n\t\t\t\t\t<\/div>\n\t\t<\/div>\n\t\t\t\t\t<\/div>\n\t\t<\/section>\n\t\t\t\t<section class=\"elementor-section elementor-top-section elementor-element elementor-element-e41cb17 elementor-section-boxed elementor-section-height-default elementor-section-height-default\" data-id=\"e41cb17\" data-element_type=\"section\" data-e-type=\"section\">\n\t\t\t\t\t\t<div class=\"elementor-container elementor-column-gap-default\">\n\t\t\t\t\t<div class=\"elementor-column elementor-col-100 elementor-top-column elementor-element elementor-element-8418560\" data-id=\"8418560\" data-element_type=\"column\" data-e-type=\"column\">\n\t\t\t<div class=\"elementor-widget-wrap elementor-element-populated\">\n\t\t\t\t\t\t<div class=\"elementor-element elementor-element-723f594 elementor-widget elementor-widget-heading\" data-id=\"723f594\" data-element_type=\"widget\" data-e-type=\"widget\" data-widget_type=\"heading.default\">\n\t\t\t\t<div class=\"elementor-widget-container\">\n\t\t\t\t\t<h2 class=\"elementor-heading-title elementor-size-default\">Qui pourra en b\u00e9n\u00e9ficier cette fois\u2011ci\u202f?<\/h2>\t\t\t\t<\/div>\n\t\t\t\t<\/div>\n\t\t\t\t\t<\/div>\n\t\t<\/div>\n\t\t\t\t\t<\/div>\n\t\t<\/section>\n\t\t\t\t<section class=\"elementor-section elementor-top-section elementor-element elementor-element-bb93648 elementor-section-boxed elementor-section-height-default elementor-section-height-default\" data-id=\"bb93648\" data-element_type=\"section\" data-e-type=\"section\">\n\t\t\t\t\t\t<div class=\"elementor-container elementor-column-gap-default\">\n\t\t\t\t\t<div class=\"elementor-column elementor-col-100 elementor-top-column elementor-element elementor-element-5f6b0f3\" data-id=\"5f6b0f3\" data-element_type=\"column\" data-e-type=\"column\">\n\t\t\t<div class=\"elementor-widget-wrap elementor-element-populated\">\n\t\t\t\t\t\t<div class=\"elementor-element elementor-element-38d3d2f elementor-widget elementor-widget-text-editor\" data-id=\"38d3d2f\" data-element_type=\"widget\" data-e-type=\"widget\" data-widget_type=\"text-editor.default\">\n\t\t\t\t<div class=\"elementor-widget-container\">\n\t\t\t\t\t\t\t\t\t<p data-start=\"2274\" data-end=\"2555\">Pour \u00eatre \u00e9ligible, plusieurs crit\u00e8res sont \u00e0 respecter. D\u2019abord, il faut avoir un revenu fiscal \u2264 15 400 \u20ac par part. Ensuite, le dispositif cible les gros rouleurs, soit ceux effectuant plus de 15 km pour se rendre au travail, ou plus de 8 000 km\/an \u00e0 titre professionnel.<\/p><p data-start=\"2557\" data-end=\"2806\">Par ailleurs, une priorit\u00e9 est accord\u00e9e aux habitants ou salari\u00e9s en zone \u00e0 faibles \u00e9missions (ZFE). Au total, 5 000 v\u00e9hicules leur seront r\u00e9serv\u00e9s. En r\u00e9sum\u00e9, le dispositif s\u2019adresse \u00e0 ceux pour qui la voiture est une n\u00e9cessit\u00e9 quotidienne.<\/p>\t\t\t\t\t\t\t\t<\/div>\n\t\t\t\t<\/div>\n\t\t\t\t\t<\/div>\n\t\t<\/div>\n\t\t\t\t\t<\/div>\n\t\t<\/section>\n\t\t\t\t<section class=\"elementor-section elementor-top-section elementor-element elementor-element-3fa9c2b elementor-section-boxed elementor-section-height-default elementor-section-height-default\" data-id=\"3fa9c2b\" data-element_type=\"section\" data-e-type=\"section\">\n\t\t\t\t\t\t<div class=\"elementor-container elementor-column-gap-default\">\n\t\t\t\t\t<div class=\"elementor-column elementor-col-100 elementor-top-column elementor-element elementor-element-f527fde\" data-id=\"f527fde\" data-element_type=\"column\" data-e-type=\"column\">\n\t\t\t<div class=\"elementor-widget-wrap elementor-element-populated\">\n\t\t\t\t\t\t<div class=\"elementor-element elementor-element-afecfb0 elementor-widget elementor-widget-heading\" data-id=\"afecfb0\" data-element_type=\"widget\" data-e-type=\"widget\" data-widget_type=\"heading.default\">\n\t\t\t\t<div class=\"elementor-widget-container\">\n\t\t\t\t\t<h2 class=\"elementor-heading-title elementor-size-default\">Quelles seront les nouvelles conditions\u202f?<\/h2>\t\t\t\t<\/div>\n\t\t\t\t<\/div>\n\t\t\t\t\t<\/div>\n\t\t<\/div>\n\t\t\t\t\t<\/div>\n\t\t<\/section>\n\t\t\t\t<section class=\"elementor-section elementor-top-section elementor-element elementor-element-44d4aa6 elementor-section-boxed elementor-section-height-default elementor-section-height-default\" data-id=\"44d4aa6\" data-element_type=\"section\" data-e-type=\"section\">\n\t\t\t\t\t\t<div class=\"elementor-container elementor-column-gap-default\">\n\t\t\t\t\t<div class=\"elementor-column elementor-col-100 elementor-top-column elementor-element elementor-element-aa887ad\" data-id=\"aa887ad\" data-element_type=\"column\" data-e-type=\"column\">\n\t\t\t<div class=\"elementor-widget-wrap elementor-element-populated\">\n\t\t\t\t\t\t<div class=\"elementor-element elementor-element-92eed9c elementor-widget elementor-widget-text-editor\" data-id=\"92eed9c\" data-element_type=\"widget\" data-e-type=\"widget\" data-widget_type=\"text-editor.default\">\n\t\t\t\t<div class=\"elementor-widget-container\">\n\t\t\t\t\t\t\t\t\t<p>Le contrat de location durera au minimum 3 ans. L\u2019aide publique sera de 7 000 \u20ac maximum. Les loyers resteront contenus : entre 140 \u20ac et 200 \u20ac\/mois selon les mod\u00e8les. Il ne sera pas possible de cumuler cette aide avec le bonus \u00e9cologique classique.<\/p>\t\t\t\t\t\t\t\t<\/div>\n\t\t\t\t<\/div>\n\t\t\t\t\t<\/div>\n\t\t<\/div>\n\t\t\t\t\t<\/div>\n\t\t<\/section>\n\t\t\t\t<section class=\"elementor-section elementor-top-section elementor-element elementor-element-ccc2d4e elementor-section-boxed elementor-section-height-default elementor-section-height-default\" data-id=\"ccc2d4e\" data-element_type=\"section\" data-e-type=\"section\">\n\t\t\t\t\t\t<div class=\"elementor-container elementor-column-gap-default\">\n\t\t\t\t\t<div class=\"elementor-column elementor-col-100 elementor-top-column elementor-element elementor-element-c5a75c3\" data-id=\"c5a75c3\" data-element_type=\"column\" data-e-type=\"column\">\n\t\t\t<div class=\"elementor-widget-wrap elementor-element-populated\">\n\t\t\t\t\t\t<div class=\"elementor-element elementor-element-55492dc elementor-widget elementor-widget-heading\" data-id=\"55492dc\" data-element_type=\"widget\" data-e-type=\"widget\" data-widget_type=\"heading.default\">\n\t\t\t\t<div class=\"elementor-widget-container\">\n\t\t\t\t\t<h2 class=\"elementor-heading-title elementor-size-default\">Quels mod\u00e8les seront propos\u00e9s en leasing social\u202f?<\/h2>\t\t\t\t<\/div>\n\t\t\t\t<\/div>\n\t\t\t\t\t<\/div>\n\t\t<\/div>\n\t\t\t\t\t<\/div>\n\t\t<\/section>\n\t\t\t\t<section class=\"elementor-section elementor-top-section elementor-element elementor-element-3ab2f0b elementor-section-boxed elementor-section-height-default elementor-section-height-default\" data-id=\"3ab2f0b\" data-element_type=\"section\" data-e-type=\"section\">\n\t\t\t\t\t\t<div class=\"elementor-container elementor-column-gap-default\">\n\t\t\t\t\t<div class=\"elementor-column elementor-col-100 elementor-top-column elementor-element elementor-element-08a4152\" data-id=\"08a4152\" data-element_type=\"column\" data-e-type=\"column\">\n\t\t\t<div class=\"elementor-widget-wrap elementor-element-populated\">\n\t\t\t\t\t\t<div class=\"elementor-element elementor-element-bef363a elementor-widget elementor-widget-text-editor\" data-id=\"bef363a\" data-element_type=\"widget\" data-e-type=\"widget\" data-widget_type=\"text-editor.default\">\n\t\t\t\t<div class=\"elementor-widget-container\">\n\t\t\t\t\t\t\t\t\t<p data-start=\"1777\" data-end=\"1894\">Seuls les v\u00e9hicules neufs produits en Europe, \u00e9ligibles \u00e0 l\u2019\u00e9co-score, et co\u00fbtant moins de 47 000 \u20ac seront concern\u00e9s.<\/p><p data-start=\"1896\" data-end=\"1924\">Parmi les mod\u00e8les attendus :<\/p><ul data-start=\"1926\" data-end=\"2144\"><li data-start=\"1926\" data-end=\"1976\"><p data-start=\"1928\" data-end=\"1976\"><strong data-start=\"1928\" data-end=\"1939\">Renault<\/strong> : Twingo E-Tech, M\u00e9gane E-Tech, R5<\/p><\/li><li data-start=\"1977\" data-end=\"2015\"><p data-start=\"1979\" data-end=\"2015\"><strong data-start=\"1979\" data-end=\"1990\">Peugeot<\/strong> : e-208, e-2008, e-308<\/p><\/li><li data-start=\"2016\" data-end=\"2056\"><p data-start=\"2018\" data-end=\"2056\"><strong data-start=\"2018\" data-end=\"2029\">Citro\u00ebn<\/strong> : \u00eb-C3, \u00eb-C4, \u00eb-Berlingo<\/p><\/li><li data-start=\"2057\" data-end=\"2096\"><p data-start=\"2059\" data-end=\"2096\"><strong data-start=\"2059\" data-end=\"2067\">Fiat<\/strong> : 500e, 600e, Grande Panda<\/p><\/li><li data-start=\"2097\" data-end=\"2144\"><p data-start=\"2099\" data-end=\"2144\"><strong data-start=\"2099\" data-end=\"2115\">Dacia Spring<\/strong>, Jeep Avenger, Opel Frontera<\/p><\/li><\/ul>\t\t\t\t\t\t\t\t<\/div>\n\t\t\t\t<\/div>\n\t\t\t\t\t<\/div>\n\t\t<\/div>\n\t\t\t\t\t<\/div>\n\t\t<\/section>\n\t\t\t\t<section class=\"elementor-section elementor-top-section elementor-element elementor-element-0b5b413 elementor-section-boxed elementor-section-height-default elementor-section-height-default\" data-id=\"0b5b413\" data-element_type=\"section\" data-e-type=\"section\">\n\t\t\t\t\t\t<div class=\"elementor-container elementor-column-gap-default\">\n\t\t\t\t\t<div class=\"elementor-column elementor-col-100 elementor-top-column elementor-element elementor-element-87223cc\" data-id=\"87223cc\" data-element_type=\"column\" data-e-type=\"column\">\n\t\t\t<div class=\"elementor-widget-wrap elementor-element-populated\">\n\t\t\t\t\t\t<div class=\"elementor-element elementor-element-f1d5bf0 elementor-widget elementor-widget-image\" data-id=\"f1d5bf0\" data-element_type=\"widget\" data-e-type=\"widget\" data-widget_type=\"image.default\">\n\t\t\t\t<div class=\"elementor-widget-container\">\n\t\t\t\t\t\t\t\t\t\t\t\t\t\t\t<img decoding=\"async\" width=\"640\" height=\"427\" src=\"https:\/\/www.autosphere.fr\/blog\/wp-content\/uploads\/2025\/07\/shutterstock_2461022619-768x512.jpg\" class=\"attachment-medium_large size-medium_large wp-image-7739\" alt=\"\" srcset=\"https:\/\/www.autosphere.fr\/blog\/wp-content\/uploads\/2025\/07\/shutterstock_2461022619-768x512.jpg 768w, https:\/\/www.autosphere.fr\/blog\/wp-content\/uploads\/2025\/07\/shutterstock_2461022619-500x333.jpg 500w, https:\/\/www.autosphere.fr\/blog\/wp-content\/uploads\/2025\/07\/shutterstock_2461022619-1024x683.jpg 1024w, https:\/\/www.autosphere.fr\/blog\/wp-content\/uploads\/2025\/07\/shutterstock_2461022619-1536x1024.jpg 1536w, https:\/\/www.autosphere.fr\/blog\/wp-content\/uploads\/2025\/07\/shutterstock_2461022619-2048x1365.jpg 2048w\" sizes=\"(max-width: 640px) 100vw, 640px\" \/>\t\t\t\t\t\t\t\t\t\t\t\t\t\t\t<\/div>\n\t\t\t\t<\/div>\n\t\t\t\t\t<\/div>\n\t\t<\/div>\n\t\t\t\t\t<\/div>\n\t\t<\/section>\n\t\t\t\t<section class=\"elementor-section elementor-top-section elementor-element elementor-element-93c0c70 elementor-section-boxed elementor-section-height-default elementor-section-height-default\" data-id=\"93c0c70\" data-element_type=\"section\" data-e-type=\"section\">\n\t\t\t\t\t\t<div class=\"elementor-container elementor-column-gap-default\">\n\t\t\t\t\t<div class=\"elementor-column elementor-col-100 elementor-top-column elementor-element elementor-element-f1412af\" data-id=\"f1412af\" data-element_type=\"column\" data-e-type=\"column\">\n\t\t\t<div class=\"elementor-widget-wrap elementor-element-populated\">\n\t\t\t\t\t\t<div class=\"elementor-element elementor-element-c41204d elementor-widget elementor-widget-heading\" data-id=\"c41204d\" data-element_type=\"widget\" data-e-type=\"widget\" data-widget_type=\"heading.default\">\n\t\t\t\t<div class=\"elementor-widget-container\">\n\t\t\t\t\t<h2 class=\"elementor-heading-title elementor-size-default\"> Un dispositif mieux structur\u00e9<\/h2>\t\t\t\t<\/div>\n\t\t\t\t<\/div>\n\t\t\t\t\t<\/div>\n\t\t<\/div>\n\t\t\t\t\t<\/div>\n\t\t<\/section>\n\t\t\t\t<section class=\"elementor-section elementor-top-section elementor-element elementor-element-c21208e elementor-section-boxed elementor-section-height-default elementor-section-height-default\" data-id=\"c21208e\" data-element_type=\"section\" data-e-type=\"section\">\n\t\t\t\t\t\t<div class=\"elementor-container elementor-column-gap-default\">\n\t\t\t\t\t<div class=\"elementor-column elementor-col-100 elementor-top-column elementor-element elementor-element-3d8c977\" data-id=\"3d8c977\" data-element_type=\"column\" data-e-type=\"column\">\n\t\t\t<div class=\"elementor-widget-wrap elementor-element-populated\">\n\t\t\t\t\t\t<div class=\"elementor-element elementor-element-9e08ac4 elementor-widget elementor-widget-text-editor\" data-id=\"9e08ac4\" data-element_type=\"widget\" data-e-type=\"widget\" data-widget_type=\"text-editor.default\">\n\t\t\t\t<div class=\"elementor-widget-container\">\n\t\t\t\t\t\t\t\t\t<p>L\u2019\u00e9dition 2025 corrige certaines limites du lancement initial. Les constructeurs partenaires devront proposer des offres compl\u00e8tes et lisibles. Un portail national simplifi\u00e9 est pr\u00e9vu pour acc\u00e9l\u00e9rer la validation des dossiers.<\/p>\t\t\t\t\t\t\t\t<\/div>\n\t\t\t\t<\/div>\n\t\t\t\t\t<\/div>\n\t\t<\/div>\n\t\t\t\t\t<\/div>\n\t\t<\/section>\n\t\t\t\t<section class=\"elementor-section elementor-top-section elementor-element elementor-element-3862192 elementor-section-boxed elementor-section-height-default elementor-section-height-default\" data-id=\"3862192\" data-element_type=\"section\" data-e-type=\"section\">\n\t\t\t\t\t\t<div class=\"elementor-container elementor-column-gap-default\">\n\t\t\t\t\t<div class=\"elementor-column elementor-col-100 elementor-top-column elementor-element elementor-element-a8f76a0\" data-id=\"a8f76a0\" data-element_type=\"column\" data-e-type=\"column\">\n\t\t\t<div class=\"elementor-widget-wrap elementor-element-populated\">\n\t\t\t\t\t\t<div class=\"elementor-element elementor-element-2a2d386 elementor-widget elementor-widget-heading\" data-id=\"2a2d386\" data-element_type=\"widget\" data-e-type=\"widget\" data-widget_type=\"heading.default\">\n\t\t\t\t<div class=\"elementor-widget-container\">\n\t\t\t\t\t<h2 class=\"elementor-heading-title elementor-size-default\">Une transition \u00e0 port\u00e9e de tous<\/h2>\t\t\t\t<\/div>\n\t\t\t\t<\/div>\n\t\t\t\t<div class=\"elementor-element elementor-element-5dc7ba6 elementor-widget elementor-widget-text-editor\" data-id=\"5dc7ba6\" data-element_type=\"widget\" data-e-type=\"widget\" data-widget_type=\"text-editor.default\">\n\t\t\t\t<div class=\"elementor-widget-container\">\n\t\t\t\t\t\t\t\t\t<p data-start=\"2464\" data-end=\"2723\">Avec ce retour du leasing social, l\u2019objectif est clair : permettre \u00e0 un plus grand nombre de m\u00e9nages de rouler propre, tout en ma\u00eetrisant les co\u00fbts. M\u00eame si le montant de l\u2019aide diminue, les offres restent attractives pour ceux qui remplissent les conditions.<\/p>\t\t\t\t\t\t\t\t<\/div>\n\t\t\t\t<\/div>\n\t\t\t\t\t<\/div>\n\t\t<\/div>\n\t\t\t\t\t<\/div>\n\t\t<\/section>\n\t\t\t\t<section class=\"elementor-section elementor-top-section elementor-element elementor-element-bf45f29 elementor-section-boxed elementor-section-height-default elementor-section-height-default\" data-id=\"bf45f29\" data-element_type=\"section\" data-e-type=\"section\">\n\t\t\t\t\t\t<div class=\"elementor-container elementor-column-gap-default\">\n\t\t\t\t\t<div class=\"elementor-column elementor-col-100 elementor-top-column elementor-element elementor-element-7b4b6c9\" data-id=\"7b4b6c9\" data-element_type=\"column\" data-e-type=\"column\">\n\t\t\t<div class=\"elementor-widget-wrap elementor-element-populated\">\n\t\t\t\t\t\t<div class=\"elementor-element elementor-element-905f021 elementor-widget elementor-widget-text-editor\" data-id=\"905f021\" data-element_type=\"widget\" data-e-type=\"widget\" data-widget_type=\"text-editor.default\">\n\t\t\t\t<div class=\"elementor-widget-container\">\n\t\t\t\t\t\t\t\t\t<p>Le leasing social \u00e9lectrique revient le 30 septembre 2025 avec des conditions revues mais toujours avantageuses. Jusqu\u2019\u00e0 7 000 \u20ac d\u2019aide, des loyers mensuels mod\u00e9r\u00e9s, et une s\u00e9lection de mod\u00e8les neufs : c\u2019est l\u2019occasion id\u00e9ale de sauter le pas vers l\u2019\u00e9lectrique.<\/p>\t\t\t\t\t\t\t\t<\/div>\n\t\t\t\t<\/div>\n\t\t\t\t\t<\/div>\n\t\t<\/div>\n\t\t\t\t\t<\/div>\n\t\t<\/section>\n\t\t\t\t<section class=\"elementor-section elementor-top-section elementor-element elementor-element-8405f06 elementor-section-boxed elementor-section-height-default elementor-section-height-default\" data-id=\"8405f06\" data-element_type=\"section\" data-e-type=\"section\">\n\t\t\t\t\t\t<div class=\"elementor-container elementor-column-gap-default\">\n\t\t\t\t\t<div class=\"elementor-column elementor-col-100 elementor-top-column elementor-element elementor-element-2994447\" data-id=\"2994447\" data-element_type=\"column\" data-e-type=\"column\">\n\t\t\t<div class=\"elementor-widget-wrap elementor-element-populated\">\n\t\t\t\t\t\t<div class=\"elementor-element elementor-element-8b37fdd elementor-widget elementor-widget-text-editor\" data-id=\"8b37fdd\" data-element_type=\"widget\" data-e-type=\"widget\" data-widget_type=\"text-editor.default\">\n\t\t\t\t<div class=\"elementor-widget-container\">\n\t\t\t\t\t\t\t\t\t<p>D\u00e9couvrez les mod\u00e8les \u00e9lectriques disponibles et commencez \u00e0 pr\u00e9parer votre projet sur :\u00a0<\/p>\t\t\t\t\t\t\t\t<\/div>\n\t\t\t\t<\/div>\n\t\t\t\t\t<\/div>\n\t\t<\/div>\n\t\t\t\t\t<\/div>\n\t\t<\/section>\n\t\t\t\t<section class=\"elementor-section elementor-top-section elementor-element elementor-element-aaec12c elementor-section-boxed elementor-section-height-default elementor-section-height-default\" data-id=\"aaec12c\" data-element_type=\"section\" data-e-type=\"section\">\n\t\t\t\t\t\t<div class=\"elementor-container elementor-column-gap-default\">\n\t\t\t\t\t<div class=\"elementor-column elementor-col-100 elementor-top-column elementor-element elementor-element-55ce726\" data-id=\"55ce726\" data-element_type=\"column\" data-e-type=\"column\">\n\t\t\t<div class=\"elementor-widget-wrap elementor-element-populated\">\n\t\t\t\t\t\t<div class=\"elementor-element elementor-element-848fca4 elementor-align-center elementor-widget elementor-widget-button\" data-id=\"848fca4\" data-element_type=\"widget\" data-e-type=\"widget\" data-widget_type=\"button.default\">\n\t\t\t\t<div class=\"elementor-widget-container\">\n\t\t\t\t\t\t\t\t\t<div class=\"elementor-button-wrapper\">\n\t\t\t\t\t<a class=\"elementor-button elementor-button-link elementor-size-sm\" href=\"https:\/\/www.autosphere.fr\/voiture-neuve?keyword=&#038;fuel_type=Electrique\">\n\t\t\t\t\t\t<span class=\"elementor-button-content-wrapper\">\n\t\t\t\t\t\t\t\t\t<span class=\"elementor-button-text\">Cliquez ici<\/span>\n\t\t\t\t\t<\/span>\n\t\t\t\t\t<\/a>\n\t\t\t\t<\/div>\n\t\t\t\t\t\t\t\t<\/div>\n\t\t\t\t<\/div>\n\t\t\t\t\t<\/div>\n\t\t<\/div>\n\t\t\t\t\t<\/div>\n\t\t<\/section>\n\t\t\t\t<\/div>\n\t\t","protected":false},"excerpt":{"rendered":"<p>Bonne nouvelle pour les automobilistes \u00e0 revenus modestes : le leasing social \u00e9lectrique fait son grand retour d\u00e8s le 30 septembre 2025. Cette mesure vise \u00e0 rendre la voiture \u00e9lectrique accessible, tout en encourageant la transition \u00e9cologique. Conditions, mod\u00e8les, d\u00e9marches&#8230; Voici tout ce que vous devez savoir pour en b\u00e9n\u00e9ficier. Qu\u2019est-ce que le leasing social [&hellip;]<\/p>\n","protected":false},"author":11,"featured_media":7738,"comment_status":"open","ping_status":"open","sticky":false,"template":"","format":"standard","meta":{"_acf_changed":false,"footnotes":""},"categories":[2],"tags":[],"marque":[],"class_list":["post-7737","post","type-post","status-publish","format-standard","has-post-thumbnail","hentry","category-actualites"],"acf":[],"yoast_head":"<!-- This site is optimized with the Yoast SEO plugin v27.2 - https:\/\/yoast.com\/product\/yoast-seo-wordpress\/ -->\n<title>Leasing social \u00e9lectrique : retour pr\u00e9vu le 30 septembre 2025<\/title>\n<meta name=\"description\" content=\"Le leasing social \u00e9lectrique revient le 30 septembre avec des loyers d\u00e8s 140\u202f\u20ac\/mois et une aide jusqu\u2019\u00e0 7\u202f000\u202f.\" \/>\n<meta name=\"robots\" content=\"index, follow, max-snippet:-1, max-image-preview:large, max-video-preview:-1\" \/>\n<link rel=\"canonical\" href=\"https:\/\/www.autosphere.fr\/blog\/leasing-social-electrique-retour-2025\/\" \/>\n<meta property=\"og:locale\" content=\"fr_FR\" \/>\n<meta property=\"og:type\" content=\"article\" \/>\n<meta property=\"og:title\" content=\"Leasing social \u00e9lectrique : retour pr\u00e9vu le 30 septembre 2025\" \/>\n<meta property=\"og:description\" content=\"Le leasing social \u00e9lectrique revient le 30 septembre avec des loyers d\u00e8s 140\u202f\u20ac\/mois et une aide jusqu\u2019\u00e0 7\u202f000\u202f.\" \/>\n<meta property=\"og:url\" content=\"https:\/\/www.autosphere.fr\/blog\/leasing-social-electrique-retour-2025\/\" \/>\n<meta property=\"og:site_name\" content=\"Blog Autosphere\" \/>\n<meta property=\"article:publisher\" content=\"https:\/\/www.facebook.com\/autosphere\" \/>\n<meta property=\"article:published_time\" content=\"2025-07-20T08:39:24+00:00\" \/>\n<meta property=\"article:modified_time\" content=\"2025-07-21T08:38:11+00:00\" \/>\n<meta property=\"og:image\" content=\"https:\/\/www.autosphere.fr\/blog\/wp-content\/uploads\/2025\/07\/shutterstock_2602926059-scaled.jpg\" \/>\n\t<meta property=\"og:image:width\" content=\"2560\" \/>\n\t<meta property=\"og:image:height\" content=\"1707\" \/>\n\t<meta property=\"og:image:type\" content=\"image\/jpeg\" \/>\n<meta name=\"author\" content=\"La r\u00e9daction autosphere\" \/>\n<meta name=\"twitter:card\" content=\"summary_large_image\" \/>\n<meta name=\"twitter:label1\" content=\"\u00c9crit par\" \/>\n\t<meta name=\"twitter:data1\" content=\"La r\u00e9daction autosphere\" \/>\n\t<meta name=\"twitter:label2\" content=\"Dur\u00e9e de lecture estim\u00e9e\" \/>\n\t<meta name=\"twitter:data2\" content=\"4 minutes\" \/>\n<!-- \/ Yoast SEO plugin. -->","yoast_head_json":{"title":"Leasing social \u00e9lectrique : retour pr\u00e9vu le 30 septembre 2025","description":"Le leasing social \u00e9lectrique revient le 30 septembre avec des loyers d\u00e8s 140\u202f\u20ac\/mois et une aide jusqu\u2019\u00e0 7\u202f000\u202f.","robots":{"index":"index","follow":"follow","max-snippet":"max-snippet:-1","max-image-preview":"max-image-preview:large","max-video-preview":"max-video-preview:-1"},"canonical":"https:\/\/www.autosphere.fr\/blog\/leasing-social-electrique-retour-2025\/","og_locale":"fr_FR","og_type":"article","og_title":"Leasing social \u00e9lectrique : retour pr\u00e9vu le 30 septembre 2025","og_description":"Le leasing social \u00e9lectrique revient le 30 septembre avec des loyers d\u00e8s 140\u202f\u20ac\/mois et une aide jusqu\u2019\u00e0 7\u202f000\u202f.","og_url":"https:\/\/www.autosphere.fr\/blog\/leasing-social-electrique-retour-2025\/","og_site_name":"Blog Autosphere","article_publisher":"https:\/\/www.facebook.com\/autosphere","article_published_time":"2025-07-20T08:39:24+00:00","article_modified_time":"2025-07-21T08:38:11+00:00","og_image":[{"width":2560,"height":1707,"url":"https:\/\/www.autosphere.fr\/blog\/wp-content\/uploads\/2025\/07\/shutterstock_2602926059-scaled.jpg","type":"image\/jpeg"}],"author":"La r\u00e9daction autosphere","twitter_card":"summary_large_image","twitter_misc":{"\u00c9crit par":"La r\u00e9daction autosphere","Dur\u00e9e de lecture estim\u00e9e":"4 minutes"},"schema":{"@context":"https:\/\/schema.org","@graph":[{"@type":"Article","@id":"https:\/\/www.autosphere.fr\/blog\/leasing-social-electrique-retour-2025\/#article","isPartOf":{"@id":"https:\/\/www.autosphere.fr\/blog\/leasing-social-electrique-retour-2025\/"},"author":{"name":"La r\u00e9daction autosphere","@id":"https:\/\/www.autosphere.fr\/blog\/#\/schema\/person\/76d1ce22eac63a2fea648bf6b19f8e18"},"headline":"Le leasing social \u00e9lectrique revient le 30 septembre 2025","datePublished":"2025-07-20T08:39:24+00:00","dateModified":"2025-07-21T08:38:11+00:00","mainEntityOfPage":{"@id":"https:\/\/www.autosphere.fr\/blog\/leasing-social-electrique-retour-2025\/"},"wordCount":552,"commentCount":0,"publisher":{"@id":"https:\/\/www.autosphere.fr\/blog\/#organization"},"image":{"@id":"https:\/\/www.autosphere.fr\/blog\/leasing-social-electrique-retour-2025\/#primaryimage"},"thumbnailUrl":"https:\/\/www.autosphere.fr\/blog\/wp-content\/uploads\/2025\/07\/shutterstock_2602926059-scaled.jpg","articleSection":["Actualit\u00e9s"],"inLanguage":"fr-FR","potentialAction":[{"@type":"CommentAction","name":"Comment","target":["https:\/\/www.autosphere.fr\/blog\/leasing-social-electrique-retour-2025\/#respond"]}]},{"@type":"WebPage","@id":"https:\/\/www.autosphere.fr\/blog\/leasing-social-electrique-retour-2025\/","url":"https:\/\/www.autosphere.fr\/blog\/leasing-social-electrique-retour-2025\/","name":"Leasing social \u00e9lectrique : retour pr\u00e9vu le 30 septembre 2025","isPartOf":{"@id":"https:\/\/www.autosphere.fr\/blog\/#website"},"primaryImageOfPage":{"@id":"https:\/\/www.autosphere.fr\/blog\/leasing-social-electrique-retour-2025\/#primaryimage"},"image":{"@id":"https:\/\/www.autosphere.fr\/blog\/leasing-social-electrique-retour-2025\/#primaryimage"},"thumbnailUrl":"https:\/\/www.autosphere.fr\/blog\/wp-content\/uploads\/2025\/07\/shutterstock_2602926059-scaled.jpg","datePublished":"2025-07-20T08:39:24+00:00","dateModified":"2025-07-21T08:38:11+00:00","description":"Le leasing social \u00e9lectrique revient le 30 septembre avec des loyers d\u00e8s 140\u202f\u20ac\/mois et une aide jusqu\u2019\u00e0 7\u202f000\u202f.","breadcrumb":{"@id":"https:\/\/www.autosphere.fr\/blog\/leasing-social-electrique-retour-2025\/#breadcrumb"},"inLanguage":"fr-FR","potentialAction":[{"@type":"ReadAction","target":["https:\/\/www.autosphere.fr\/blog\/leasing-social-electrique-retour-2025\/"]}]},{"@type":"ImageObject","inLanguage":"fr-FR","@id":"https:\/\/www.autosphere.fr\/blog\/leasing-social-electrique-retour-2025\/#primaryimage","url":"https:\/\/www.autosphere.fr\/blog\/wp-content\/uploads\/2025\/07\/shutterstock_2602926059-scaled.jpg","contentUrl":"https:\/\/www.autosphere.fr\/blog\/wp-content\/uploads\/2025\/07\/shutterstock_2602926059-scaled.jpg","width":2560,"height":1707},{"@type":"BreadcrumbList","@id":"https:\/\/www.autosphere.fr\/blog\/leasing-social-electrique-retour-2025\/#breadcrumb","itemListElement":[{"@type":"ListItem","position":1,"name":"Accueil","item":"https:\/\/www.autosphere.fr\/blog\/"},{"@type":"ListItem","position":2,"name":"Le leasing social \u00e9lectrique revient le 30 septembre 2025"}]},{"@type":"WebSite","@id":"https:\/\/www.autosphere.fr\/blog\/#website","url":"https:\/\/www.autosphere.fr\/blog\/","name":"Blog Autosphere","description":"","publisher":{"@id":"https:\/\/www.autosphere.fr\/blog\/#organization"},"potentialAction":[{"@type":"SearchAction","target":{"@type":"EntryPoint","urlTemplate":"https:\/\/www.autosphere.fr\/blog\/?s={search_term_string}"},"query-input":{"@type":"PropertyValueSpecification","valueRequired":true,"valueName":"search_term_string"}}],"inLanguage":"fr-FR"},{"@type":"Organization","@id":"https:\/\/www.autosphere.fr\/blog\/#organization","name":"Blog Autosphere","url":"https:\/\/www.autosphere.fr\/blog\/","logo":{"@type":"ImageObject","inLanguage":"fr-FR","@id":"https:\/\/www.autosphere.fr\/blog\/#\/schema\/logo\/image\/","url":"https:\/\/www.autosphere.fr\/blog\/wp-content\/uploads\/2022\/11\/le-blog-autosphere.png","contentUrl":"https:\/\/www.autosphere.fr\/blog\/wp-content\/uploads\/2022\/11\/le-blog-autosphere.png","width":241,"height":35,"caption":"Blog Autosphere"},"image":{"@id":"https:\/\/www.autosphere.fr\/blog\/#\/schema\/logo\/image\/"},"sameAs":["https:\/\/www.facebook.com\/autosphere","https:\/\/www.instagram.com\/autosphere"]},{"@type":"Person","@id":"https:\/\/www.autosphere.fr\/blog\/#\/schema\/person\/76d1ce22eac63a2fea648bf6b19f8e18","name":"La r\u00e9daction autosphere","url":"https:\/\/www.autosphere.fr\/blog\/author\/oceane-bodereau\/"}]}},"_links":{"self":[{"href":"https:\/\/www.autosphere.fr\/blog\/wp-json\/wp\/v2\/posts\/7737","targetHints":{"allow":["GET"]}}],"collection":[{"href":"https:\/\/www.autosphere.fr\/blog\/wp-json\/wp\/v2\/posts"}],"about":[{"href":"https:\/\/www.autosphere.fr\/blog\/wp-json\/wp\/v2\/types\/post"}],"author":[{"embeddable":true,"href":"https:\/\/www.autosphere.fr\/blog\/wp-json\/wp\/v2\/users\/11"}],"replies":[{"embeddable":true,"href":"https:\/\/www.autosphere.fr\/blog\/wp-json\/wp\/v2\/comments?post=7737"}],"version-history":[{"count":18,"href":"https:\/\/www.autosphere.fr\/blog\/wp-json\/wp\/v2\/posts\/7737\/revisions"}],"predecessor-version":[{"id":7758,"href":"https:\/\/www.autosphere.fr\/blog\/wp-json\/wp\/v2\/posts\/7737\/revisions\/7758"}],"wp:featuredmedia":[{"embeddable":true,"href":"https:\/\/www.autosphere.fr\/blog\/wp-json\/wp\/v2\/media\/7738"}],"wp:attachment":[{"href":"https:\/\/www.autosphere.fr\/blog\/wp-json\/wp\/v2\/media?parent=7737"}],"wp:term":[{"taxonomy":"category","embeddable":true,"href":"https:\/\/www.autosphere.fr\/blog\/wp-json\/wp\/v2\/categories?post=7737"},{"taxonomy":"post_tag","embeddable":true,"href":"https:\/\/www.autosphere.fr\/blog\/wp-json\/wp\/v2\/tags?post=7737"},{"taxonomy":"marque","embeddable":true,"href":"https:\/\/www.autosphere.fr\/blog\/wp-json\/wp\/v2\/marque?post=7737"}],"curies":[{"name":"wp","href":"https:\/\/api.w.org\/{rel}","templated":true}]}}