{"id":8712,"date":"2025-11-27T10:41:06","date_gmt":"2025-11-27T09:41:06","guid":{"rendered":"https:\/\/blog.autosphere.fr\/?p=8712"},"modified":"2025-11-28T16:46:42","modified_gmt":"2025-11-28T15:46:42","slug":"qui-garde-voiture-separation","status":"publish","type":"post","link":"https:\/\/www.autosphere.fr\/blog\/qui-garde-voiture-separation\/","title":{"rendered":"Qui garde la voiture apr\u00e8s une s\u00e9paration ? Le vrai du faux"},"content":{"rendered":"\t\t<div data-elementor-type=\"wp-post\" data-elementor-id=\"8712\" class=\"elementor elementor-8712\" data-elementor-post-type=\"post\">\n\t\t\t\t\t\t<section class=\"elementor-section elementor-top-section elementor-element elementor-element-7abc5ef7 elementor-section-boxed elementor-section-height-default elementor-section-height-default\" data-id=\"7abc5ef7\" data-element_type=\"section\" data-e-type=\"section\">\n\t\t\t\t\t\t<div class=\"elementor-container elementor-column-gap-default\">\n\t\t\t\t\t<div class=\"elementor-column elementor-col-100 elementor-top-column elementor-element elementor-element-64afc537\" data-id=\"64afc537\" data-element_type=\"column\" data-e-type=\"column\">\n\t\t\t<div class=\"elementor-widget-wrap elementor-element-populated\">\n\t\t\t\t\t\t<div class=\"elementor-element elementor-element-6f3d2114 elementor-widget elementor-widget-text-editor\" data-id=\"6f3d2114\" data-element_type=\"widget\" data-e-type=\"widget\" data-widget_type=\"text-editor.default\">\n\t\t\t\t<div class=\"elementor-widget-container\">\n\t\t\t\t\t\t\t\t\t<p style=\"padding: 24px; background: lightblue;\">L&#8217;essentiel \u00e0 retenir : la carte grise ne constitue pas un titre de propri\u00e9t\u00e9, <strong>seul le financement d\u00e9termine \u00e0 qui appartient r\u00e9ellement le v\u00e9hicule<\/strong>. Cette clarification juridique permet d&#8217;opter sereinement pour la vente ou le rachat de part \u00e0 l&#8217;amiable, \u00e9vitant ainsi les conflits co\u00fbteux devant un tribunal.<\/p><p>D\u00e9terminer qui garde voiture s\u00e9paration tourne souvent au casse-t\u00eate lorsque votre autonomie quotidienne est en jeu. Cet article d\u00e9m\u00eale le vrai du faux sur la propri\u00e9t\u00e9 du v\u00e9hicule pour vous aider \u00e0 y voir clair rapidement. Vous trouverez ici les <strong>solutions pratiques pour \u00e9viter les pi\u00e8ges financiers<\/strong> et clore ce dossier sereinement.<\/p><ol><li><a href=\"#la-voiture-bien-plus-quun-enjeu-materiel\">La voiture, bien plus qu&#8217;un enjeu mat\u00e9riel<\/a><\/li><li><a href=\"#qui-est-le-vrai-proprietaire-les-idees-recues-a-la-poubelle\">Qui est le vrai propri\u00e9taire ? les id\u00e9es re\u00e7ues \u00e0 la poubelle<\/a><\/li><li><a href=\"#sortir-de-limpasse-les-solutions-pratiques-pour-avancer\">Sortir de l&#8217;impasse : les solutions pratiques pour avancer<\/a><\/li><li><a href=\"#la-decision-est-prise-et-maintenant-la-paperasse-a-ne-pas-oublier\">La d\u00e9cision est prise, et maintenant ? la paperasse \u00e0 ne pas oublier<\/a><\/li><\/ol><h2 id=\"la-voiture-bien-plus-quun-enjeu-materiel\">La voiture, bien plus qu&#8217;un enjeu mat\u00e9riel<\/h2><h3>Le symbole de la vie que vous aviez construite<\/h3><p>Ce tas de ferraille n&#8217;est pas qu&#8217;un simple assemblage de pi\u00e8ces m\u00e9caniques. Il renferme vos fous rires sur l&#8217;autoroute des vacances, les trajets matinaux et ces playlists chant\u00e9es \u00e0 tue-t\u00eate, formant une <strong>v\u00e9ritable capsule temporelle de votre histoire<\/strong>.<\/p><p>S&#8217;en d\u00e9faire revient souvent \u00e0 acter, brutalement, la fin d\u00e9finitive d&#8217;un chapitre partag\u00e9. <strong>La valeur sentimentale \u00e9crase ici toute logique financi\u00e8re<\/strong>.<\/p><p>Cette lourde charge \u00e9motionnelle explique pourquoi les simples discussions autour du v\u00e9hicule <strong>virent souvent au drame<\/strong>. C&#8217;est visc\u00e9ral.<\/p><h3>L&#8217;outil de votre ind\u00e9pendance au quotidien<\/h3><p>Regardons maintenant la r\u00e9alit\u00e9 froide en face : cette auto, c&#8217;est avant tout <strong>votre libert\u00e9 de mouvement<\/strong>. Elle permet de filer au bureau, de remplir le frigo ou de d\u00e9poser les petits.<\/p><p>Pour l&#8217;un de vous, la conserver est peut-\u00eatre indispensable pour aller travailler ou g\u00e9rer la garde altern\u00e9e. Sans elle, <strong>l&#8217;autonomie s&#8217;effondre et le quotidien devient un v\u00e9ritable enfer logistique<\/strong>.<\/p><p>Cette lutte acharn\u00e9e pour les cl\u00e9s cache en fait une <strong>peur panique de perdre sa stabilit\u00e9<\/strong>. On se bat pour rester debout.<\/p><h2 id=\"qui-est-le-vrai-proprietaire-les-idees-recues-a-la-poubelle\">Qui est le vrai propri\u00e9taire ? les id\u00e9es re\u00e7ues \u00e0 la poubelle<\/h2><h3>La carte grise, ce papier qui ne prouve (presque) rien<\/h3><p>Vous pensez sans doute que le nom inscrit sur la carte grise suffit \u00e0 prouver la propri\u00e9t\u00e9 ? C\u2019est l\u2019erreur classique que beaucoup commettent. Ce document administratif ne d\u00e9signe absolument pas le <strong>propri\u00e9taire l\u00e9gal du v\u00e9hicule<\/strong>.<\/p><p>En r\u00e9alit\u00e9, ce certificat est un simple titre de police, une autorisation de circuler sur la voie publique. Il <strong>ne constitue pas un titre de propri\u00e9t\u00e9<\/strong>. Le v\u00e9ritable propri\u00e9taire reste celui qui d\u00e9tient la preuve formelle du paiement initial.<\/p><p>Par cons\u00e9quent, brandir ce papier constitue un <strong>argument tr\u00e8s faible en cas de litige s\u00e9rieux<\/strong> devant un tribunal.<\/p><h3>L&#8217;acte d&#8217;achat et le financement : les vrais juges de paix<\/h3><p>Ce qui compte vraiment, c&#8217;est la facture d&#8217;achat ou le contrat de cr\u00e9dit original. Si un seul nom figure sur ces documents officiels, <strong>cette personne est juridiquement la seule et unique propri\u00e9taire du bien<\/strong>, sans d\u00e9bat possible.<\/p><p>En revanche, si les deux noms apparaissent sur l&#8217;acte, ou si vous d\u00e9montrez des virements communs, <strong>le v\u00e9hicule vous appartient \u00e0 parts \u00e9gales<\/strong>. Le <a href=\"https:\/\/blog.autosphere.fr\/loa-lld-credit-auto-prejuges\/\">mode de financement de votre voiture<\/a> devient alors la pi\u00e8ce ma\u00eetresse pour d\u00e9bloquer la situation.<\/p><h2 id=\"sortir-de-limpasse-les-solutions-pratiques-pour-avancer\">Sortir de l&#8217;impasse : les solutions pratiques pour avancer<\/h2><p>Une fois que la question de la propri\u00e9t\u00e9 est (\u00e0 peu pr\u00e8s) clarifi\u00e9e, il faut <strong>trouver une issue concr\u00e8te et juste<\/strong> pour tout le monde.<\/p><h3>L&#8217;accord \u00e0 l&#8217;amiable, votre meilleure et premi\u00e8re option<\/h3><p><strong>La discussion reste la voie royale<\/strong>, bien avant d&#8217;envisager un juge. Ne vous braquez pas : asseyez-vous et exposez calmement vos besoins r\u00e9els pour vos trajets quotidiens.<\/p><p>L&#8217;objectif n&#8217;est pas de &#8220;gagner&#8221; la voiture comme un troph\u00e9e, mais de <strong>d\u00e9nicher la solution la plus intelligente<\/strong> pour vos deux nouvelles vies qui commencent maintenant.<\/p><p>Sachez qu&#8217;un accord \u00e0 l&#8217;amiable bien n\u00e9goci\u00e9 sera toujours <strong>moins co\u00fbteux et moins douloureux<\/strong> qu&#8217;une proc\u00e9dure judiciaire interminable.<\/p><h3>Vendre, racheter ou attribuer : les options sur la table<\/h3><p>Concr\u00e8tement, pour solder ce dossier sans y laisser trop de plumes, <strong>trois grandes options s&#8217;offrent \u00e0 vous<\/strong>.<\/p><ul><li><strong>Vendre le v\u00e9hicule<\/strong> : C&#8217;est la solution la plus simple. Vous vendez la voiture et vous partagez la somme obtenue, permettant \u00e0 chacun de repartir sur de nouvelles bases.<\/li><li><strong>Racheter la part de l&#8217;autre<\/strong> : Celui qui souhaite garder la voiture verse une compensation financi\u00e8re (appel\u00e9e une &#8220;soulte&#8221;) \u00e0 son ex-partenaire, correspondant \u00e0 la moiti\u00e9 de la valeur actuelle du v\u00e9hicule.<\/li><li><strong>Attribuer selon les besoins<\/strong> : La voiture est attribu\u00e9e \u00e0 celui qui en a le plus l&#8217;utilit\u00e9 (garde des enfants, trajet domicile-travail long), avec ou sans compensation financi\u00e8re selon l&#8217;accord.<\/li><\/ul>\t\t\t\t\t\t\t\t<\/div>\n\t\t\t\t<\/div>\n\t\t\t\t\t<\/div>\n\t\t<\/div>\n\t\t\t\t\t<\/div>\n\t\t<\/section>\n\t\t\t\t<section class=\"elementor-section elementor-top-section elementor-element elementor-element-62bf607 elementor-section-boxed elementor-section-height-default elementor-section-height-default\" data-id=\"62bf607\" data-element_type=\"section\" data-e-type=\"section\">\n\t\t\t\t\t\t<div class=\"elementor-container elementor-column-gap-default\">\n\t\t\t\t\t<div class=\"elementor-column elementor-col-100 elementor-top-column elementor-element elementor-element-1c6443f\" data-id=\"1c6443f\" data-element_type=\"column\" data-e-type=\"column\">\n\t\t\t<div class=\"elementor-widget-wrap elementor-element-populated\">\n\t\t\t\t\t\t<div class=\"elementor-element elementor-element-5405f22 elementor-widget elementor-widget-image\" data-id=\"5405f22\" data-element_type=\"widget\" data-e-type=\"widget\" data-widget_type=\"image.default\">\n\t\t\t\t<div class=\"elementor-widget-container\">\n\t\t\t\t\t\t\t\t\t\t\t\t\t\t\t<img fetchpriority=\"high\" decoding=\"async\" width=\"640\" height=\"358\" src=\"https:\/\/www.autosphere.fr\/blog\/wp-content\/uploads\/2025\/11\/freepik__create-a-realistic-highquality-horizontal-photogra__99956-768x429.png\" class=\"attachment-medium_large size-medium_large wp-image-8728\" alt=\"\" srcset=\"https:\/\/www.autosphere.fr\/blog\/wp-content\/uploads\/2025\/11\/freepik__create-a-realistic-highquality-horizontal-photogra__99956-768x429.png 768w, https:\/\/www.autosphere.fr\/blog\/wp-content\/uploads\/2025\/11\/freepik__create-a-realistic-highquality-horizontal-photogra__99956-500x279.png 500w, https:\/\/www.autosphere.fr\/blog\/wp-content\/uploads\/2025\/11\/freepik__create-a-realistic-highquality-horizontal-photogra__99956-1024x572.png 1024w, https:\/\/www.autosphere.fr\/blog\/wp-content\/uploads\/2025\/11\/freepik__create-a-realistic-highquality-horizontal-photogra__99956-1536x857.png 1536w, https:\/\/www.autosphere.fr\/blog\/wp-content\/uploads\/2025\/11\/freepik__create-a-realistic-highquality-horizontal-photogra__99956-2048x1143.png 2048w\" sizes=\"(max-width: 640px) 100vw, 640px\" \/>\t\t\t\t\t\t\t\t\t\t\t\t\t\t\t<\/div>\n\t\t\t\t<\/div>\n\t\t\t\t\t<\/div>\n\t\t<\/div>\n\t\t\t\t\t<\/div>\n\t\t<\/section>\n\t\t\t\t<section class=\"elementor-section elementor-top-section elementor-element elementor-element-3bacc96 elementor-section-boxed elementor-section-height-default elementor-section-height-default\" data-id=\"3bacc96\" data-element_type=\"section\" data-e-type=\"section\">\n\t\t\t\t\t\t<div class=\"elementor-container elementor-column-gap-default\">\n\t\t\t\t\t<div class=\"elementor-column elementor-col-100 elementor-top-column elementor-element elementor-element-a9f4d80\" data-id=\"a9f4d80\" data-element_type=\"column\" data-e-type=\"column\">\n\t\t\t<div class=\"elementor-widget-wrap elementor-element-populated\">\n\t\t\t\t\t\t<div class=\"elementor-element elementor-element-70550f9 elementor-widget elementor-widget-text-editor\" data-id=\"70550f9\" data-element_type=\"widget\" data-e-type=\"widget\" data-widget_type=\"text-editor.default\">\n\t\t\t\t<div class=\"elementor-widget-container\">\n\t\t\t\t\t\t\t\t\t<h2 id=\"la-decision-est-prise-et-maintenant-la-paperasse-a-ne-pas-oublier\">La d\u00e9cision est prise, et maintenant ? la paperasse \u00e0 ne pas oublier<\/h2><p>\u00c7a y est, vous avez enfin trouv\u00e9 un terrain d&#8217;entente. Mais attention, le travail n&#8217;est pas tout \u00e0 fait termin\u00e9. Il reste <strong>quelques formalit\u00e9s administratives<\/strong> pour clore ce chapitre proprement.<\/p><h3>Le cr\u00e9dit auto ne dispara\u00eet pas par magie<\/h3><p>Vous pensez que le divorce annule tout ? Erreur, car <strong>votre banque se moque de votre s\u00e9paration et veut juste r\u00e9cup\u00e9rer son argent<\/strong>. Elle n&#8217;est m\u00eame pas au courant de votre nouvelle situation.<\/p><p>Ceux qui ont sign\u00e9 le cr\u00e9dit auto restent l\u00e9galement tenus de le rembourser jusqu&#8217;au bout. Peu importe qui garde le volant, <strong>la banque peut r\u00e9clamer l&#8217;argent aux deux signataires<\/strong>.<\/p><p>Vous devez donc <strong>d\u00e9cider ensemble qui continue de payer les mensualit\u00e9s<\/strong>. Sinon, contactez vite votre banque pour essayer de transf\u00e9rer le pr\u00eat \u00e0 un seul nom.<\/p><h3>Mettez vos papiers \u00e0 jour pour \u00e9viter les maux de t\u00eate<\/h3><p>Une fois la voiture attribu\u00e9e, ne tardez pas une seconde. Le nouveau titulaire a exactement un mois pour <strong>faire modifier la carte grise<\/strong> via le site de l&#8217;ANTS.<\/p><p>C&#8217;est indispensable pour ne pas recevoir les futures amendes de votre ex chez vous. C&#8217;est le grand classique des complications post-rupture qu&#8217;il faut absolument <strong>\u00e9viter pour votre tranquillit\u00e9<\/strong>.<\/p><p>Enfin, pensez \u00e0 <strong>mettre \u00e0 jour le contrat d&#8217;assurance<\/strong> sans attendre. C&#8217;est aussi le bon moment pour vous assurer de bien <a href=\"https:\/\/blog.autosphere.fr\/ce-nest-pas-un-garage-cest-un-coffre-fort\/\">prot\u00e9ger votre v\u00e9hicule<\/a> maintenant qu&#8217;il est enti\u00e8rement le v\u00f4tre.<\/p><p>La <strong>gestion du v\u00e9hicule<\/strong> lors d&#8217;une s\u00e9paration n\u00e9cessite avant tout du pragmatisme. Privil\u00e9giez le dialogue pour <strong>aboutir \u00e0 un accord juste<\/strong>, qu&#8217;il s&#8217;agisse d&#8217;une vente ou d&#8217;un rachat de part. Enfin, pensez \u00e0 <strong>r\u00e9gulariser les papiers<\/strong> rapidement. Une fois cette \u00e9tape franchie, vous pourrez tourner la page et <strong>avancer sereinement vers votre ind\u00e9pendance<\/strong>.<\/p>\t\t\t\t\t\t\t\t<\/div>\n\t\t\t\t<\/div>\n\t\t\t\t\t<\/div>\n\t\t<\/div>\n\t\t\t\t\t<\/div>\n\t\t<\/section>\n\t\t\t\t<\/div>\n\t\t","protected":false},"excerpt":{"rendered":"<p>L&#8217;essentiel \u00e0 retenir : la carte grise ne constitue pas un titre de propri\u00e9t\u00e9, seul le financement d\u00e9termine \u00e0 qui appartient r\u00e9ellement le v\u00e9hicule. Cette clarification juridique permet d&#8217;opter sereinement pour la vente ou le rachat de part \u00e0 l&#8217;amiable, \u00e9vitant ainsi les conflits co\u00fbteux devant un tribunal. D\u00e9terminer qui garde voiture s\u00e9paration tourne souvent [&hellip;]<\/p>\n","protected":false},"author":11,"featured_media":8713,"comment_status":"open","ping_status":"open","sticky":false,"template":"","format":"standard","meta":{"_acf_changed":false,"footnotes":""},"categories":[194],"tags":[],"marque":[],"class_list":["post-8712","post","type-post","status-publish","format-standard","has-post-thumbnail","hentry","category-histoire"],"acf":[],"yoast_head":"<!-- This site is optimized with the Yoast SEO plugin v27.2 - https:\/\/yoast.com\/product\/yoast-seo-wordpress\/ -->\n<title>Qui garde la voiture apr\u00e8s une s\u00e9paration ? Le vrai du faux - Blog Autosphere<\/title>\n<meta name=\"description\" content=\"Qui garde voiture s\u00e9paration ? Oubliez la carte grise et fiez-vous au financement. D\u00e9couvrez nos solutions pour un partage du v\u00e9hicule juste et amiable.\" \/>\n<meta name=\"robots\" content=\"index, follow, max-snippet:-1, max-image-preview:large, max-video-preview:-1\" \/>\n<link rel=\"canonical\" href=\"https:\/\/www.autosphere.fr\/blog\/qui-garde-voiture-separation\/\" \/>\n<meta property=\"og:locale\" content=\"fr_FR\" \/>\n<meta property=\"og:type\" content=\"article\" \/>\n<meta property=\"og:title\" content=\"Qui garde la voiture apr\u00e8s une s\u00e9paration ? Le vrai du faux - Blog Autosphere\" \/>\n<meta property=\"og:description\" content=\"Qui garde voiture s\u00e9paration ? Oubliez la carte grise et fiez-vous au financement. D\u00e9couvrez nos solutions pour un partage du v\u00e9hicule juste et amiable.\" \/>\n<meta property=\"og:url\" content=\"https:\/\/www.autosphere.fr\/blog\/qui-garde-voiture-separation\/\" \/>\n<meta property=\"og:site_name\" content=\"Blog Autosphere\" \/>\n<meta property=\"article:publisher\" content=\"https:\/\/www.facebook.com\/autosphere\" \/>\n<meta property=\"article:published_time\" content=\"2025-11-27T09:41:06+00:00\" \/>\n<meta property=\"article:modified_time\" content=\"2025-11-28T15:46:42+00:00\" \/>\n<meta property=\"og:image\" content=\"https:\/\/www.autosphere.fr\/blog\/wp-content\/uploads\/2025\/11\/reflective-moment-by-the-car.jpg\" \/>\n\t<meta property=\"og:image:width\" content=\"1376\" \/>\n\t<meta property=\"og:image:height\" content=\"768\" \/>\n\t<meta property=\"og:image:type\" content=\"image\/jpeg\" \/>\n<meta name=\"author\" content=\"La r\u00e9daction autosphere\" \/>\n<meta name=\"twitter:card\" content=\"summary_large_image\" \/>\n<meta name=\"twitter:label1\" content=\"\u00c9crit par\" \/>\n\t<meta name=\"twitter:data1\" content=\"La r\u00e9daction autosphere\" \/>\n\t<meta name=\"twitter:label2\" content=\"Dur\u00e9e de lecture estim\u00e9e\" \/>\n\t<meta name=\"twitter:data2\" content=\"6 minutes\" \/>\n<!-- \/ Yoast SEO plugin. -->","yoast_head_json":{"title":"Qui garde la voiture apr\u00e8s une s\u00e9paration ? Le vrai du faux - Blog Autosphere","description":"Qui garde voiture s\u00e9paration ? Oubliez la carte grise et fiez-vous au financement. D\u00e9couvrez nos solutions pour un partage du v\u00e9hicule juste et amiable.","robots":{"index":"index","follow":"follow","max-snippet":"max-snippet:-1","max-image-preview":"max-image-preview:large","max-video-preview":"max-video-preview:-1"},"canonical":"https:\/\/www.autosphere.fr\/blog\/qui-garde-voiture-separation\/","og_locale":"fr_FR","og_type":"article","og_title":"Qui garde la voiture apr\u00e8s une s\u00e9paration ? Le vrai du faux - Blog Autosphere","og_description":"Qui garde voiture s\u00e9paration ? Oubliez la carte grise et fiez-vous au financement. D\u00e9couvrez nos solutions pour un partage du v\u00e9hicule juste et amiable.","og_url":"https:\/\/www.autosphere.fr\/blog\/qui-garde-voiture-separation\/","og_site_name":"Blog Autosphere","article_publisher":"https:\/\/www.facebook.com\/autosphere","article_published_time":"2025-11-27T09:41:06+00:00","article_modified_time":"2025-11-28T15:46:42+00:00","og_image":[{"width":1376,"height":768,"url":"https:\/\/www.autosphere.fr\/blog\/wp-content\/uploads\/2025\/11\/reflective-moment-by-the-car.jpg","type":"image\/jpeg"}],"author":"La r\u00e9daction autosphere","twitter_card":"summary_large_image","twitter_misc":{"\u00c9crit par":"La r\u00e9daction autosphere","Dur\u00e9e de lecture estim\u00e9e":"6 minutes"},"schema":{"@context":"https:\/\/schema.org","@graph":[{"@type":"Article","@id":"https:\/\/www.autosphere.fr\/blog\/qui-garde-voiture-separation\/#article","isPartOf":{"@id":"https:\/\/www.autosphere.fr\/blog\/qui-garde-voiture-separation\/"},"author":{"name":"La r\u00e9daction autosphere","@id":"https:\/\/www.autosphere.fr\/blog\/#\/schema\/person\/76d1ce22eac63a2fea648bf6b19f8e18"},"headline":"Qui garde la voiture apr\u00e8s une s\u00e9paration ? Le vrai du faux","datePublished":"2025-11-27T09:41:06+00:00","dateModified":"2025-11-28T15:46:42+00:00","mainEntityOfPage":{"@id":"https:\/\/www.autosphere.fr\/blog\/qui-garde-voiture-separation\/"},"wordCount":1177,"commentCount":0,"publisher":{"@id":"https:\/\/www.autosphere.fr\/blog\/#organization"},"image":{"@id":"https:\/\/www.autosphere.fr\/blog\/qui-garde-voiture-separation\/#primaryimage"},"thumbnailUrl":"https:\/\/www.autosphere.fr\/blog\/wp-content\/uploads\/2025\/11\/reflective-moment-by-the-car.jpg","articleSection":["Histoire"],"inLanguage":"fr-FR","potentialAction":[{"@type":"CommentAction","name":"Comment","target":["https:\/\/www.autosphere.fr\/blog\/qui-garde-voiture-separation\/#respond"]}]},{"@type":"WebPage","@id":"https:\/\/www.autosphere.fr\/blog\/qui-garde-voiture-separation\/","url":"https:\/\/www.autosphere.fr\/blog\/qui-garde-voiture-separation\/","name":"Qui garde la voiture apr\u00e8s une s\u00e9paration ? Le vrai du faux - Blog Autosphere","isPartOf":{"@id":"https:\/\/www.autosphere.fr\/blog\/#website"},"primaryImageOfPage":{"@id":"https:\/\/www.autosphere.fr\/blog\/qui-garde-voiture-separation\/#primaryimage"},"image":{"@id":"https:\/\/www.autosphere.fr\/blog\/qui-garde-voiture-separation\/#primaryimage"},"thumbnailUrl":"https:\/\/www.autosphere.fr\/blog\/wp-content\/uploads\/2025\/11\/reflective-moment-by-the-car.jpg","datePublished":"2025-11-27T09:41:06+00:00","dateModified":"2025-11-28T15:46:42+00:00","description":"Qui garde voiture s\u00e9paration ? Oubliez la carte grise et fiez-vous au financement. D\u00e9couvrez nos solutions pour un partage du v\u00e9hicule juste et amiable.","breadcrumb":{"@id":"https:\/\/www.autosphere.fr\/blog\/qui-garde-voiture-separation\/#breadcrumb"},"inLanguage":"fr-FR","potentialAction":[{"@type":"ReadAction","target":["https:\/\/www.autosphere.fr\/blog\/qui-garde-voiture-separation\/"]}]},{"@type":"ImageObject","inLanguage":"fr-FR","@id":"https:\/\/www.autosphere.fr\/blog\/qui-garde-voiture-separation\/#primaryimage","url":"https:\/\/www.autosphere.fr\/blog\/wp-content\/uploads\/2025\/11\/reflective-moment-by-the-car.jpg","contentUrl":"https:\/\/www.autosphere.fr\/blog\/wp-content\/uploads\/2025\/11\/reflective-moment-by-the-car.jpg","width":1376,"height":768},{"@type":"BreadcrumbList","@id":"https:\/\/www.autosphere.fr\/blog\/qui-garde-voiture-separation\/#breadcrumb","itemListElement":[{"@type":"ListItem","position":1,"name":"Accueil","item":"https:\/\/www.autosphere.fr\/blog\/"},{"@type":"ListItem","position":2,"name":"Qui garde la voiture apr\u00e8s une s\u00e9paration ? Le vrai du faux"}]},{"@type":"WebSite","@id":"https:\/\/www.autosphere.fr\/blog\/#website","url":"https:\/\/www.autosphere.fr\/blog\/","name":"Blog Autosphere","description":"","publisher":{"@id":"https:\/\/www.autosphere.fr\/blog\/#organization"},"potentialAction":[{"@type":"SearchAction","target":{"@type":"EntryPoint","urlTemplate":"https:\/\/www.autosphere.fr\/blog\/?s={search_term_string}"},"query-input":{"@type":"PropertyValueSpecification","valueRequired":true,"valueName":"search_term_string"}}],"inLanguage":"fr-FR"},{"@type":"Organization","@id":"https:\/\/www.autosphere.fr\/blog\/#organization","name":"Blog Autosphere","url":"https:\/\/www.autosphere.fr\/blog\/","logo":{"@type":"ImageObject","inLanguage":"fr-FR","@id":"https:\/\/www.autosphere.fr\/blog\/#\/schema\/logo\/image\/","url":"https:\/\/www.autosphere.fr\/blog\/wp-content\/uploads\/2022\/11\/le-blog-autosphere.png","contentUrl":"https:\/\/www.autosphere.fr\/blog\/wp-content\/uploads\/2022\/11\/le-blog-autosphere.png","width":241,"height":35,"caption":"Blog Autosphere"},"image":{"@id":"https:\/\/www.autosphere.fr\/blog\/#\/schema\/logo\/image\/"},"sameAs":["https:\/\/www.facebook.com\/autosphere","https:\/\/www.instagram.com\/autosphere"]},{"@type":"Person","@id":"https:\/\/www.autosphere.fr\/blog\/#\/schema\/person\/76d1ce22eac63a2fea648bf6b19f8e18","name":"La r\u00e9daction autosphere","url":"https:\/\/www.autosphere.fr\/blog\/author\/oceane-bodereau\/"}]}},"_links":{"self":[{"href":"https:\/\/www.autosphere.fr\/blog\/wp-json\/wp\/v2\/posts\/8712","targetHints":{"allow":["GET"]}}],"collection":[{"href":"https:\/\/www.autosphere.fr\/blog\/wp-json\/wp\/v2\/posts"}],"about":[{"href":"https:\/\/www.autosphere.fr\/blog\/wp-json\/wp\/v2\/types\/post"}],"author":[{"embeddable":true,"href":"https:\/\/www.autosphere.fr\/blog\/wp-json\/wp\/v2\/users\/11"}],"replies":[{"embeddable":true,"href":"https:\/\/www.autosphere.fr\/blog\/wp-json\/wp\/v2\/comments?post=8712"}],"version-history":[{"count":6,"href":"https:\/\/www.autosphere.fr\/blog\/wp-json\/wp\/v2\/posts\/8712\/revisions"}],"predecessor-version":[{"id":8732,"href":"https:\/\/www.autosphere.fr\/blog\/wp-json\/wp\/v2\/posts\/8712\/revisions\/8732"}],"wp:featuredmedia":[{"embeddable":true,"href":"https:\/\/www.autosphere.fr\/blog\/wp-json\/wp\/v2\/media\/8713"}],"wp:attachment":[{"href":"https:\/\/www.autosphere.fr\/blog\/wp-json\/wp\/v2\/media?parent=8712"}],"wp:term":[{"taxonomy":"category","embeddable":true,"href":"https:\/\/www.autosphere.fr\/blog\/wp-json\/wp\/v2\/categories?post=8712"},{"taxonomy":"post_tag","embeddable":true,"href":"https:\/\/www.autosphere.fr\/blog\/wp-json\/wp\/v2\/tags?post=8712"},{"taxonomy":"marque","embeddable":true,"href":"https:\/\/www.autosphere.fr\/blog\/wp-json\/wp\/v2\/marque?post=8712"}],"curies":[{"name":"wp","href":"https:\/\/api.w.org\/{rel}","templated":true}]}}