{"id":882,"date":"2014-03-09T21:38:27","date_gmt":"2014-03-09T19:38:27","guid":{"rendered":"https:\/\/blogautosphere.creatic-agency.fr\/lelysee-roulera-bientot-en-tout-electrique\/"},"modified":"2022-11-22T11:16:03","modified_gmt":"2022-11-22T09:16:03","slug":"lelysee-roulera-bientot-en-tout-electrique","status":"publish","type":"post","link":"https:\/\/www.autosphere.fr\/blog\/lelysee-roulera-bientot-en-tout-electrique\/","title":{"rendered":"L\u2019\u00c9lys\u00e9e roulera bient\u00f4t en tout \u00e9lectrique ?"},"content":{"rendered":"<div class=\"custom-post-container\">\n<p style=\"text-align: justify;\">Lorsqu\u2019il se d\u00e9place en voiture, Fran\u00e7ois Hollande monte \u00e0 bord d\u2019une Citro\u00ebn DS5 (parfois Hybrid4) ou d\u2019une Citro\u00ebn C6. Mais d\u2019ici 2014, le parc automobile de la pr\u00e9sidence de la R\u00e9publique pourrait passer au tout \u00e9lectrique.<\/p>\n<p style=\"text-align: justify;\">Les services de l\u2019\u00c9lys\u00e9e dispose d\u2019un parc automobile cons\u00e9quent. Environ une centaine de voitures parmi lesquelles des Peugeot 308, des Citro\u00ebn DS5, des Citro\u00ebn C6 et d\u2019ores-et-d\u00e9j\u00e0 5 Renault Zo\u00e9, pr\u00eat\u00e9es par l\u2019usine de Flins. Ces derni\u00e8res ont subis une s\u00e9rie de tests \u00e0 l\u2019usage ces derniers mois et il semblerait que le service des transports de l\u2019\u00c9lys\u00e9e opte \u00e0 terme pour un renouvellement du parc automobile dans le sens de l\u2019\u00e9lectrique. <\/p>\n<p style=\"text-align: justify;\">Le Palais de l\u2019\u00c9lys\u00e9e dispose d\u00e9j\u00e0 d\u2019une borne de recharge (24 000\u20ac), mais force est de constater qu\u2019il en faudra davantage. \u00c0 d\u00e9faut de se montrer clairement convaincu par Zo\u00e9, le document de&nbsp;<a href=\"http:\/\/www.francebleu.fr\/infos\/zoe\/info-france-bleu-107-1-la-zoe-entre-l-elysee-1338396\" target=\"_blank\" rel=\"noopener\">France Bleu<\/a>&nbsp;insiste sur les \u00e9conomies \u00e0 la cl\u00e9 : 10 000 litres de carburant et 10 tonnes de CO2 par an et par v\u00e9hicule face \u00e0 une recharge \u00e0 un euro (en dehors de l\u2019amortissement de la borne).<\/p>\n<p style=\"text-align: justify;\">Dans un premier temps, les Zo\u00e9 devraient remplacer les Peugeot 308 diesel vieillissantes pour les trajets parisiens. Car oui, l\u2019autonomie de la compacte \u00e9lectrique de Renault n\u2019offre pas plus de 100 \u00e0 150 km en ville. Cependant, son label \u00ab Origine France Garantie \u00bb pourrait servir une magnifique exercice de communication. Plus fort encore qu\u2019avec Arnaud Montebourg ?<\/p>\n<p><iframe width=\"500\" height=\"281\" src=\"\/\/www.youtube.com\/embed\/QhIM1EpT35A\" frameborder=\"0\" allowfullscreen=\"\"><\/iframe><\/p>\n<p style=\"text-align: justify;\">Reste \u00e0 savoir si le Pr\u00e9sident de la R\u00e9publique lui-m\u00eame se d\u00e9placera avec Zo\u00e9. Nous avions cru comprendre qu\u2019il pr\u00e9f\u00e9rait le scooter&#8230;<\/p>\n<\/div>\n","protected":false},"excerpt":{"rendered":"<p>Lorsqu\u2019il se d\u00e9place en voiture, Fran\u00e7ois Hollande monte \u00e0 bord d\u2019une Citro\u00ebn DS5 (parfois Hybrid4) ou d\u2019une Citro\u00ebn C6. Mais d\u2019ici 2014, le parc automobile de la pr\u00e9sidence de la R\u00e9publique pourrait passer au tout \u00e9lectrique. Les services de l\u2019\u00c9lys\u00e9e dispose d\u2019un parc automobile cons\u00e9quent. Environ une centaine de voitures parmi lesquelles des Peugeot 308, [&hellip;]<\/p>\n","protected":false},"author":3,"featured_media":883,"comment_status":"open","ping_status":"open","sticky":false,"template":"","format":"standard","meta":{"_acf_changed":false,"footnotes":""},"categories":[2],"tags":[],"marque":[57],"class_list":["post-882","post","type-post","status-publish","format-standard","has-post-thumbnail","hentry","category-actualites","marque-renault"],"acf":[],"yoast_head":"<!-- This site is optimized with the Yoast SEO plugin v27.2 - https:\/\/yoast.com\/product\/yoast-seo-wordpress\/ -->\n<title>L\u2019\u00c9lys\u00e9e roulera bient\u00f4t en tout \u00e9lectrique ? - Blog Autosphere<\/title>\n<meta name=\"robots\" content=\"index, follow, max-snippet:-1, max-image-preview:large, max-video-preview:-1\" \/>\n<link rel=\"canonical\" href=\"https:\/\/www.autosphere.fr\/blog\/lelysee-roulera-bientot-en-tout-electrique\/\" \/>\n<meta property=\"og:locale\" content=\"fr_FR\" \/>\n<meta property=\"og:type\" content=\"article\" \/>\n<meta property=\"og:title\" content=\"L\u2019\u00c9lys\u00e9e roulera bient\u00f4t en tout \u00e9lectrique ? - Blog Autosphere\" \/>\n<meta property=\"og:description\" content=\"Lorsqu\u2019il se d\u00e9place en voiture, Fran\u00e7ois Hollande monte \u00e0 bord d\u2019une Citro\u00ebn DS5 (parfois Hybrid4) ou d\u2019une Citro\u00ebn C6. Mais d\u2019ici 2014, le parc automobile de la pr\u00e9sidence de la R\u00e9publique pourrait passer au tout \u00e9lectrique. Les services de l\u2019\u00c9lys\u00e9e dispose d\u2019un parc automobile cons\u00e9quent. Environ une centaine de voitures parmi lesquelles des Peugeot 308, [&hellip;]\" \/>\n<meta property=\"og:url\" content=\"https:\/\/www.autosphere.fr\/blog\/lelysee-roulera-bientot-en-tout-electrique\/\" \/>\n<meta property=\"og:site_name\" content=\"Blog Autosphere\" \/>\n<meta property=\"article:publisher\" content=\"https:\/\/www.facebook.com\/autosphere\" \/>\n<meta property=\"article:published_time\" content=\"2014-03-09T19:38:27+00:00\" \/>\n<meta property=\"article:modified_time\" content=\"2022-11-22T09:16:03+00:00\" \/>\n<meta property=\"og:image\" content=\"https:\/\/www.autosphere.fr\/blog\/wp-content\/uploads\/2022\/11\/cb751af9945e1275b56073af715531c9.jpeg\" \/>\n\t<meta property=\"og:image:width\" content=\"400\" \/>\n\t<meta property=\"og:image:height\" content=\"210\" \/>\n\t<meta property=\"og:image:type\" content=\"image\/jpeg\" \/>\n<meta name=\"author\" content=\"Florent CHEDOZEAU\" \/>\n<meta name=\"twitter:card\" content=\"summary_large_image\" \/>\n<meta name=\"twitter:label1\" content=\"\u00c9crit par\" \/>\n\t<meta name=\"twitter:data1\" content=\"Florent CHEDOZEAU\" \/>\n\t<meta name=\"twitter:label2\" content=\"Dur\u00e9e de lecture estim\u00e9e\" \/>\n\t<meta name=\"twitter:data2\" content=\"1 minute\" \/>\n<!-- \/ Yoast SEO plugin. -->","yoast_head_json":{"title":"L\u2019\u00c9lys\u00e9e roulera bient\u00f4t en tout \u00e9lectrique ? - Blog Autosphere","robots":{"index":"index","follow":"follow","max-snippet":"max-snippet:-1","max-image-preview":"max-image-preview:large","max-video-preview":"max-video-preview:-1"},"canonical":"https:\/\/www.autosphere.fr\/blog\/lelysee-roulera-bientot-en-tout-electrique\/","og_locale":"fr_FR","og_type":"article","og_title":"L\u2019\u00c9lys\u00e9e roulera bient\u00f4t en tout \u00e9lectrique ? - Blog Autosphere","og_description":"Lorsqu\u2019il se d\u00e9place en voiture, Fran\u00e7ois Hollande monte \u00e0 bord d\u2019une Citro\u00ebn DS5 (parfois Hybrid4) ou d\u2019une Citro\u00ebn C6. Mais d\u2019ici 2014, le parc automobile de la pr\u00e9sidence de la R\u00e9publique pourrait passer au tout \u00e9lectrique. Les services de l\u2019\u00c9lys\u00e9e dispose d\u2019un parc automobile cons\u00e9quent. Environ une centaine de voitures parmi lesquelles des Peugeot 308, [&hellip;]","og_url":"https:\/\/www.autosphere.fr\/blog\/lelysee-roulera-bientot-en-tout-electrique\/","og_site_name":"Blog Autosphere","article_publisher":"https:\/\/www.facebook.com\/autosphere","article_published_time":"2014-03-09T19:38:27+00:00","article_modified_time":"2022-11-22T09:16:03+00:00","og_image":[{"width":400,"height":210,"url":"https:\/\/www.autosphere.fr\/blog\/wp-content\/uploads\/2022\/11\/cb751af9945e1275b56073af715531c9.jpeg","type":"image\/jpeg"}],"author":"Florent CHEDOZEAU","twitter_card":"summary_large_image","twitter_misc":{"\u00c9crit par":"Florent CHEDOZEAU","Dur\u00e9e de lecture estim\u00e9e":"1 minute"},"schema":{"@context":"https:\/\/schema.org","@graph":[{"@type":"Article","@id":"https:\/\/www.autosphere.fr\/blog\/lelysee-roulera-bientot-en-tout-electrique\/#article","isPartOf":{"@id":"https:\/\/www.autosphere.fr\/blog\/lelysee-roulera-bientot-en-tout-electrique\/"},"author":{"name":"Florent CHEDOZEAU","@id":"https:\/\/www.autosphere.fr\/blog\/#\/schema\/person\/157d3ac8c260cc43fa708dbfa8fe558d"},"headline":"L\u2019\u00c9lys\u00e9e roulera bient\u00f4t en tout \u00e9lectrique ?","datePublished":"2014-03-09T19:38:27+00:00","dateModified":"2022-11-22T09:16:03+00:00","mainEntityOfPage":{"@id":"https:\/\/www.autosphere.fr\/blog\/lelysee-roulera-bientot-en-tout-electrique\/"},"wordCount":292,"commentCount":0,"publisher":{"@id":"https:\/\/www.autosphere.fr\/blog\/#organization"},"image":{"@id":"https:\/\/www.autosphere.fr\/blog\/lelysee-roulera-bientot-en-tout-electrique\/#primaryimage"},"thumbnailUrl":"https:\/\/www.autosphere.fr\/blog\/wp-content\/uploads\/2022\/11\/cb751af9945e1275b56073af715531c9.jpeg","articleSection":["Actualit\u00e9s"],"inLanguage":"fr-FR","potentialAction":[{"@type":"CommentAction","name":"Comment","target":["https:\/\/www.autosphere.fr\/blog\/lelysee-roulera-bientot-en-tout-electrique\/#respond"]}]},{"@type":"WebPage","@id":"https:\/\/www.autosphere.fr\/blog\/lelysee-roulera-bientot-en-tout-electrique\/","url":"https:\/\/www.autosphere.fr\/blog\/lelysee-roulera-bientot-en-tout-electrique\/","name":"L\u2019\u00c9lys\u00e9e roulera bient\u00f4t en tout \u00e9lectrique ? - Blog Autosphere","isPartOf":{"@id":"https:\/\/www.autosphere.fr\/blog\/#website"},"primaryImageOfPage":{"@id":"https:\/\/www.autosphere.fr\/blog\/lelysee-roulera-bientot-en-tout-electrique\/#primaryimage"},"image":{"@id":"https:\/\/www.autosphere.fr\/blog\/lelysee-roulera-bientot-en-tout-electrique\/#primaryimage"},"thumbnailUrl":"https:\/\/www.autosphere.fr\/blog\/wp-content\/uploads\/2022\/11\/cb751af9945e1275b56073af715531c9.jpeg","datePublished":"2014-03-09T19:38:27+00:00","dateModified":"2022-11-22T09:16:03+00:00","breadcrumb":{"@id":"https:\/\/www.autosphere.fr\/blog\/lelysee-roulera-bientot-en-tout-electrique\/#breadcrumb"},"inLanguage":"fr-FR","potentialAction":[{"@type":"ReadAction","target":["https:\/\/www.autosphere.fr\/blog\/lelysee-roulera-bientot-en-tout-electrique\/"]}]},{"@type":"ImageObject","inLanguage":"fr-FR","@id":"https:\/\/www.autosphere.fr\/blog\/lelysee-roulera-bientot-en-tout-electrique\/#primaryimage","url":"https:\/\/www.autosphere.fr\/blog\/wp-content\/uploads\/2022\/11\/cb751af9945e1275b56073af715531c9.jpeg","contentUrl":"https:\/\/www.autosphere.fr\/blog\/wp-content\/uploads\/2022\/11\/cb751af9945e1275b56073af715531c9.jpeg","width":400,"height":210},{"@type":"BreadcrumbList","@id":"https:\/\/www.autosphere.fr\/blog\/lelysee-roulera-bientot-en-tout-electrique\/#breadcrumb","itemListElement":[{"@type":"ListItem","position":1,"name":"Accueil","item":"https:\/\/www.autosphere.fr\/blog\/"},{"@type":"ListItem","position":2,"name":"L\u2019\u00c9lys\u00e9e roulera bient\u00f4t en tout \u00e9lectrique ?"}]},{"@type":"WebSite","@id":"https:\/\/www.autosphere.fr\/blog\/#website","url":"https:\/\/www.autosphere.fr\/blog\/","name":"Blog Autosphere","description":"","publisher":{"@id":"https:\/\/www.autosphere.fr\/blog\/#organization"},"potentialAction":[{"@type":"SearchAction","target":{"@type":"EntryPoint","urlTemplate":"https:\/\/www.autosphere.fr\/blog\/?s={search_term_string}"},"query-input":{"@type":"PropertyValueSpecification","valueRequired":true,"valueName":"search_term_string"}}],"inLanguage":"fr-FR"},{"@type":"Organization","@id":"https:\/\/www.autosphere.fr\/blog\/#organization","name":"Blog Autosphere","url":"https:\/\/www.autosphere.fr\/blog\/","logo":{"@type":"ImageObject","inLanguage":"fr-FR","@id":"https:\/\/www.autosphere.fr\/blog\/#\/schema\/logo\/image\/","url":"https:\/\/www.autosphere.fr\/blog\/wp-content\/uploads\/2022\/11\/le-blog-autosphere.png","contentUrl":"https:\/\/www.autosphere.fr\/blog\/wp-content\/uploads\/2022\/11\/le-blog-autosphere.png","width":241,"height":35,"caption":"Blog Autosphere"},"image":{"@id":"https:\/\/www.autosphere.fr\/blog\/#\/schema\/logo\/image\/"},"sameAs":["https:\/\/www.facebook.com\/autosphere","https:\/\/www.instagram.com\/autosphere"]},{"@type":"Person","@id":"https:\/\/www.autosphere.fr\/blog\/#\/schema\/person\/157d3ac8c260cc43fa708dbfa8fe558d","name":"Florent CHEDOZEAU","url":"https:\/\/www.autosphere.fr\/blog\/author\/florent-chedozeau\/"}]}},"_links":{"self":[{"href":"https:\/\/www.autosphere.fr\/blog\/wp-json\/wp\/v2\/posts\/882","targetHints":{"allow":["GET"]}}],"collection":[{"href":"https:\/\/www.autosphere.fr\/blog\/wp-json\/wp\/v2\/posts"}],"about":[{"href":"https:\/\/www.autosphere.fr\/blog\/wp-json\/wp\/v2\/types\/post"}],"author":[{"embeddable":true,"href":"https:\/\/www.autosphere.fr\/blog\/wp-json\/wp\/v2\/users\/3"}],"replies":[{"embeddable":true,"href":"https:\/\/www.autosphere.fr\/blog\/wp-json\/wp\/v2\/comments?post=882"}],"version-history":[{"count":1,"href":"https:\/\/www.autosphere.fr\/blog\/wp-json\/wp\/v2\/posts\/882\/revisions"}],"predecessor-version":[{"id":3652,"href":"https:\/\/www.autosphere.fr\/blog\/wp-json\/wp\/v2\/posts\/882\/revisions\/3652"}],"wp:featuredmedia":[{"embeddable":true,"href":"https:\/\/www.autosphere.fr\/blog\/wp-json\/wp\/v2\/media\/883"}],"wp:attachment":[{"href":"https:\/\/www.autosphere.fr\/blog\/wp-json\/wp\/v2\/media?parent=882"}],"wp:term":[{"taxonomy":"category","embeddable":true,"href":"https:\/\/www.autosphere.fr\/blog\/wp-json\/wp\/v2\/categories?post=882"},{"taxonomy":"post_tag","embeddable":true,"href":"https:\/\/www.autosphere.fr\/blog\/wp-json\/wp\/v2\/tags?post=882"},{"taxonomy":"marque","embeddable":true,"href":"https:\/\/www.autosphere.fr\/blog\/wp-json\/wp\/v2\/marque?post=882"}],"curies":[{"name":"wp","href":"https:\/\/api.w.org\/{rel}","templated":true}]}}