{"id":9459,"date":"2026-04-28T11:00:25","date_gmt":"2026-04-28T09:00:25","guid":{"rendered":"https:\/\/www.autosphere.fr\/blog\/?p=9459"},"modified":"2026-04-28T10:30:41","modified_gmt":"2026-04-28T08:30:41","slug":"cupra-raval-electrique-2026","status":"publish","type":"post","link":"https:\/\/www.autosphere.fr\/blog\/cupra-raval-electrique-2026\/","title":{"rendered":"Cupra Raval : la citadine \u00e9lectrique qui bouscule le march\u00e9"},"content":{"rendered":"\t\t<div data-elementor-type=\"wp-post\" data-elementor-id=\"9459\" class=\"elementor elementor-9459\" data-elementor-post-type=\"post\">\n\t\t\t\t\t\t<section class=\"elementor-section elementor-top-section elementor-element elementor-element-41d45561 elementor-section-boxed elementor-section-height-default elementor-section-height-default\" data-id=\"41d45561\" data-element_type=\"section\" data-e-type=\"section\">\n\t\t\t\t\t\t<div class=\"elementor-container elementor-column-gap-default\">\n\t\t\t\t\t<div class=\"elementor-column elementor-col-100 elementor-top-column elementor-element elementor-element-44dceb0c\" data-id=\"44dceb0c\" data-element_type=\"column\" data-e-type=\"column\">\n\t\t\t<div class=\"elementor-widget-wrap elementor-element-populated\">\n\t\t\t\t\t\t<div class=\"elementor-element elementor-element-258d7bfa elementor-widget elementor-widget-text-editor\" data-id=\"258d7bfa\" data-element_type=\"widget\" data-e-type=\"widget\" data-widget_type=\"text-editor.default\">\n\t\t\t\t<div class=\"elementor-widget-container\">\n\t\t\t\t\t\t\t\t\t<p style=\"padding: 24px; background: lightblue;\">Ce qu&#8217;il faut retenir : <strong>la Cupra Raval s&#8217;impose comme une citadine \u00e9lectrique audacieuse<\/strong>, alliant sportivit\u00e9 et accessibilit\u00e9. Ce mod\u00e8le de 4,05 m\u00e8tres offre une <strong>autonomie comp\u00e9titive de 440 km pour un prix d&#8217;entr\u00e9e d&#8217;environ 25 000 \u20ac<\/strong>. Profitez d&#8217;un int\u00e9rieur durable en mat\u00e9riaux recycl\u00e9s et d&#8217;un coffre g\u00e9n\u00e9reux de 441 litres, id\u00e9al pour vos trajets urbains dynamiques.<\/p><p>Le segment des voitures urbaines conna\u00eet une transformation majeure avec l&#8217;arriv\u00e9e de mod\u00e8les \u00e9lectriques plus abordables. Pourtant, trouver un v\u00e9hicule qui combine un tarif accessible, une autonomie r\u00e9elle de 440 km et un design de caract\u00e8re reste aujourd&#8217;hui un <strong>d\u00e9fi pour de nombreux conducteurs fran\u00e7ais<\/strong>.<\/p><p>La Cupra Raval, dont le lancement est pr\u00e9vu pour 2026, entend justement r\u00e9soudre cette \u00e9quation en proposant une <strong>alternative sportive et technologique<\/strong>. Nous vous pr\u00e9sentons les d\u00e9tails de cette citadine \u00e9lectrique compacte qui promet de transformer vos d\u00e9placements quotidiens.<\/p><ol><li><a href=\"#cupra-raval-vision-audacieuse-citadine-electrique\">Cupra Raval : une vision audacieuse de la citadine \u00e9lectrique en 2026<\/a><\/li><li><a href=\"#caracteristiques-techniques-performances-autonomie\">Quelles sont les caract\u00e9ristiques techniques de la Cupra Raval ?<\/a><\/li><li><a href=\"#usage-quotidien-habitabilite-technologies\">Un mod\u00e8le compact pens\u00e9 pour la ville et le quotidien<\/a><\/li><li><a href=\"#prix-cupra-raval-2026-accessibilite\">Quel est le prix de la Cupra Raval en 2026 ?<\/a><\/li><\/ol><h2 id=\"cupra-raval-vision-audacieuse-citadine-electrique\">Cupra Raval : une vision audacieuse de la citadine \u00e9lectrique en 2026<\/h2><p>La <strong>Cupra Raval, citadine \u00e9lectrique<\/strong>, arrive en 2026 avec 440 km d&#8217;autonomie WLTP pour environ 25 000 \u20ac. Elle repose sur la plateforme MEB+ optimisant son design sportif h\u00e9rit\u00e9 de l&#8217;UrbanRebel. Son allure promet une pr\u00e9sence visuelle forte.<\/p>\t\t\t\t\t\t\t\t<\/div>\n\t\t\t\t<\/div>\n\t\t\t\t\t<\/div>\n\t\t<\/div>\n\t\t\t\t\t<\/div>\n\t\t<\/section>\n\t\t\t\t<section class=\"elementor-section elementor-top-section elementor-element elementor-element-60481de elementor-section-boxed elementor-section-height-default elementor-section-height-default\" data-id=\"60481de\" data-element_type=\"section\" data-e-type=\"section\">\n\t\t\t\t\t\t<div class=\"elementor-container elementor-column-gap-default\">\n\t\t\t\t\t<div class=\"elementor-column elementor-col-50 elementor-top-column elementor-element elementor-element-85b7949\" data-id=\"85b7949\" data-element_type=\"column\" data-e-type=\"column\">\n\t\t\t<div class=\"elementor-widget-wrap elementor-element-populated\">\n\t\t\t\t\t\t<div class=\"elementor-element elementor-element-d714352 elementor-widget elementor-widget-image\" data-id=\"d714352\" data-element_type=\"widget\" data-e-type=\"widget\" data-widget_type=\"image.default\">\n\t\t\t\t<div class=\"elementor-widget-container\">\n\t\t\t\t\t\t\t\t\t\t\t\t\t\t\t<img fetchpriority=\"high\" decoding=\"async\" width=\"500\" height=\"333\" src=\"https:\/\/www.autosphere.fr\/blog\/wp-content\/uploads\/2026\/04\/007_CUPRA-Raval-Plasma__HQ-500x333.jpg\" class=\"attachment-medium size-medium wp-image-9463\" alt=\"\" srcset=\"https:\/\/www.autosphere.fr\/blog\/wp-content\/uploads\/2026\/04\/007_CUPRA-Raval-Plasma__HQ-500x333.jpg 500w, https:\/\/www.autosphere.fr\/blog\/wp-content\/uploads\/2026\/04\/007_CUPRA-Raval-Plasma__HQ-1024x683.jpg 1024w, https:\/\/www.autosphere.fr\/blog\/wp-content\/uploads\/2026\/04\/007_CUPRA-Raval-Plasma__HQ-768x512.jpg 768w, https:\/\/www.autosphere.fr\/blog\/wp-content\/uploads\/2026\/04\/007_CUPRA-Raval-Plasma__HQ-1536x1024.jpg 1536w, https:\/\/www.autosphere.fr\/blog\/wp-content\/uploads\/2026\/04\/007_CUPRA-Raval-Plasma__HQ-2048x1365.jpg 2048w\" sizes=\"(max-width: 500px) 100vw, 500px\" \/>\t\t\t\t\t\t\t\t\t\t\t\t\t\t\t<\/div>\n\t\t\t\t<\/div>\n\t\t\t\t\t<\/div>\n\t\t<\/div>\n\t\t\t\t<div class=\"elementor-column elementor-col-50 elementor-top-column elementor-element elementor-element-3812130\" data-id=\"3812130\" data-element_type=\"column\" data-e-type=\"column\">\n\t\t\t<div class=\"elementor-widget-wrap elementor-element-populated\">\n\t\t\t\t\t\t<div class=\"elementor-element elementor-element-ff98dbe elementor-widget elementor-widget-image\" data-id=\"ff98dbe\" data-element_type=\"widget\" data-e-type=\"widget\" data-widget_type=\"image.default\">\n\t\t\t\t<div class=\"elementor-widget-container\">\n\t\t\t\t\t\t\t\t\t\t\t\t\t\t\t<img decoding=\"async\" width=\"500\" height=\"333\" src=\"https:\/\/www.autosphere.fr\/blog\/wp-content\/uploads\/2026\/04\/003_CUPRA-Raval-Plasma__HQ-500x333.jpg\" class=\"attachment-medium size-medium wp-image-9461\" alt=\"\" srcset=\"https:\/\/www.autosphere.fr\/blog\/wp-content\/uploads\/2026\/04\/003_CUPRA-Raval-Plasma__HQ-500x333.jpg 500w, https:\/\/www.autosphere.fr\/blog\/wp-content\/uploads\/2026\/04\/003_CUPRA-Raval-Plasma__HQ-1024x683.jpg 1024w, https:\/\/www.autosphere.fr\/blog\/wp-content\/uploads\/2026\/04\/003_CUPRA-Raval-Plasma__HQ-768x512.jpg 768w, https:\/\/www.autosphere.fr\/blog\/wp-content\/uploads\/2026\/04\/003_CUPRA-Raval-Plasma__HQ-1536x1024.jpg 1536w, https:\/\/www.autosphere.fr\/blog\/wp-content\/uploads\/2026\/04\/003_CUPRA-Raval-Plasma__HQ-2048x1365.jpg 2048w\" sizes=\"(max-width: 500px) 100vw, 500px\" \/>\t\t\t\t\t\t\t\t\t\t\t\t\t\t\t<\/div>\n\t\t\t\t<\/div>\n\t\t\t\t\t<\/div>\n\t\t<\/div>\n\t\t\t\t\t<\/div>\n\t\t<\/section>\n\t\t\t\t<section class=\"elementor-section elementor-top-section elementor-element elementor-element-1b3ec8a elementor-section-boxed elementor-section-height-default elementor-section-height-default\" data-id=\"1b3ec8a\" data-element_type=\"section\" data-e-type=\"section\">\n\t\t\t\t\t\t<div class=\"elementor-container elementor-column-gap-default\">\n\t\t\t\t\t<div class=\"elementor-column elementor-col-100 elementor-top-column elementor-element elementor-element-418eea4\" data-id=\"418eea4\" data-element_type=\"column\" data-e-type=\"column\">\n\t\t\t<div class=\"elementor-widget-wrap elementor-element-populated\">\n\t\t\t\t\t\t<div class=\"elementor-element elementor-element-98e83cb elementor-widget elementor-widget-text-editor\" data-id=\"98e83cb\" data-element_type=\"widget\" data-e-type=\"widget\" data-widget_type=\"text-editor.default\">\n\t\t\t\t<div class=\"elementor-widget-container\">\n\t\t\t\t\t\t\t\t\t<h3>Un design sportif h\u00e9rit\u00e9 du concept UrbanRebel<\/h3><p>Le style se d\u00e9finit par des lignes tendues et une <strong>signature lumineuse unique<\/strong>. Les optiques triangulaires de Cupra renforcent son caract\u00e8re. Le bouclier avant affiche une agressivit\u00e9 visuelle tr\u00e8s marqu\u00e9e.<\/p><p>Cette voiture casse les codes souvent trop lisses des mod\u00e8les \u00e9lectriques actuels. Son <strong>look muscl\u00e9 reprend l&#8217;esprit<\/strong> du concept UrbanRebel. Des hanches larges viennent affirmer son temp\u00e9rament dynamique pour la ville.<\/p><p>Le mod\u00e8le de s\u00e9rie respecte fid\u00e8lement l&#8217;\u00e9tude de style initiale. C&#8217;est un <strong>pari esth\u00e9tique r\u00e9ussi<\/strong>.<\/p><h3>L&#8217;ADN de Cupra au service de la mobilit\u00e9 urbaine<\/h3><p>La marque cible un public jeune et urbain. Elle mise sur l&#8217;\u00e9motion pour porter cette nouvelle \u00e8re de l&#8217;\u00e9lectrification sportive. <strong>La performance devient enfin accessible au quotidien<\/strong>.<\/p><p>Ses proportions compactes offrent un <strong>\u00e9quilibre parfait<\/strong>. Ce format facilite grandement le stationnement en zone dense. Pourtant, le v\u00e9hicule conserve une pr\u00e9sence routi\u00e8re imposante, tr\u00e8s moderne et rassurante.<\/p><p>Pour mieux comprendre cette \u00e9volution, d\u00e9couvrez comment <a href=\"https:\/\/www.autosphere.fr\/blog\/cupra-la-marque-sportive-de-seat\/\"><strong>Cupra s&#8217;affirme comme la marque sportive<\/strong><\/a> ind\u00e9pendante du groupe. L&#8217;image de marque devient ici totalement premium et audacieuse.<\/p><h2 id=\"caracteristiques-techniques-performances-autonomie\">Quelles sont les caract\u00e9ristiques techniques de la Cupra Raval ?<\/h2><p>Mais au-del\u00e0 du style, ce sont <strong>les chiffres qui vont d\u00e9terminer<\/strong> si cette citadine peut r\u00e9ellement bousculer le march\u00e9 actuel.<\/p><h3>Motorisations et autonomie en cycle WLTP<\/h3><p>La gamme propose des puissances s&#8217;\u00e9talant de 116 \u00e0 226 chevaux. Le moteur \u00e9lectrique entra\u00eene les roues avant avec efficacit\u00e9. Cette cavalerie assure des acc\u00e9l\u00e9rations vives au feu rouge. Le <strong>plaisir de conduite reste ici une priorit\u00e9 absolue<\/strong>.<\/p><p>Quelle est l\u2019autonomie de la Cupra Raval ? Elle peut <strong>atteindre environ 440 km en cycle WLTP<\/strong> selon les versions.<\/p><p>Ce rayon d&#8217;action facilite grandement l&#8217;usage p\u00e9riurbain. Les trajets quotidiens deviennent simples sans recharge constante. La <strong>polyvalence est ici le ma\u00eetre-mot<\/strong>.<\/p><h3>Recharge rapide et efficacit\u00e9 \u00e9nerg\u00e9tique<\/h3><p>La <strong>recharge rapide permet de passer de 10 \u00e0 80 % en 20 \u00e0 25 minutes environ<\/strong>. C&#8217;est une performance de premier plan. Les arr\u00eats sur autoroute deviennent ainsi tr\u00e8s courts.<\/p><p>Vous pouvez d&#8217;ailleurs <a href=\"https:\/\/www.autosphere.fr\/blog\/optimiser-autonomie-hybride-rechargeable\/\"><strong>optimiser l&#8217;autonomie<\/strong><\/a> en surveillant la gestion intelligente de l&#8217;\u00e9nergie via l&#8217;\u00e9cran d&#8217;infodivertissement. Nos \u00e9quipes recommandent de suivre ces flux en temps r\u00e9el.<\/p><p>L&#8217;efficacit\u00e9 \u00e9nerg\u00e9tique globale du v\u00e9hicule impressionne. La consommation reste ma\u00eetris\u00e9e gr\u00e2ce \u00e0 un poids contenu. C&#8217;est un atout majeur pour <strong>r\u00e9duire vos co\u00fbts<\/strong>.<\/p><h3>Plateforme MEB+ et optimisation de l&#8217;espace<\/h3><p>Ce mod\u00e8le utilise la plateforme MEB+ du groupe Volkswagen. Cette base est sp\u00e9cialement con\u00e7ue pour les petits v\u00e9hicules \u00e9lectriques. Elle permet de <strong>repousser les roues aux quatre coins du ch\u00e2ssis<\/strong>.<\/p><p>L&#8217;habitabilit\u00e9 profite directement de cette architecture moderne. L&#8217;absence de tunnel de transmission lib\u00e8re de l&#8217;espace au sol. Les passagers arri\u00e8re b\u00e9n\u00e9ficient d&#8217;<strong>un confort surprenant pour la cat\u00e9gorie<\/strong>.<\/p><p>Le comportement routier gagne aussi en pr\u00e9cision. Le centre de gravit\u00e9 bas am\u00e9liore la stabilit\u00e9 en courbe. La <strong>conduite devient plus s\u00fbre et particuli\u00e8rement pr\u00e9cise<\/strong>.<\/p><h2 id=\"usage-quotidien-habitabilite-technologies\">Un mod\u00e8le compact pens\u00e9 pour la ville et le quotidien<\/h2><p>En fait, l&#8217;intelligence de cette conception se ressent surtout une fois install\u00e9 \u00e0 bord, l\u00e0 o\u00f9 <strong>la technologie rencontre l&#8217;aspect pratique<\/strong>.<\/p>\t\t\t\t\t\t\t\t<\/div>\n\t\t\t\t<\/div>\n\t\t\t\t\t<\/div>\n\t\t<\/div>\n\t\t\t\t\t<\/div>\n\t\t<\/section>\n\t\t\t\t<section class=\"elementor-section elementor-top-section elementor-element elementor-element-d4f62d2 elementor-section-boxed elementor-section-height-default elementor-section-height-default\" data-id=\"d4f62d2\" data-element_type=\"section\" data-e-type=\"section\">\n\t\t\t\t\t\t<div class=\"elementor-container elementor-column-gap-default\">\n\t\t\t\t\t<div class=\"elementor-column elementor-col-100 elementor-top-column elementor-element elementor-element-5e58744\" data-id=\"5e58744\" data-element_type=\"column\" data-e-type=\"column\">\n\t\t\t<div class=\"elementor-widget-wrap elementor-element-populated\">\n\t\t\t\t\t\t<div class=\"elementor-element elementor-element-1a924b9 elementor-widget elementor-widget-image\" data-id=\"1a924b9\" data-element_type=\"widget\" data-e-type=\"widget\" data-widget_type=\"image.default\">\n\t\t\t\t<div class=\"elementor-widget-container\">\n\t\t\t\t\t\t\t\t\t\t\t\t\t\t\t<img decoding=\"async\" width=\"640\" height=\"413\" src=\"https:\/\/www.autosphere.fr\/blog\/wp-content\/uploads\/2026\/04\/025_CUPRA-Raval-Manganese-Matt_HQ-768x495.jpg\" class=\"attachment-medium_large size-medium_large wp-image-9464\" alt=\"\" srcset=\"https:\/\/www.autosphere.fr\/blog\/wp-content\/uploads\/2026\/04\/025_CUPRA-Raval-Manganese-Matt_HQ-768x495.jpg 768w, https:\/\/www.autosphere.fr\/blog\/wp-content\/uploads\/2026\/04\/025_CUPRA-Raval-Manganese-Matt_HQ-500x322.jpg 500w, https:\/\/www.autosphere.fr\/blog\/wp-content\/uploads\/2026\/04\/025_CUPRA-Raval-Manganese-Matt_HQ-1024x660.jpg 1024w, https:\/\/www.autosphere.fr\/blog\/wp-content\/uploads\/2026\/04\/025_CUPRA-Raval-Manganese-Matt_HQ-1536x990.jpg 1536w, https:\/\/www.autosphere.fr\/blog\/wp-content\/uploads\/2026\/04\/025_CUPRA-Raval-Manganese-Matt_HQ-2048x1319.jpg 2048w\" sizes=\"(max-width: 640px) 100vw, 640px\" \/>\t\t\t\t\t\t\t\t\t\t\t\t\t\t\t<\/div>\n\t\t\t\t<\/div>\n\t\t\t\t\t<\/div>\n\t\t<\/div>\n\t\t\t\t\t<\/div>\n\t\t<\/section>\n\t\t\t\t<section class=\"elementor-section elementor-top-section elementor-element elementor-element-1d8d682 elementor-section-boxed elementor-section-height-default elementor-section-height-default\" data-id=\"1d8d682\" data-element_type=\"section\" data-e-type=\"section\">\n\t\t\t\t\t\t<div class=\"elementor-container elementor-column-gap-default\">\n\t\t\t\t\t<div class=\"elementor-column elementor-col-100 elementor-top-column elementor-element elementor-element-657df31\" data-id=\"657df31\" data-element_type=\"column\" data-e-type=\"column\">\n\t\t\t<div class=\"elementor-widget-wrap elementor-element-populated\">\n\t\t\t\t\t\t<div class=\"elementor-element elementor-element-45ced56 elementor-widget elementor-widget-text-editor\" data-id=\"45ced56\" data-element_type=\"widget\" data-e-type=\"widget\" data-widget_type=\"text-editor.default\">\n\t\t\t\t<div class=\"elementor-widget-container\">\n\t\t\t\t\t\t\t\t\t<h3>Dimensions, habitabilit\u00e9 et volume de coffre<\/h3><p>Avec 4,03 m\u00e8tres, elle se faufile partout. Sa compacit\u00e9 garantit une <strong>agilit\u00e9 urbaine remarquable<\/strong>. Le rayon de braquage court facilite grandement les man\u0153uvres complexes en sous-sol.<\/p><p>Le volume int\u00e9rieur \u00e9tonne par sa g\u00e9n\u00e9rosit\u00e9. On ne se sent pas \u00e0 l&#8217;\u00e9troit malgr\u00e9 le format ext\u00e9rieur r\u00e9duit. <strong>L&#8217;espace est optimis\u00e9 pour accueillir confortablement cinq personnes<\/strong>.<\/p><p>Le coffre propose un <strong>volume g\u00e9n\u00e9reux de 441 litres<\/strong>. C&#8217;est largement suffisant pour les courses ou un week-end. L&#8217;usage familial est envisageable pour de courts trajets quotidiens.<\/p><h3>Mat\u00e9riaux durables et technologies embarqu\u00e9es<\/h3><p>L&#8217;habitacle utilise des mat\u00e9riaux recycl\u00e9s, notamment des polym\u00e8res et des fibres biosourc\u00e9es. Cupra prouve que <strong>l&#8217;\u00e9cologie peut \u00eatre esth\u00e9tique et haut de gamme<\/strong>. Ces textiles durables renforcent l&#8217;aspect moderne.<\/p><p>Le <strong>syst\u00e8me d&#8217;infodivertissement central de 12,9 pouces est fluide et tr\u00e8s intuitif<\/strong>. On y trouve toutes les aides \u00e0 la conduite modernes pour s\u00e9curiser vos trajets. La connectivit\u00e9 smartphone est \u00e9videmment int\u00e9gr\u00e9e de s\u00e9rie pour plus de confort.<\/p><p>Les jantes et les teintes de carrosserie permettent de <strong>cr\u00e9er un mod\u00e8le unique<\/strong>. Le style est personnalisable selon vos go\u00fbts. Vous pouvez ainsi affirmer votre personnalit\u00e9 sur la route.<\/p><h2 id=\"prix-cupra-raval-2026-accessibilite\">Quel est le prix de la Cupra Raval en 2026 ?<\/h2><p>Reste une question de taille : <strong>combien faudra-t-il d\u00e9bourser<\/strong> pour s&#8217;offrir cette petite bombe technologique espagnole ?<\/p><h3>Positionnement tarifaire et accessibilit\u00e9 financi\u00e8re<\/h3><p>Le prix d&#8217;entr\u00e9e est annonc\u00e9 d\u00e8s 25 995 euros pour la version 116 ch. Ce tarif psychologique marque un tournant. Cupra veut rendre l&#8217;<strong>\u00e9lectrique d\u00e9sirable et accessible<\/strong> au plus grand nombre.<\/p><p>Cette strat\u00e9gie favorise la d\u00e9mocratisation du segment. Ce prix concurrence directement les citadines thermiques bien \u00e9quip\u00e9es. Le <strong>calcul de rentabilit\u00e9 devient alors tr\u00e8s favorable<\/strong> pour l&#8217;acheteur moyen.<\/p><p><strong>L&#8217;\u00e9conomie \u00e0 l&#8217;usage est r\u00e9elle<\/strong> face au segment sup\u00e9rieur. Les frais d&#8217;entretien sont \u00e9galement r\u00e9duits.<\/p><h3>Une alternative s\u00e9rieuse face \u00e0 la concurrence<\/h3><p>La Cupra Raval se situe face \u00e0 la Renault 5. <strong>La bataille s&#8217;annonce rude<\/strong> sur le march\u00e9 europ\u00e9en. Chaque constructeur aff\u00fbte ses armes pour s\u00e9duire les citadins branch\u00e9s.<\/p><p>Nous pensons que <strong>son look audacieux attirera les conducteurs cherchant de l&#8217;originalit\u00e9<\/strong>. Consultez notre <a href=\"https:\/\/www.autosphere.fr\/blog\/top-voitures-electriques-2026\/\">classement des voitures \u00e9lectriques 2026<\/a> pour comparer les styles disponibles.<\/p><p>Design, autonomie et prix forment un <strong>trio gagnant<\/strong>. La Raval a tout pour r\u00e9ussir son lancement.<\/p><p>Avec son design UrbanRebel, 440 km d&#8217;autonomie et un prix d&#8217;environ 25 000 \u20ac, <strong>la Cupra Raval s&#8217;impose comme la citadine \u00e9lectrique 2026 incontournable<\/strong>. Pr\u00e9parez d\u00e8s maintenant votre transition vers cette mobilit\u00e9 sportive et accessible pour transformer vos trajets urbains. La r\u00e9volution \u00e9lectrique Cupra arrive bient\u00f4t chez Autosphere pour red\u00e9finir votre plaisir de conduire.<\/p>\t\t\t\t\t\t\t\t<\/div>\n\t\t\t\t<\/div>\n\t\t\t\t\t<\/div>\n\t\t<\/div>\n\t\t\t\t\t<\/div>\n\t\t<\/section>\n\t\t\t\t<\/div>\n\t\t","protected":false},"excerpt":{"rendered":"<p>Ce qu&#8217;il faut retenir : la Cupra Raval s&#8217;impose comme une citadine \u00e9lectrique audacieuse, alliant sportivit\u00e9 et accessibilit\u00e9. Ce mod\u00e8le de 4,05 m\u00e8tres offre une autonomie comp\u00e9titive de 440 km pour un prix d&#8217;entr\u00e9e d&#8217;environ 25 000 \u20ac. Profitez d&#8217;un int\u00e9rieur durable en mat\u00e9riaux recycl\u00e9s et d&#8217;un coffre g\u00e9n\u00e9reux de 441 litres, id\u00e9al pour vos [&hellip;]<\/p>\n","protected":false},"author":11,"featured_media":9465,"comment_status":"open","ping_status":"open","sticky":false,"template":"","format":"standard","meta":{"_acf_changed":false,"footnotes":""},"categories":[2],"tags":[],"marque":[],"class_list":["post-9459","post","type-post","status-publish","format-standard","has-post-thumbnail","hentry","category-actualites"],"acf":[],"yoast_head":"<!-- This site is optimized with the Yoast SEO plugin v27.2 - https:\/\/yoast.com\/product\/yoast-seo-wordpress\/ -->\n<title>Cupra Raval : la citadine \u00e9lectrique qui bouscule le march\u00e9 - Blog Autosphere<\/title>\n<meta name=\"description\" content=\"D\u00e9couvrez la nouvelle Cupra Raval 2026 : une citadine \u00e9lectrique de 440 km d&#039;autonomie pour 25 000 \u20ac. Design sportif et recharge rapide \u00e0 d\u00e9couvrir.\" \/>\n<meta name=\"robots\" content=\"index, follow, max-snippet:-1, max-image-preview:large, max-video-preview:-1\" \/>\n<link rel=\"canonical\" href=\"https:\/\/www.autosphere.fr\/blog\/cupra-raval-electrique-2026\/\" \/>\n<meta property=\"og:locale\" content=\"fr_FR\" \/>\n<meta property=\"og:type\" content=\"article\" \/>\n<meta property=\"og:title\" content=\"Cupra Raval : la citadine \u00e9lectrique qui bouscule le march\u00e9 - Blog Autosphere\" \/>\n<meta property=\"og:description\" content=\"D\u00e9couvrez la nouvelle Cupra Raval 2026 : une citadine \u00e9lectrique de 440 km d&#039;autonomie pour 25 000 \u20ac. Design sportif et recharge rapide \u00e0 d\u00e9couvrir.\" \/>\n<meta property=\"og:url\" content=\"https:\/\/www.autosphere.fr\/blog\/cupra-raval-electrique-2026\/\" \/>\n<meta property=\"og:site_name\" content=\"Blog Autosphere\" \/>\n<meta property=\"article:publisher\" content=\"https:\/\/www.facebook.com\/autosphere\" \/>\n<meta property=\"article:published_time\" content=\"2026-04-28T09:00:25+00:00\" \/>\n<meta property=\"og:image\" content=\"https:\/\/www.autosphere.fr\/blog\/wp-content\/uploads\/2026\/04\/001_CUPRA-Raval-Plasma__HQ-scaled.jpg\" \/>\n\t<meta property=\"og:image:width\" content=\"2560\" \/>\n\t<meta property=\"og:image:height\" content=\"1707\" \/>\n\t<meta property=\"og:image:type\" content=\"image\/jpeg\" \/>\n<meta name=\"author\" content=\"La r\u00e9daction autosphere\" \/>\n<meta name=\"twitter:card\" content=\"summary_large_image\" \/>\n<meta name=\"twitter:label1\" content=\"\u00c9crit par\" \/>\n\t<meta name=\"twitter:data1\" content=\"La r\u00e9daction autosphere\" \/>\n\t<meta name=\"twitter:label2\" content=\"Dur\u00e9e de lecture estim\u00e9e\" \/>\n\t<meta name=\"twitter:data2\" content=\"7 minutes\" \/>\n<!-- \/ Yoast SEO plugin. -->","yoast_head_json":{"title":"Cupra Raval : la citadine \u00e9lectrique qui bouscule le march\u00e9 - Blog Autosphere","description":"D\u00e9couvrez la nouvelle Cupra Raval 2026 : une citadine \u00e9lectrique de 440 km d'autonomie pour 25 000 \u20ac. Design sportif et recharge rapide \u00e0 d\u00e9couvrir.","robots":{"index":"index","follow":"follow","max-snippet":"max-snippet:-1","max-image-preview":"max-image-preview:large","max-video-preview":"max-video-preview:-1"},"canonical":"https:\/\/www.autosphere.fr\/blog\/cupra-raval-electrique-2026\/","og_locale":"fr_FR","og_type":"article","og_title":"Cupra Raval : la citadine \u00e9lectrique qui bouscule le march\u00e9 - Blog Autosphere","og_description":"D\u00e9couvrez la nouvelle Cupra Raval 2026 : une citadine \u00e9lectrique de 440 km d'autonomie pour 25 000 \u20ac. Design sportif et recharge rapide \u00e0 d\u00e9couvrir.","og_url":"https:\/\/www.autosphere.fr\/blog\/cupra-raval-electrique-2026\/","og_site_name":"Blog Autosphere","article_publisher":"https:\/\/www.facebook.com\/autosphere","article_published_time":"2026-04-28T09:00:25+00:00","og_image":[{"width":2560,"height":1707,"url":"https:\/\/www.autosphere.fr\/blog\/wp-content\/uploads\/2026\/04\/001_CUPRA-Raval-Plasma__HQ-scaled.jpg","type":"image\/jpeg"}],"author":"La r\u00e9daction autosphere","twitter_card":"summary_large_image","twitter_misc":{"\u00c9crit par":"La r\u00e9daction autosphere","Dur\u00e9e de lecture estim\u00e9e":"7 minutes"},"schema":{"@context":"https:\/\/schema.org","@graph":[{"@type":"Article","@id":"https:\/\/www.autosphere.fr\/blog\/cupra-raval-electrique-2026\/#article","isPartOf":{"@id":"https:\/\/www.autosphere.fr\/blog\/cupra-raval-electrique-2026\/"},"author":{"name":"La r\u00e9daction autosphere","@id":"https:\/\/www.autosphere.fr\/blog\/#\/schema\/person\/76d1ce22eac63a2fea648bf6b19f8e18"},"headline":"Cupra Raval : la citadine \u00e9lectrique qui bouscule le march\u00e9","datePublished":"2026-04-28T09:00:25+00:00","mainEntityOfPage":{"@id":"https:\/\/www.autosphere.fr\/blog\/cupra-raval-electrique-2026\/"},"wordCount":1283,"commentCount":0,"publisher":{"@id":"https:\/\/www.autosphere.fr\/blog\/#organization"},"image":{"@id":"https:\/\/www.autosphere.fr\/blog\/cupra-raval-electrique-2026\/#primaryimage"},"thumbnailUrl":"https:\/\/www.autosphere.fr\/blog\/wp-content\/uploads\/2026\/04\/001_CUPRA-Raval-Plasma__HQ-scaled.jpg","articleSection":["Actualit\u00e9s"],"inLanguage":"fr-FR","potentialAction":[{"@type":"CommentAction","name":"Comment","target":["https:\/\/www.autosphere.fr\/blog\/cupra-raval-electrique-2026\/#respond"]}]},{"@type":"WebPage","@id":"https:\/\/www.autosphere.fr\/blog\/cupra-raval-electrique-2026\/","url":"https:\/\/www.autosphere.fr\/blog\/cupra-raval-electrique-2026\/","name":"Cupra Raval : la citadine \u00e9lectrique qui bouscule le march\u00e9 - Blog Autosphere","isPartOf":{"@id":"https:\/\/www.autosphere.fr\/blog\/#website"},"primaryImageOfPage":{"@id":"https:\/\/www.autosphere.fr\/blog\/cupra-raval-electrique-2026\/#primaryimage"},"image":{"@id":"https:\/\/www.autosphere.fr\/blog\/cupra-raval-electrique-2026\/#primaryimage"},"thumbnailUrl":"https:\/\/www.autosphere.fr\/blog\/wp-content\/uploads\/2026\/04\/001_CUPRA-Raval-Plasma__HQ-scaled.jpg","datePublished":"2026-04-28T09:00:25+00:00","description":"D\u00e9couvrez la nouvelle Cupra Raval 2026 : une citadine \u00e9lectrique de 440 km d'autonomie pour 25 000 \u20ac. Design sportif et recharge rapide \u00e0 d\u00e9couvrir.","breadcrumb":{"@id":"https:\/\/www.autosphere.fr\/blog\/cupra-raval-electrique-2026\/#breadcrumb"},"inLanguage":"fr-FR","potentialAction":[{"@type":"ReadAction","target":["https:\/\/www.autosphere.fr\/blog\/cupra-raval-electrique-2026\/"]}]},{"@type":"ImageObject","inLanguage":"fr-FR","@id":"https:\/\/www.autosphere.fr\/blog\/cupra-raval-electrique-2026\/#primaryimage","url":"https:\/\/www.autosphere.fr\/blog\/wp-content\/uploads\/2026\/04\/001_CUPRA-Raval-Plasma__HQ-scaled.jpg","contentUrl":"https:\/\/www.autosphere.fr\/blog\/wp-content\/uploads\/2026\/04\/001_CUPRA-Raval-Plasma__HQ-scaled.jpg","width":2560,"height":1707},{"@type":"BreadcrumbList","@id":"https:\/\/www.autosphere.fr\/blog\/cupra-raval-electrique-2026\/#breadcrumb","itemListElement":[{"@type":"ListItem","position":1,"name":"Accueil","item":"https:\/\/www.autosphere.fr\/blog\/"},{"@type":"ListItem","position":2,"name":"Cupra Raval : la citadine \u00e9lectrique qui bouscule le march\u00e9"}]},{"@type":"WebSite","@id":"https:\/\/www.autosphere.fr\/blog\/#website","url":"https:\/\/www.autosphere.fr\/blog\/","name":"Blog Autosphere","description":"","publisher":{"@id":"https:\/\/www.autosphere.fr\/blog\/#organization"},"potentialAction":[{"@type":"SearchAction","target":{"@type":"EntryPoint","urlTemplate":"https:\/\/www.autosphere.fr\/blog\/?s={search_term_string}"},"query-input":{"@type":"PropertyValueSpecification","valueRequired":true,"valueName":"search_term_string"}}],"inLanguage":"fr-FR"},{"@type":"Organization","@id":"https:\/\/www.autosphere.fr\/blog\/#organization","name":"Blog Autosphere","url":"https:\/\/www.autosphere.fr\/blog\/","logo":{"@type":"ImageObject","inLanguage":"fr-FR","@id":"https:\/\/www.autosphere.fr\/blog\/#\/schema\/logo\/image\/","url":"https:\/\/www.autosphere.fr\/blog\/wp-content\/uploads\/2022\/11\/le-blog-autosphere.png","contentUrl":"https:\/\/www.autosphere.fr\/blog\/wp-content\/uploads\/2022\/11\/le-blog-autosphere.png","width":241,"height":35,"caption":"Blog Autosphere"},"image":{"@id":"https:\/\/www.autosphere.fr\/blog\/#\/schema\/logo\/image\/"},"sameAs":["https:\/\/www.facebook.com\/autosphere","https:\/\/www.instagram.com\/autosphere"]},{"@type":"Person","@id":"https:\/\/www.autosphere.fr\/blog\/#\/schema\/person\/76d1ce22eac63a2fea648bf6b19f8e18","name":"La r\u00e9daction autosphere","url":"https:\/\/www.autosphere.fr\/blog\/author\/oceane-bodereau\/"}]}},"_links":{"self":[{"href":"https:\/\/www.autosphere.fr\/blog\/wp-json\/wp\/v2\/posts\/9459","targetHints":{"allow":["GET"]}}],"collection":[{"href":"https:\/\/www.autosphere.fr\/blog\/wp-json\/wp\/v2\/posts"}],"about":[{"href":"https:\/\/www.autosphere.fr\/blog\/wp-json\/wp\/v2\/types\/post"}],"author":[{"embeddable":true,"href":"https:\/\/www.autosphere.fr\/blog\/wp-json\/wp\/v2\/users\/11"}],"replies":[{"embeddable":true,"href":"https:\/\/www.autosphere.fr\/blog\/wp-json\/wp\/v2\/comments?post=9459"}],"version-history":[{"count":6,"href":"https:\/\/www.autosphere.fr\/blog\/wp-json\/wp\/v2\/posts\/9459\/revisions"}],"predecessor-version":[{"id":9469,"href":"https:\/\/www.autosphere.fr\/blog\/wp-json\/wp\/v2\/posts\/9459\/revisions\/9469"}],"wp:featuredmedia":[{"embeddable":true,"href":"https:\/\/www.autosphere.fr\/blog\/wp-json\/wp\/v2\/media\/9465"}],"wp:attachment":[{"href":"https:\/\/www.autosphere.fr\/blog\/wp-json\/wp\/v2\/media?parent=9459"}],"wp:term":[{"taxonomy":"category","embeddable":true,"href":"https:\/\/www.autosphere.fr\/blog\/wp-json\/wp\/v2\/categories?post=9459"},{"taxonomy":"post_tag","embeddable":true,"href":"https:\/\/www.autosphere.fr\/blog\/wp-json\/wp\/v2\/tags?post=9459"},{"taxonomy":"marque","embeddable":true,"href":"https:\/\/www.autosphere.fr\/blog\/wp-json\/wp\/v2\/marque?post=9459"}],"curies":[{"name":"wp","href":"https:\/\/api.w.org\/{rel}","templated":true}]}}