{"id":984,"date":"2014-05-16T10:39:44","date_gmt":"2014-05-16T08:39:44","guid":{"rendered":"https:\/\/blogautosphere.creatic-agency.fr\/avoir-acces-aux-cameras-de-surveillance-dans-votre-mercedes\/"},"modified":"2022-11-22T11:16:05","modified_gmt":"2022-11-22T09:16:05","slug":"avoir-acces-aux-cameras-de-surveillance-dans-votre-mercedes","status":"publish","type":"post","link":"https:\/\/www.autosphere.fr\/blog\/avoir-acces-aux-cameras-de-surveillance-dans-votre-mercedes\/","title":{"rendered":"Avoir acc\u00e8s aux cam\u00e9ras de surveillance dans votre Mercedes."},"content":{"rendered":"<div class=\"custom-post-container\">\n<p style=\"text-align: justify;\">Il arrive parfois que les applications d\u2019info trafic ne soient pas totalement fiables. Du rouge quand le trafic est fluide ou du vert quand il y a en r\u00e9alit\u00e9 un bouchon de plusieurs kilom\u00e8tres. Question de mise \u00e0 jour des donn\u00e9es\u2026 Fallait-il pour autant permettre \u00e0 l\u2019automobiliste de v\u00e9rifier par lui-m\u00eame la v\u00e9racit\u00e9 des cartes en se connectant aux cam\u00e9ras de surveillance des routes ? En Am\u00e9rique du Nord, Mercedes a r\u00e9pondu oui en proposant les services de Vizzion (un site permettant la connexion \u00e0 des milliers de cam\u00e9ras de surveillance dans 24 pays) via son offre de connectivit\u00e9 Mbrace2. Il y a un m\u00eame une offre d\u2019essai de trois mois gratuits !<\/p>\n<p style=\"text-align: justify;\">L\u2019\u00e9cran du syst\u00e8me multim\u00e9dia affichera ainsi les images des cam\u00e9ras de s\u00e9curit\u00e9 \u00e0 proximit\u00e9. Un syst\u00e8me futile, voire dangereux puisqu\u2019il participe potentiellement \u00e0 la distraction du conducteur de l\u2019essentiel\u2026 la route !<\/p>\n<\/div>\n","protected":false},"excerpt":{"rendered":"<p>Il arrive parfois que les applications d\u2019info trafic ne soient pas totalement fiables. Du rouge quand le trafic est fluide ou du vert quand il y a en r\u00e9alit\u00e9 un bouchon de plusieurs kilom\u00e8tres. Question de mise \u00e0 jour des donn\u00e9es\u2026 Fallait-il pour autant permettre \u00e0 l\u2019automobiliste de v\u00e9rifier par lui-m\u00eame la v\u00e9racit\u00e9 des cartes [&hellip;]<\/p>\n","protected":false},"author":3,"featured_media":985,"comment_status":"open","ping_status":"open","sticky":false,"template":"","format":"standard","meta":{"_acf_changed":false,"footnotes":""},"categories":[4],"tags":[],"marque":[49],"class_list":["post-984","post","type-post","status-publish","format-standard","has-post-thumbnail","hentry","category-innovations","marque-mercedes-benz"],"acf":[],"yoast_head":"<!-- This site is optimized with the Yoast SEO plugin v27.2 - https:\/\/yoast.com\/product\/yoast-seo-wordpress\/ -->\n<title>Avoir acc\u00e8s aux cam\u00e9ras de surveillance dans votre Mercedes. - Blog Autosphere<\/title>\n<meta name=\"robots\" content=\"index, follow, max-snippet:-1, max-image-preview:large, max-video-preview:-1\" \/>\n<link rel=\"canonical\" href=\"https:\/\/www.autosphere.fr\/blog\/avoir-acces-aux-cameras-de-surveillance-dans-votre-mercedes\/\" \/>\n<meta property=\"og:locale\" content=\"fr_FR\" \/>\n<meta property=\"og:type\" content=\"article\" \/>\n<meta property=\"og:title\" content=\"Avoir acc\u00e8s aux cam\u00e9ras de surveillance dans votre Mercedes. - Blog Autosphere\" \/>\n<meta property=\"og:description\" content=\"Il arrive parfois que les applications d\u2019info trafic ne soient pas totalement fiables. Du rouge quand le trafic est fluide ou du vert quand il y a en r\u00e9alit\u00e9 un bouchon de plusieurs kilom\u00e8tres. Question de mise \u00e0 jour des donn\u00e9es\u2026 Fallait-il pour autant permettre \u00e0 l\u2019automobiliste de v\u00e9rifier par lui-m\u00eame la v\u00e9racit\u00e9 des cartes [&hellip;]\" \/>\n<meta property=\"og:url\" content=\"https:\/\/www.autosphere.fr\/blog\/avoir-acces-aux-cameras-de-surveillance-dans-votre-mercedes\/\" \/>\n<meta property=\"og:site_name\" content=\"Blog Autosphere\" \/>\n<meta property=\"article:publisher\" content=\"https:\/\/www.facebook.com\/autosphere\" \/>\n<meta property=\"article:published_time\" content=\"2014-05-16T08:39:44+00:00\" \/>\n<meta property=\"article:modified_time\" content=\"2022-11-22T09:16:05+00:00\" \/>\n<meta property=\"og:image\" content=\"https:\/\/www.autosphere.fr\/blog\/wp-content\/uploads\/2022\/11\/b49f1deac6396954ba3f62094379cfb7.jpg\" \/>\n\t<meta property=\"og:image:width\" content=\"400\" \/>\n\t<meta property=\"og:image:height\" content=\"210\" \/>\n\t<meta property=\"og:image:type\" content=\"image\/jpeg\" \/>\n<meta name=\"author\" content=\"Florent CHEDOZEAU\" \/>\n<meta name=\"twitter:card\" content=\"summary_large_image\" \/>\n<meta name=\"twitter:label1\" content=\"\u00c9crit par\" \/>\n\t<meta name=\"twitter:data1\" content=\"Florent CHEDOZEAU\" \/>\n\t<meta name=\"twitter:label2\" content=\"Dur\u00e9e de lecture estim\u00e9e\" \/>\n\t<meta name=\"twitter:data2\" content=\"1 minute\" \/>\n<!-- \/ Yoast SEO plugin. -->","yoast_head_json":{"title":"Avoir acc\u00e8s aux cam\u00e9ras de surveillance dans votre Mercedes. - Blog Autosphere","robots":{"index":"index","follow":"follow","max-snippet":"max-snippet:-1","max-image-preview":"max-image-preview:large","max-video-preview":"max-video-preview:-1"},"canonical":"https:\/\/www.autosphere.fr\/blog\/avoir-acces-aux-cameras-de-surveillance-dans-votre-mercedes\/","og_locale":"fr_FR","og_type":"article","og_title":"Avoir acc\u00e8s aux cam\u00e9ras de surveillance dans votre Mercedes. - Blog Autosphere","og_description":"Il arrive parfois que les applications d\u2019info trafic ne soient pas totalement fiables. Du rouge quand le trafic est fluide ou du vert quand il y a en r\u00e9alit\u00e9 un bouchon de plusieurs kilom\u00e8tres. Question de mise \u00e0 jour des donn\u00e9es\u2026 Fallait-il pour autant permettre \u00e0 l\u2019automobiliste de v\u00e9rifier par lui-m\u00eame la v\u00e9racit\u00e9 des cartes [&hellip;]","og_url":"https:\/\/www.autosphere.fr\/blog\/avoir-acces-aux-cameras-de-surveillance-dans-votre-mercedes\/","og_site_name":"Blog Autosphere","article_publisher":"https:\/\/www.facebook.com\/autosphere","article_published_time":"2014-05-16T08:39:44+00:00","article_modified_time":"2022-11-22T09:16:05+00:00","og_image":[{"width":400,"height":210,"url":"https:\/\/www.autosphere.fr\/blog\/wp-content\/uploads\/2022\/11\/b49f1deac6396954ba3f62094379cfb7.jpg","type":"image\/jpeg"}],"author":"Florent CHEDOZEAU","twitter_card":"summary_large_image","twitter_misc":{"\u00c9crit par":"Florent CHEDOZEAU","Dur\u00e9e de lecture estim\u00e9e":"1 minute"},"schema":{"@context":"https:\/\/schema.org","@graph":[{"@type":"Article","@id":"https:\/\/www.autosphere.fr\/blog\/avoir-acces-aux-cameras-de-surveillance-dans-votre-mercedes\/#article","isPartOf":{"@id":"https:\/\/www.autosphere.fr\/blog\/avoir-acces-aux-cameras-de-surveillance-dans-votre-mercedes\/"},"author":{"name":"Florent CHEDOZEAU","@id":"https:\/\/www.autosphere.fr\/blog\/#\/schema\/person\/157d3ac8c260cc43fa708dbfa8fe558d"},"headline":"Avoir acc\u00e8s aux cam\u00e9ras de surveillance dans votre Mercedes.","datePublished":"2014-05-16T08:39:44+00:00","dateModified":"2022-11-22T09:16:05+00:00","mainEntityOfPage":{"@id":"https:\/\/www.autosphere.fr\/blog\/avoir-acces-aux-cameras-de-surveillance-dans-votre-mercedes\/"},"wordCount":169,"commentCount":0,"publisher":{"@id":"https:\/\/www.autosphere.fr\/blog\/#organization"},"image":{"@id":"https:\/\/www.autosphere.fr\/blog\/avoir-acces-aux-cameras-de-surveillance-dans-votre-mercedes\/#primaryimage"},"thumbnailUrl":"https:\/\/www.autosphere.fr\/blog\/wp-content\/uploads\/2022\/11\/b49f1deac6396954ba3f62094379cfb7.jpg","articleSection":["Innovations"],"inLanguage":"fr-FR","potentialAction":[{"@type":"CommentAction","name":"Comment","target":["https:\/\/www.autosphere.fr\/blog\/avoir-acces-aux-cameras-de-surveillance-dans-votre-mercedes\/#respond"]}]},{"@type":"WebPage","@id":"https:\/\/www.autosphere.fr\/blog\/avoir-acces-aux-cameras-de-surveillance-dans-votre-mercedes\/","url":"https:\/\/www.autosphere.fr\/blog\/avoir-acces-aux-cameras-de-surveillance-dans-votre-mercedes\/","name":"Avoir acc\u00e8s aux cam\u00e9ras de surveillance dans votre Mercedes. - Blog Autosphere","isPartOf":{"@id":"https:\/\/www.autosphere.fr\/blog\/#website"},"primaryImageOfPage":{"@id":"https:\/\/www.autosphere.fr\/blog\/avoir-acces-aux-cameras-de-surveillance-dans-votre-mercedes\/#primaryimage"},"image":{"@id":"https:\/\/www.autosphere.fr\/blog\/avoir-acces-aux-cameras-de-surveillance-dans-votre-mercedes\/#primaryimage"},"thumbnailUrl":"https:\/\/www.autosphere.fr\/blog\/wp-content\/uploads\/2022\/11\/b49f1deac6396954ba3f62094379cfb7.jpg","datePublished":"2014-05-16T08:39:44+00:00","dateModified":"2022-11-22T09:16:05+00:00","breadcrumb":{"@id":"https:\/\/www.autosphere.fr\/blog\/avoir-acces-aux-cameras-de-surveillance-dans-votre-mercedes\/#breadcrumb"},"inLanguage":"fr-FR","potentialAction":[{"@type":"ReadAction","target":["https:\/\/www.autosphere.fr\/blog\/avoir-acces-aux-cameras-de-surveillance-dans-votre-mercedes\/"]}]},{"@type":"ImageObject","inLanguage":"fr-FR","@id":"https:\/\/www.autosphere.fr\/blog\/avoir-acces-aux-cameras-de-surveillance-dans-votre-mercedes\/#primaryimage","url":"https:\/\/www.autosphere.fr\/blog\/wp-content\/uploads\/2022\/11\/b49f1deac6396954ba3f62094379cfb7.jpg","contentUrl":"https:\/\/www.autosphere.fr\/blog\/wp-content\/uploads\/2022\/11\/b49f1deac6396954ba3f62094379cfb7.jpg","width":400,"height":210},{"@type":"BreadcrumbList","@id":"https:\/\/www.autosphere.fr\/blog\/avoir-acces-aux-cameras-de-surveillance-dans-votre-mercedes\/#breadcrumb","itemListElement":[{"@type":"ListItem","position":1,"name":"Accueil","item":"https:\/\/www.autosphere.fr\/blog\/"},{"@type":"ListItem","position":2,"name":"Avoir acc\u00e8s aux cam\u00e9ras de surveillance dans votre Mercedes."}]},{"@type":"WebSite","@id":"https:\/\/www.autosphere.fr\/blog\/#website","url":"https:\/\/www.autosphere.fr\/blog\/","name":"Blog Autosphere","description":"","publisher":{"@id":"https:\/\/www.autosphere.fr\/blog\/#organization"},"potentialAction":[{"@type":"SearchAction","target":{"@type":"EntryPoint","urlTemplate":"https:\/\/www.autosphere.fr\/blog\/?s={search_term_string}"},"query-input":{"@type":"PropertyValueSpecification","valueRequired":true,"valueName":"search_term_string"}}],"inLanguage":"fr-FR"},{"@type":"Organization","@id":"https:\/\/www.autosphere.fr\/blog\/#organization","name":"Blog Autosphere","url":"https:\/\/www.autosphere.fr\/blog\/","logo":{"@type":"ImageObject","inLanguage":"fr-FR","@id":"https:\/\/www.autosphere.fr\/blog\/#\/schema\/logo\/image\/","url":"https:\/\/www.autosphere.fr\/blog\/wp-content\/uploads\/2022\/11\/le-blog-autosphere.png","contentUrl":"https:\/\/www.autosphere.fr\/blog\/wp-content\/uploads\/2022\/11\/le-blog-autosphere.png","width":241,"height":35,"caption":"Blog Autosphere"},"image":{"@id":"https:\/\/www.autosphere.fr\/blog\/#\/schema\/logo\/image\/"},"sameAs":["https:\/\/www.facebook.com\/autosphere","https:\/\/www.instagram.com\/autosphere"]},{"@type":"Person","@id":"https:\/\/www.autosphere.fr\/blog\/#\/schema\/person\/157d3ac8c260cc43fa708dbfa8fe558d","name":"Florent CHEDOZEAU","url":"https:\/\/www.autosphere.fr\/blog\/author\/florent-chedozeau\/"}]}},"_links":{"self":[{"href":"https:\/\/www.autosphere.fr\/blog\/wp-json\/wp\/v2\/posts\/984","targetHints":{"allow":["GET"]}}],"collection":[{"href":"https:\/\/www.autosphere.fr\/blog\/wp-json\/wp\/v2\/posts"}],"about":[{"href":"https:\/\/www.autosphere.fr\/blog\/wp-json\/wp\/v2\/types\/post"}],"author":[{"embeddable":true,"href":"https:\/\/www.autosphere.fr\/blog\/wp-json\/wp\/v2\/users\/3"}],"replies":[{"embeddable":true,"href":"https:\/\/www.autosphere.fr\/blog\/wp-json\/wp\/v2\/comments?post=984"}],"version-history":[{"count":1,"href":"https:\/\/www.autosphere.fr\/blog\/wp-json\/wp\/v2\/posts\/984\/revisions"}],"predecessor-version":[{"id":3671,"href":"https:\/\/www.autosphere.fr\/blog\/wp-json\/wp\/v2\/posts\/984\/revisions\/3671"}],"wp:featuredmedia":[{"embeddable":true,"href":"https:\/\/www.autosphere.fr\/blog\/wp-json\/wp\/v2\/media\/985"}],"wp:attachment":[{"href":"https:\/\/www.autosphere.fr\/blog\/wp-json\/wp\/v2\/media?parent=984"}],"wp:term":[{"taxonomy":"category","embeddable":true,"href":"https:\/\/www.autosphere.fr\/blog\/wp-json\/wp\/v2\/categories?post=984"},{"taxonomy":"post_tag","embeddable":true,"href":"https:\/\/www.autosphere.fr\/blog\/wp-json\/wp\/v2\/tags?post=984"},{"taxonomy":"marque","embeddable":true,"href":"https:\/\/www.autosphere.fr\/blog\/wp-json\/wp\/v2\/marque?post=984"}],"curies":[{"name":"wp","href":"https:\/\/api.w.org\/{rel}","templated":true}]}}